{"id":962,"count":1,"description":"","link":"https:\/\/gazetaregionalna.com\/?tag=zolta-i-czerwona-strefa","name":"\u017c\u00f3\u0142ta i czerwona strefa","slug":"zolta-i-czerwona-strefa","taxonomy":"post_tag","meta":[],"_links":{"self":[{"href":"https:\/\/gazetaregionalna.com\/index.php?rest_route=\/wp\/v2\/tags\/962","targetHints":{"allow":["GET"]}}],"collection":[{"href":"https:\/\/gazetaregionalna.com\/index.php?rest_route=\/wp\/v2\/tags"}],"about":[{"href":"https:\/\/gazetaregionalna.com\/index.php?rest_route=\/wp\/v2\/taxonomies\/post_tag"}],"wp:post_type":[{"href":"https:\/\/gazetaregionalna.com\/index.php?rest_route=%2Fwp%2Fv2%2Fposts&tags=962"}],"curies":[{"name":"wp","href":"https:\/\/api.w.org\/{rel}","templated":true}]}}