{"id":3883,"count":1,"description":"","link":"https:\/\/gazetaregionalna.com\/?tag=miedzynarodowy-dzien-pamieci-o-ofiarach-holokaustu","name":"Mi\u0119dzynarodowy Dzie\u0144 Pami\u0119ci o Ofiarach Holokaustu","slug":"miedzynarodowy-dzien-pamieci-o-ofiarach-holokaustu","taxonomy":"post_tag","meta":[],"_links":{"self":[{"href":"https:\/\/gazetaregionalna.com\/index.php?rest_route=\/wp\/v2\/tags\/3883","targetHints":{"allow":["GET"]}}],"collection":[{"href":"https:\/\/gazetaregionalna.com\/index.php?rest_route=\/wp\/v2\/tags"}],"about":[{"href":"https:\/\/gazetaregionalna.com\/index.php?rest_route=\/wp\/v2\/taxonomies\/post_tag"}],"wp:post_type":[{"href":"https:\/\/gazetaregionalna.com\/index.php?rest_route=%2Fwp%2Fv2%2Fposts&tags=3883"}],"curies":[{"name":"wp","href":"https:\/\/api.w.org\/{rel}","templated":true}]}}