{"id":99956,"date":"2023-01-26T15:41:56","date_gmt":"2023-01-26T15:41:56","guid":{"rendered":"https:\/\/gazetaregionalna.com\/?p=99956"},"modified":"2023-01-27T13:23:24","modified_gmt":"2023-01-27T13:23:24","slug":"rakow-rozpoczyna-walke-o-historyczne-mistrzostw-polski-i-lige-mistrzow","status":"publish","type":"post","link":"https:\/\/gazetaregionalna.com\/?p=99956","title":{"rendered":"Rak\u00f3w rozpoczyna walk\u0119 o historyczne mistrzostwo Polski i &#8230;Lig\u0119 Mistrz\u00f3w!"},"content":{"rendered":"\n<p>Po dw\u00f3ch wicemistrzostwa Polski z rz\u0119du czas si\u0119gn\u0105\u0107 po koron\u0119 i z\u0142ote medale w PKO BP Ekstraklasie. Rak\u00f3w Cz\u0119stochowa przed startem rundy wiosennej ma a\u017c 9 punkt\u00f3w przewagi nad wiceliderem Legi\u0105 Warszawa i jest na dobrej drodze po pierwsze mistrzostwo Polski. Pierwszy mecz czerwono-niebiescy rozegraj\u0105 w sobot\u0119 w Grodzisku Wielkopolskim z Wart\u0105 Pozna\u0144.<\/p>\n\n\n\n<p>Pi\u0142karze Rakowa zako\u0144czyli przerw\u0119 i w sobot\u0119 w Grodzisku Wielkopolskim wznowi\u0105 rozgrywki w PKO BP Ekstraklasie. W pierwszym meczu rundy wiosennej zmierz\u0105 si\u0119 w Grodzisku Wielkopolskim z Wart\u0105 Pozna\u0144, kt\u00f3r\u0105 pokonali w 1. kolejce przy Limanowskiego 1:0.<\/p>\n\n\n\n<p>Rak\u00f3w ostatni oficjalny mecz w PKO BP Ekstraklasie rozegra\u0142 12 listopada 2022 roku, gdy wygra\u0142 w Lubinie z Zag\u0142\u0119biem 2:1. P\u00f3\u017aniej rozpocz\u0119\u0142a si\u0119 bardzo d\u0142uga przerwa spowodowana mistrzostwami \u015awiata w Katarze, \u015bwi\u0119tami, nowy rokiem i zim\u0105. Czerwono-niebiescy wykorzystali przerw\u0119 mi\u0119dzy rundami na dwa zgrupowania. Pierwsze odby\u0142o si\u0119 w Holandii, gdzie Rak\u00f3w jeszcze w grudniu rozegra\u0142 3 sparingi. Drugie i najwa\u017cniejsze, bo trwaj\u0105ce prawie 3 tygodnie zorganizowano zawodnikom Rakowa w Turcji. Lider PKO BP Ekstraklasy rozegra\u0142 w Belek cztery mecze kontrolne. Pokona\u0142 Qarabach Agdam, FCSB i SK Dnipro-1 oraz zremisowa\u0142 z Olimpi\u0105 Lublana&#8230; Wyniki \u015bwiadcz\u0105 o dobry przygotowaniu cz\u0119stochowskiej dru\u017cyny&#8230;<\/p>\n\n\n\n<p>Dzia\u0142acze i trenerzy Rakowa niezwykle profesjonalnie podchodz\u0105 do rozpocz\u0119cia rundy wiosennej i walki o upragnione i pierwsze mistrzostwo Polski, kt\u00f3re b\u0119dzie przepustk\u0105 do eliminacji do Ligi Mistrz\u00f3w. Nawet przed sobotnim meczem z Wart\u0105 Pozna\u0144 dru\u017cyna wyjecha\u0142a na mini-zgrupowanie, by jak najlepiej przygotowa\u0107 si\u0119 do meczu z Wart\u0105 i udanie rozpocz\u0105\u0107 pi\u0142karsk\u0105 wiosn\u0119. Rak\u00f3w w dw\u00f3ch ostatnich sezonach wywalczy\u0142 dwa razy Puchar Polski, dwa razy wicemistrzostwo Polski oraz dwa razy SuperPuchar Polski. Teraz wszystko zosta\u0142o podporz\u0105dkowane pod walk\u0119 o pierwsze i historyczne mistrzostwo Polski. Z kadry Rakowa z wa\u017cniejszych zawodnik\u00f3w odeszli Deian Sorescu (FCSB Bukareszt) i Andrzej Niewulis (Mied\u017a Legnica). Do Rakowa trafili Jean Carlos Silva (z Pogoni Szczecin) i Adrian Gryszkiewicz (z FC Paderborn). Tak wi\u0119c Rak\u00f3w zagra w praktycznie niezmienionym sk\u0142adzie, kt\u00f3ry w rundzie jesiennej wywalczy\u0142 13 zwyci\u0119stw, 2 remisy i dozna\u0142 tylko 2 pora\u017cek.<\/p>\n\n\n\n<p>Po 17 meczach rundy jesiennej Rak\u00f3w ma 9 punkt\u00f3w przewagi nad 2. Legi\u0105 Warszawa. Wa\u017cny jest pocz\u0105tek rundy wiosennej, aby dobrze zacz\u0105\u0107 rozgrywki, wygra\u0107 mecze i utrzyma\u0107 b\u0105d\u017a powi\u0119kszy\u0107 przewag\u0119 nad konkurencj\u0105&#8230;<\/p>\n\n\n\n<p>Warta po 17 kolejkach zajmuje 9. miejsce. Ma 25 punkt\u00f3w i traci 16 \u201eoczek\u201d do Rakowa. Warta w rundzie jesiennej u siebie prezentowa\u0142a si\u0119 przeci\u0119tnie. Z 8 mecz\u00f3w wygra\u0142a jeden, trzy zremisowa\u0142a i a\u017c cztery przegra\u0142a. Zdecydowanie lepiej prezentowa\u0142a si\u0119 na wyjazdach, gdzie odnios\u0142a a\u017c 6 zwyci\u0119stw, odnotowa\u0142a 1 remis i dozna\u0142a tylko 2 pora\u017cek, w tym jedn\u0105 w Cz\u0119stochowie&#8230;<\/p>\n\n\n\n<p>Rak\u00f3w ma a\u017c 9 punkt\u00f3w przewagi nad konkurencj\u0105 i wydaje si\u0119, \u017ce jest bardzo blisko upragnionego mistrzostwa Polski. W tak dobrze zarz\u0105dzanym i prowadzonym klubie tylko jaki\u015b \u201ekataklizm\u201d m\u00f3g\u0142by sprawi\u0107, \u017ce z\u0142ote medale PKO BP Ekstraklasy zawisn\u0105 na szyjach innych zawodnik\u00f3w. Kibice Rakowa licz\u0105 jednak, \u017ce to b\u0119dzie kolejny rok obfituj\u0105cy w sukcesy czyli Puchar Polski, historyczne mistrzostwo Polski i debiut w eliminacjach do Ligi Mistrz\u00f3w&#8230;<\/p>\n\n\n\n<p><strong>MR-K<\/strong>, fot: <strong>AK<\/strong><\/p>\n\n\n\n<p>Partnerami relacji s\u0105: DMK Invest Materia\u0142y budowlane Konopiska<\/p>\n\n\n\n<p>mik-stal.pl<\/p>\n\n\n\n<p><\/p>\n\n\n\n<figure class=\"wp-block-image size-large\"><img decoding=\"async\" width=\"1024\" height=\"683\" data-src=\"https:\/\/gazetaregionalna.com\/wp-content\/uploads\/2022\/11\/Pogon-Rakow-36-1024x683.jpg\" alt=\"\" class=\"wp-image-96378 lazyload\" data-srcset=\"https:\/\/gazetaregionalna.com\/wp-content\/uploads\/2022\/11\/Pogon-Rakow-36-1024x683.jpg 1024w, https:\/\/gazetaregionalna.com\/wp-content\/uploads\/2022\/11\/Pogon-Rakow-36-300x200.jpg 300w, https:\/\/gazetaregionalna.com\/wp-content\/uploads\/2022\/11\/Pogon-Rakow-36-768x512.jpg 768w, https:\/\/gazetaregionalna.com\/wp-content\/uploads\/2022\/11\/Pogon-Rakow-36-1536x1024.jpg 1536w, https:\/\/gazetaregionalna.com\/wp-content\/uploads\/2022\/11\/Pogon-Rakow-36-2048x1365.jpg 2048w, https:\/\/gazetaregionalna.com\/wp-content\/uploads\/2022\/11\/Pogon-Rakow-36-696x464.jpg 696w, https:\/\/gazetaregionalna.com\/wp-content\/uploads\/2022\/11\/Pogon-Rakow-36-1068x712.jpg 1068w, https:\/\/gazetaregionalna.com\/wp-content\/uploads\/2022\/11\/Pogon-Rakow-36-1920x1280.jpg 1920w, https:\/\/gazetaregionalna.com\/wp-content\/uploads\/2022\/11\/Pogon-Rakow-36-630x420.jpg 630w, https:\/\/gazetaregionalna.com\/wp-content\/uploads\/2022\/11\/Pogon-Rakow-36-scaled.jpg 1600w\" data-sizes=\"(max-width: 1024px) 100vw, 1024px\" src=\"data:image\/svg+xml;base64,PHN2ZyB3aWR0aD0iMSIgaGVpZ2h0PSIxIiB4bWxucz0iaHR0cDovL3d3dy53My5vcmcvMjAwMC9zdmciPjwvc3ZnPg==\" style=\"--smush-placeholder-width: 1024px; --smush-placeholder-aspect-ratio: 1024\/683;\" \/><\/figure>\n\n\n\n<figure class=\"wp-block-image size-large\"><img decoding=\"async\" width=\"1024\" height=\"683\" data-src=\"https:\/\/gazetaregionalna.com\/wp-content\/uploads\/2022\/11\/Pogon-Rakow-000-1024x683.jpg\" alt=\"\" class=\"wp-image-96371 lazyload\" data-srcset=\"https:\/\/gazetaregionalna.com\/wp-content\/uploads\/2022\/11\/Pogon-Rakow-000-1024x683.jpg 1024w, https:\/\/gazetaregionalna.com\/wp-content\/uploads\/2022\/11\/Pogon-Rakow-000-300x200.jpg 300w, https:\/\/gazetaregionalna.com\/wp-content\/uploads\/2022\/11\/Pogon-Rakow-000-768x512.jpg 768w, https:\/\/gazetaregionalna.com\/wp-content\/uploads\/2022\/11\/Pogon-Rakow-000-1536x1024.jpg 1536w, https:\/\/gazetaregionalna.com\/wp-content\/uploads\/2022\/11\/Pogon-Rakow-000-2048x1365.jpg 2048w, https:\/\/gazetaregionalna.com\/wp-content\/uploads\/2022\/11\/Pogon-Rakow-000-696x464.jpg 696w, https:\/\/gazetaregionalna.com\/wp-content\/uploads\/2022\/11\/Pogon-Rakow-000-1068x712.jpg 1068w, https:\/\/gazetaregionalna.com\/wp-content\/uploads\/2022\/11\/Pogon-Rakow-000-1920x1280.jpg 1920w, https:\/\/gazetaregionalna.com\/wp-content\/uploads\/2022\/11\/Pogon-Rakow-000-630x420.jpg 630w, https:\/\/gazetaregionalna.com\/wp-content\/uploads\/2022\/11\/Pogon-Rakow-000-scaled.jpg 1600w\" data-sizes=\"(max-width: 1024px) 100vw, 1024px\" src=\"data:image\/svg+xml;base64,PHN2ZyB3aWR0aD0iMSIgaGVpZ2h0PSIxIiB4bWxucz0iaHR0cDovL3d3dy53My5vcmcvMjAwMC9zdmciPjwvc3ZnPg==\" style=\"--smush-placeholder-width: 1024px; --smush-placeholder-aspect-ratio: 1024\/683;\" \/><\/figure>\n\n\n\n<figure class=\"wp-block-image size-large\"><img decoding=\"async\" width=\"300\" height=\"250\" data-src=\"https:\/\/gazetaregionalna.com\/wp-content\/uploads\/2022\/04\/DMK-7.jpg\" alt=\"\" class=\"wp-image-77214 lazyload\" src=\"data:image\/svg+xml;base64,PHN2ZyB3aWR0aD0iMSIgaGVpZ2h0PSIxIiB4bWxucz0iaHR0cDovL3d3dy53My5vcmcvMjAwMC9zdmciPjwvc3ZnPg==\" style=\"--smush-placeholder-width: 300px; --smush-placeholder-aspect-ratio: 300\/250;\"><\/figure>\n\n\n\n<figure class=\"wp-block-image size-large\"><img decoding=\"async\" width=\"1024\" height=\"683\" data-src=\"https:\/\/gazetaregionalna.com\/wp-content\/uploads\/2022\/11\/Pogon-Rakow-0-1024x683.jpg\" alt=\"\" class=\"wp-image-96383 lazyload\" data-srcset=\"https:\/\/gazetaregionalna.com\/wp-content\/uploads\/2022\/11\/Pogon-Rakow-0-1024x683.jpg 1024w, https:\/\/gazetaregionalna.com\/wp-content\/uploads\/2022\/11\/Pogon-Rakow-0-300x200.jpg 300w, https:\/\/gazetaregionalna.com\/wp-content\/uploads\/2022\/11\/Pogon-Rakow-0-768x512.jpg 768w, https:\/\/gazetaregionalna.com\/wp-content\/uploads\/2022\/11\/Pogon-Rakow-0-1536x1024.jpg 1536w, https:\/\/gazetaregionalna.com\/wp-content\/uploads\/2022\/11\/Pogon-Rakow-0-2048x1365.jpg 2048w, https:\/\/gazetaregionalna.com\/wp-content\/uploads\/2022\/11\/Pogon-Rakow-0-696x464.jpg 696w, https:\/\/gazetaregionalna.com\/wp-content\/uploads\/2022\/11\/Pogon-Rakow-0-1068x712.jpg 1068w, https:\/\/gazetaregionalna.com\/wp-content\/uploads\/2022\/11\/Pogon-Rakow-0-1920x1280.jpg 1920w, https:\/\/gazetaregionalna.com\/wp-content\/uploads\/2022\/11\/Pogon-Rakow-0-630x420.jpg 630w, https:\/\/gazetaregionalna.com\/wp-content\/uploads\/2022\/11\/Pogon-Rakow-0-scaled.jpg 1600w\" data-sizes=\"(max-width: 1024px) 100vw, 1024px\" src=\"data:image\/svg+xml;base64,PHN2ZyB3aWR0aD0iMSIgaGVpZ2h0PSIxIiB4bWxucz0iaHR0cDovL3d3dy53My5vcmcvMjAwMC9zdmciPjwvc3ZnPg==\" style=\"--smush-placeholder-width: 1024px; --smush-placeholder-aspect-ratio: 1024\/683;\" \/><\/figure>\n\n\n\n<figure class=\"wp-block-image size-large\"><img decoding=\"async\" width=\"300\" height=\"250\" data-src=\"https:\/\/gazetaregionalna.com\/wp-content\/uploads\/2021\/07\/MIK-STAL-300x250-1.jpg\" alt=\"\" class=\"wp-image-48584 lazyload\" src=\"data:image\/svg+xml;base64,PHN2ZyB3aWR0aD0iMSIgaGVpZ2h0PSIxIiB4bWxucz0iaHR0cDovL3d3dy53My5vcmcvMjAwMC9zdmciPjwvc3ZnPg==\" style=\"--smush-placeholder-width: 300px; --smush-placeholder-aspect-ratio: 300\/250;\"><\/figure>\n\n\n\n<figure class=\"wp-block-image size-large\"><img decoding=\"async\" width=\"1024\" height=\"682\" data-src=\"https:\/\/gazetaregionalna.com\/wp-content\/uploads\/2022\/10\/Rakow_Czestochowa_Lech_Poznan-1024x682.jpg\" alt=\"\" class=\"wp-image-95719 lazyload\" data-srcset=\"https:\/\/gazetaregionalna.com\/wp-content\/uploads\/2022\/10\/Rakow_Czestochowa_Lech_Poznan-1024x682.jpg 1024w, https:\/\/gazetaregionalna.com\/wp-content\/uploads\/2022\/10\/Rakow_Czestochowa_Lech_Poznan-300x200.jpg 300w, https:\/\/gazetaregionalna.com\/wp-content\/uploads\/2022\/10\/Rakow_Czestochowa_Lech_Poznan-768x512.jpg 768w, https:\/\/gazetaregionalna.com\/wp-content\/uploads\/2022\/10\/Rakow_Czestochowa_Lech_Poznan-1536x1023.jpg 1536w, https:\/\/gazetaregionalna.com\/wp-content\/uploads\/2022\/10\/Rakow_Czestochowa_Lech_Poznan-696x464.jpg 696w, https:\/\/gazetaregionalna.com\/wp-content\/uploads\/2022\/10\/Rakow_Czestochowa_Lech_Poznan-1068x712.jpg 1068w, https:\/\/gazetaregionalna.com\/wp-content\/uploads\/2022\/10\/Rakow_Czestochowa_Lech_Poznan-630x420.jpg 630w, https:\/\/gazetaregionalna.com\/wp-content\/uploads\/2022\/10\/Rakow_Czestochowa_Lech_Poznan.jpg 1600w\" data-sizes=\"(max-width: 1024px) 100vw, 1024px\" src=\"data:image\/svg+xml;base64,PHN2ZyB3aWR0aD0iMSIgaGVpZ2h0PSIxIiB4bWxucz0iaHR0cDovL3d3dy53My5vcmcvMjAwMC9zdmciPjwvc3ZnPg==\" style=\"--smush-placeholder-width: 1024px; --smush-placeholder-aspect-ratio: 1024\/682;\" \/><\/figure>\n\n\n\n<figure class=\"wp-block-image size-large\"><img decoding=\"async\" width=\"300\" height=\"250\" data-src=\"https:\/\/gazetaregionalna.com\/wp-content\/uploads\/2022\/10\/DMK11.jpg\" alt=\"\" class=\"wp-image-95727 lazyload\" src=\"data:image\/svg+xml;base64,PHN2ZyB3aWR0aD0iMSIgaGVpZ2h0PSIxIiB4bWxucz0iaHR0cDovL3d3dy53My5vcmcvMjAwMC9zdmciPjwvc3ZnPg==\" style=\"--smush-placeholder-width: 300px; --smush-placeholder-aspect-ratio: 300\/250;\"><\/figure>\n\n\n\n<figure class=\"wp-block-image size-large\"><img decoding=\"async\" width=\"1024\" height=\"683\" data-src=\"https:\/\/gazetaregionalna.com\/wp-content\/uploads\/2022\/09\/Rakow-Legia-5-1024x683.jpg\" alt=\"\" class=\"wp-image-92102 lazyload\" data-srcset=\"https:\/\/gazetaregionalna.com\/wp-content\/uploads\/2022\/09\/Rakow-Legia-5-1024x683.jpg 1024w, https:\/\/gazetaregionalna.com\/wp-content\/uploads\/2022\/09\/Rakow-Legia-5-300x200.jpg 300w, https:\/\/gazetaregionalna.com\/wp-content\/uploads\/2022\/09\/Rakow-Legia-5-768x512.jpg 768w, https:\/\/gazetaregionalna.com\/wp-content\/uploads\/2022\/09\/Rakow-Legia-5-1536x1024.jpg 1536w, https:\/\/gazetaregionalna.com\/wp-content\/uploads\/2022\/09\/Rakow-Legia-5-2048x1365.jpg 2048w, https:\/\/gazetaregionalna.com\/wp-content\/uploads\/2022\/09\/Rakow-Legia-5-696x464.jpg 696w, https:\/\/gazetaregionalna.com\/wp-content\/uploads\/2022\/09\/Rakow-Legia-5-1068x712.jpg 1068w, https:\/\/gazetaregionalna.com\/wp-content\/uploads\/2022\/09\/Rakow-Legia-5-1920x1280.jpg 1920w, https:\/\/gazetaregionalna.com\/wp-content\/uploads\/2022\/09\/Rakow-Legia-5-630x420.jpg 630w, https:\/\/gazetaregionalna.com\/wp-content\/uploads\/2022\/09\/Rakow-Legia-5-scaled.jpg 1600w\" data-sizes=\"(max-width: 1024px) 100vw, 1024px\" src=\"data:image\/svg+xml;base64,PHN2ZyB3aWR0aD0iMSIgaGVpZ2h0PSIxIiB4bWxucz0iaHR0cDovL3d3dy53My5vcmcvMjAwMC9zdmciPjwvc3ZnPg==\" style=\"--smush-placeholder-width: 1024px; --smush-placeholder-aspect-ratio: 1024\/683;\" \/><\/figure>\n\n\n\n<figure class=\"wp-block-image size-large\"><img decoding=\"async\" width=\"300\" height=\"250\" data-src=\"https:\/\/gazetaregionalna.com\/wp-content\/uploads\/2021\/07\/MIK-STAL-300x250-1.jpg\" alt=\"\" class=\"wp-image-48584 lazyload\" src=\"data:image\/svg+xml;base64,PHN2ZyB3aWR0aD0iMSIgaGVpZ2h0PSIxIiB4bWxucz0iaHR0cDovL3d3dy53My5vcmcvMjAwMC9zdmciPjwvc3ZnPg==\" style=\"--smush-placeholder-width: 300px; --smush-placeholder-aspect-ratio: 300\/250;\"><\/figure>\n\n\n\n<figure class=\"wp-block-image size-large\"><img decoding=\"async\" width=\"1024\" height=\"683\" data-src=\"https:\/\/gazetaregionalna.com\/wp-content\/uploads\/2022\/09\/Rakow-Legia4-1024x683.jpg\" alt=\"\" class=\"wp-image-92101 lazyload\" data-srcset=\"https:\/\/gazetaregionalna.com\/wp-content\/uploads\/2022\/09\/Rakow-Legia4-1024x683.jpg 1024w, https:\/\/gazetaregionalna.com\/wp-content\/uploads\/2022\/09\/Rakow-Legia4-300x200.jpg 300w, https:\/\/gazetaregionalna.com\/wp-content\/uploads\/2022\/09\/Rakow-Legia4-768x512.jpg 768w, https:\/\/gazetaregionalna.com\/wp-content\/uploads\/2022\/09\/Rakow-Legia4-1536x1024.jpg 1536w, https:\/\/gazetaregionalna.com\/wp-content\/uploads\/2022\/09\/Rakow-Legia4-2048x1366.jpg 2048w, https:\/\/gazetaregionalna.com\/wp-content\/uploads\/2022\/09\/Rakow-Legia4-696x464.jpg 696w, https:\/\/gazetaregionalna.com\/wp-content\/uploads\/2022\/09\/Rakow-Legia4-1068x712.jpg 1068w, https:\/\/gazetaregionalna.com\/wp-content\/uploads\/2022\/09\/Rakow-Legia4-1920x1280.jpg 1920w, https:\/\/gazetaregionalna.com\/wp-content\/uploads\/2022\/09\/Rakow-Legia4-630x420.jpg 630w, https:\/\/gazetaregionalna.com\/wp-content\/uploads\/2022\/09\/Rakow-Legia4-scaled.jpg 1600w\" data-sizes=\"(max-width: 1024px) 100vw, 1024px\" src=\"data:image\/svg+xml;base64,PHN2ZyB3aWR0aD0iMSIgaGVpZ2h0PSIxIiB4bWxucz0iaHR0cDovL3d3dy53My5vcmcvMjAwMC9zdmciPjwvc3ZnPg==\" style=\"--smush-placeholder-width: 1024px; --smush-placeholder-aspect-ratio: 1024\/683;\" \/><\/figure>\n","protected":false},"excerpt":{"rendered":"<p>Po dw\u00f3ch wicemistrzostwa Polski z rz\u0119du czas si\u0119gn\u0105\u0107 po koron\u0119 i z\u0142ote medale w PKO BP Ekstraklasie. Rak\u00f3w Cz\u0119stochowa przed startem rundy wiosennej ma<\/p>\n","protected":false},"author":15,"featured_media":96378,"comment_status":"closed","ping_status":"open","sticky":false,"template":"","format":"standard","meta":{"_monsterinsights_skip_tracking":false,"_monsterinsights_sitenote_active":false,"_monsterinsights_sitenote_note":"","_monsterinsights_sitenote_category":0,"_uf_show_specific_survey":0,"_uf_disable_surveys":false,"footnotes":""},"categories":[94,6,5],"tags":[],"class_list":["post-99956","post","type-post","status-publish","format-standard","has-post-thumbnail","hentry","category-polecane","category-pilka-nozna","category-sport"],"_links":{"self":[{"href":"https:\/\/gazetaregionalna.com\/index.php?rest_route=\/wp\/v2\/posts\/99956","targetHints":{"allow":["GET"]}}],"collection":[{"href":"https:\/\/gazetaregionalna.com\/index.php?rest_route=\/wp\/v2\/posts"}],"about":[{"href":"https:\/\/gazetaregionalna.com\/index.php?rest_route=\/wp\/v2\/types\/post"}],"author":[{"embeddable":true,"href":"https:\/\/gazetaregionalna.com\/index.php?rest_route=\/wp\/v2\/users\/15"}],"replies":[{"embeddable":true,"href":"https:\/\/gazetaregionalna.com\/index.php?rest_route=%2Fwp%2Fv2%2Fcomments&post=99956"}],"version-history":[{"count":3,"href":"https:\/\/gazetaregionalna.com\/index.php?rest_route=\/wp\/v2\/posts\/99956\/revisions"}],"predecessor-version":[{"id":100030,"href":"https:\/\/gazetaregionalna.com\/index.php?rest_route=\/wp\/v2\/posts\/99956\/revisions\/100030"}],"wp:featuredmedia":[{"embeddable":true,"href":"https:\/\/gazetaregionalna.com\/index.php?rest_route=\/wp\/v2\/media\/96378"}],"wp:attachment":[{"href":"https:\/\/gazetaregionalna.com\/index.php?rest_route=%2Fwp%2Fv2%2Fmedia&parent=99956"}],"wp:term":[{"taxonomy":"category","embeddable":true,"href":"https:\/\/gazetaregionalna.com\/index.php?rest_route=%2Fwp%2Fv2%2Fcategories&post=99956"},{"taxonomy":"post_tag","embeddable":true,"href":"https:\/\/gazetaregionalna.com\/index.php?rest_route=%2Fwp%2Fv2%2Ftags&post=99956"}],"curies":[{"name":"wp","href":"https:\/\/api.w.org\/{rel}","templated":true}]}}