{"id":99915,"date":"2023-01-25T15:51:17","date_gmt":"2023-01-25T15:51:17","guid":{"rendered":"https:\/\/gazetaregionalna.com\/?p=99915"},"modified":"2023-01-25T15:51:19","modified_gmt":"2023-01-25T15:51:19","slug":"skra-czestochowa-gra-sparing-za-sparingiem","status":"publish","type":"post","link":"https:\/\/gazetaregionalna.com\/?p=99915","title":{"rendered":"Skra Cz\u0119stochowa gra sparing za sparingiem"},"content":{"rendered":"\n<p>Pi\u0142karze Skry Cz\u0119stochowa przygotowuj\u0105 si\u0119 do rozgrywek w Fortuna 1 Lidze. We wtorek przegrali sparing z 1:4 Polonia Bytom, a w pi\u0105tek sprawdz\u0105 swoj\u0105 form\u0119 na tle Odry Opole.<\/p>\n\n\n\n<p>W poprzednim tygodniu trenerzy Skry zaplanowali dla swojej dru\u017cyny dwa sparingi i ten tydzie\u0144 jest podobny. Skra wygra\u0142a w poprzednim tygodniu z Zag\u0142\u0119biem Sosnowiec 3:2 i zremisowa\u0142a z Ruchem Chorz\u00f3w 0:0.<\/p>\n\n\n\n<p>W miniony wtorek Skra zmierzy\u0142a si\u0119 z Poloni\u0105 Bytom i uleg\u0142a 1:4.<\/p>\n\n\n\n<p>Kolejny sparing cz\u0119stochowscy pi\u0142karze maj\u0105 zaplanowany na pi\u0105tek. W\u00f3wczas zagraj\u0105 z Odr\u0105 Opole.<\/p>\n\n\n\n<p>Runda wiosenna w Fortuna 1 Lidze dla Skry rozpoczyna si\u0119 13 lutego 2023 roku. Cz\u0119stochowianie wyjad\u0105 do Chojnic na mecz z Chojniczank\u0105. Do tego czasu musz\u0105 odpowiedni przygotowa\u0107 swoj\u0105 form\u0119. Dru\u017cyna trenera Jakuba Dzi\u00f3\u0142ki ma za sob\u0105 ju\u017c w 2023 roku pi\u0119\u0107 rozegranych sparing\u00f3w.<\/p>\n\n\n\n<p>AK, fot: Natanael Brewczy\u0144ski (KS Skra Cz\u0119stochowa)<\/p>\n\n\n\n<figure class=\"wp-block-image size-large\"><img decoding=\"async\" width=\"1024\" height=\"683\" data-src=\"https:\/\/gazetaregionalna.com\/wp-content\/uploads\/2023\/01\/Skra-PoloniaBytom-fot-Natanael-Brewczynski-1024x683.jpg\" alt=\"\" class=\"wp-image-99893 lazyload\" data-srcset=\"https:\/\/gazetaregionalna.com\/wp-content\/uploads\/2023\/01\/Skra-PoloniaBytom-fot-Natanael-Brewczynski-1024x683.jpg 1024w, https:\/\/gazetaregionalna.com\/wp-content\/uploads\/2023\/01\/Skra-PoloniaBytom-fot-Natanael-Brewczynski-300x200.jpg 300w, https:\/\/gazetaregionalna.com\/wp-content\/uploads\/2023\/01\/Skra-PoloniaBytom-fot-Natanael-Brewczynski-768x512.jpg 768w, https:\/\/gazetaregionalna.com\/wp-content\/uploads\/2023\/01\/Skra-PoloniaBytom-fot-Natanael-Brewczynski-696x464.jpg 696w, https:\/\/gazetaregionalna.com\/wp-content\/uploads\/2023\/01\/Skra-PoloniaBytom-fot-Natanael-Brewczynski-1068x712.jpg 1068w, https:\/\/gazetaregionalna.com\/wp-content\/uploads\/2023\/01\/Skra-PoloniaBytom-fot-Natanael-Brewczynski-630x420.jpg 630w, https:\/\/gazetaregionalna.com\/wp-content\/uploads\/2023\/01\/Skra-PoloniaBytom-fot-Natanael-Brewczynski.jpg 1536w\" data-sizes=\"(max-width: 1024px) 100vw, 1024px\" src=\"data:image\/svg+xml;base64,PHN2ZyB3aWR0aD0iMSIgaGVpZ2h0PSIxIiB4bWxucz0iaHR0cDovL3d3dy53My5vcmcvMjAwMC9zdmciPjwvc3ZnPg==\" style=\"--smush-placeholder-width: 1024px; --smush-placeholder-aspect-ratio: 1024\/683;\" \/><\/figure>\n\n\n\n<figure class=\"wp-block-image size-large\"><img decoding=\"async\" width=\"300\" height=\"250\" data-src=\"https:\/\/gazetaregionalna.com\/wp-content\/uploads\/2022\/04\/DMK-8.jpg\" alt=\"\" class=\"wp-image-77215 lazyload\" src=\"data:image\/svg+xml;base64,PHN2ZyB3aWR0aD0iMSIgaGVpZ2h0PSIxIiB4bWxucz0iaHR0cDovL3d3dy53My5vcmcvMjAwMC9zdmciPjwvc3ZnPg==\" style=\"--smush-placeholder-width: 300px; --smush-placeholder-aspect-ratio: 300\/250;\"><\/figure>\n","protected":false},"excerpt":{"rendered":"<p>Pi\u0142karze Skry Cz\u0119stochowa przygotowuj\u0105 si\u0119 do rozgrywek w Fortuna 1 Lidze. We wtorek przegrali sparing z 1:4 Polonia Bytom, a w pi\u0105tek sprawdz\u0105 swoj\u0105<\/p>\n","protected":false},"author":15,"featured_media":99893,"comment_status":"closed","ping_status":"open","sticky":false,"template":"","format":"standard","meta":{"_monsterinsights_skip_tracking":false,"_monsterinsights_sitenote_active":false,"_monsterinsights_sitenote_note":"","_monsterinsights_sitenote_category":0,"_uf_show_specific_survey":0,"_uf_disable_surveys":false,"footnotes":""},"categories":[5,6],"tags":[],"class_list":["post-99915","post","type-post","status-publish","format-standard","has-post-thumbnail","hentry","category-sport","category-pilka-nozna"],"_links":{"self":[{"href":"https:\/\/gazetaregionalna.com\/index.php?rest_route=\/wp\/v2\/posts\/99915","targetHints":{"allow":["GET"]}}],"collection":[{"href":"https:\/\/gazetaregionalna.com\/index.php?rest_route=\/wp\/v2\/posts"}],"about":[{"href":"https:\/\/gazetaregionalna.com\/index.php?rest_route=\/wp\/v2\/types\/post"}],"author":[{"embeddable":true,"href":"https:\/\/gazetaregionalna.com\/index.php?rest_route=\/wp\/v2\/users\/15"}],"replies":[{"embeddable":true,"href":"https:\/\/gazetaregionalna.com\/index.php?rest_route=%2Fwp%2Fv2%2Fcomments&post=99915"}],"version-history":[{"count":1,"href":"https:\/\/gazetaregionalna.com\/index.php?rest_route=\/wp\/v2\/posts\/99915\/revisions"}],"predecessor-version":[{"id":99916,"href":"https:\/\/gazetaregionalna.com\/index.php?rest_route=\/wp\/v2\/posts\/99915\/revisions\/99916"}],"wp:featuredmedia":[{"embeddable":true,"href":"https:\/\/gazetaregionalna.com\/index.php?rest_route=\/wp\/v2\/media\/99893"}],"wp:attachment":[{"href":"https:\/\/gazetaregionalna.com\/index.php?rest_route=%2Fwp%2Fv2%2Fmedia&parent=99915"}],"wp:term":[{"taxonomy":"category","embeddable":true,"href":"https:\/\/gazetaregionalna.com\/index.php?rest_route=%2Fwp%2Fv2%2Fcategories&post=99915"},{"taxonomy":"post_tag","embeddable":true,"href":"https:\/\/gazetaregionalna.com\/index.php?rest_route=%2Fwp%2Fv2%2Ftags&post=99915"}],"curies":[{"name":"wp","href":"https:\/\/api.w.org\/{rel}","templated":true}]}}