{"id":99708,"date":"2023-01-21T12:43:20","date_gmt":"2023-01-21T12:43:20","guid":{"rendered":"https:\/\/gazetaregionalna.com\/?p=99708"},"modified":"2023-01-21T12:46:09","modified_gmt":"2023-01-21T12:46:09","slug":"remis-skry-czestochowa-w-sobotnim-sparingu-z-ruchem-chorzow","status":"publish","type":"post","link":"https:\/\/gazetaregionalna.com\/?p=99708","title":{"rendered":"Remis Skry Cz\u0119stochowa w sobotnim sparingu z Ruchem Chorz\u00f3w"},"content":{"rendered":"\n<p>Pi\u0142karze 1-ligowej Skry Cz\u0119stochowa rozegrali w sobotnie po\u0142udnie sparing z Ruchem Chorz\u00f3w. Mecz zako\u0144czy\u0142 si\u0119 bezbramkowym remisem.<\/p>\n\n\n\n<p>W ko\u0144cz\u0105cym si\u0119 tygodniu pi\u0142karze Skry Cz\u0119stochowa rozegrali dwa mecze kontrolne. W minion\u0105 \u015brod\u0119 cz\u0119stochowianie wygrali z 1-ligowym Zag\u0142\u0119biem Sosnowiec 3:2. Bramki dla Skry zdobyli Filip Koz\u0142owski, Jan Flak i Jakub Sangowski.<\/p>\n\n\n\n<p>Sztab szkoleniowy Skry zaplanowa\u0142 te\u017c dla swoich zawodnik\u00f3w dzisiaj mecz kontrolny. Cz\u0119stochowianie w Rybniku zmierzyli si\u0119 z 1-ligowym Ruchem Chorz\u00f3w. Co ciekawe, dwa mecze w obecnym sezonie Fortuna 1 Ligi mi\u0119dzy Skr\u0105 i Ruchem ko\u0144czy\u0142y si\u0119 remisami. Bezbramkowym remisem zako\u0144czy\u0142 si\u0119 te\u017c sobotni sparing.<\/p>\n\n\n\n<p>Na zdj\u0119ciu uj\u0119cie ze sparingu Skry z Zag\u0142\u0119biem. <\/p>\n\n\n\n<p><strong>AK<\/strong>, fot: <strong>Natanael Brewczy\u0144ski<\/strong> (Skra Cz\u0119stochowa)<\/p>\n\n\n\n<p><strong>Zag\u0142\u0119bie Sosnowiec \u2013 Skra Cz\u0119stochowa 2:3 (0:1)<\/strong><\/p>\n\n\n\n<p><strong>Ruch Chorz\u00f3w \u2013 Skra Cz\u0119stochowa 0:0<\/strong><\/p>\n\n\n\n<figure class=\"wp-block-image size-large\"><img decoding=\"async\" width=\"1024\" height=\"683\" data-src=\"https:\/\/gazetaregionalna.com\/wp-content\/uploads\/2023\/01\/Skra-Zaglebie-Sosnoiwec-fot-Natanael-Brewczynski-Skra-1024x683.jpg\" alt=\"\" class=\"wp-image-99709 lazyload\" data-srcset=\"https:\/\/gazetaregionalna.com\/wp-content\/uploads\/2023\/01\/Skra-Zaglebie-Sosnoiwec-fot-Natanael-Brewczynski-Skra-1024x683.jpg 1024w, https:\/\/gazetaregionalna.com\/wp-content\/uploads\/2023\/01\/Skra-Zaglebie-Sosnoiwec-fot-Natanael-Brewczynski-Skra-300x200.jpg 300w, https:\/\/gazetaregionalna.com\/wp-content\/uploads\/2023\/01\/Skra-Zaglebie-Sosnoiwec-fot-Natanael-Brewczynski-Skra-768x512.jpg 768w, https:\/\/gazetaregionalna.com\/wp-content\/uploads\/2023\/01\/Skra-Zaglebie-Sosnoiwec-fot-Natanael-Brewczynski-Skra-1536x1024.jpg 1536w, https:\/\/gazetaregionalna.com\/wp-content\/uploads\/2023\/01\/Skra-Zaglebie-Sosnoiwec-fot-Natanael-Brewczynski-Skra-696x464.jpg 696w, https:\/\/gazetaregionalna.com\/wp-content\/uploads\/2023\/01\/Skra-Zaglebie-Sosnoiwec-fot-Natanael-Brewczynski-Skra-1068x712.jpg 1068w, https:\/\/gazetaregionalna.com\/wp-content\/uploads\/2023\/01\/Skra-Zaglebie-Sosnoiwec-fot-Natanael-Brewczynski-Skra-630x420.jpg 630w, https:\/\/gazetaregionalna.com\/wp-content\/uploads\/2023\/01\/Skra-Zaglebie-Sosnoiwec-fot-Natanael-Brewczynski-Skra-scaled.jpg 1600w\" data-sizes=\"(max-width: 1024px) 100vw, 1024px\" src=\"data:image\/svg+xml;base64,PHN2ZyB3aWR0aD0iMSIgaGVpZ2h0PSIxIiB4bWxucz0iaHR0cDovL3d3dy53My5vcmcvMjAwMC9zdmciPjwvc3ZnPg==\" style=\"--smush-placeholder-width: 1024px; --smush-placeholder-aspect-ratio: 1024\/683;\" \/><\/figure>\n\n\n\n<figure class=\"wp-block-image size-large\"><img decoding=\"async\" width=\"300\" height=\"250\" data-src=\"https:\/\/gazetaregionalna.com\/wp-content\/uploads\/2022\/04\/DMK-8.jpg\" alt=\"\" class=\"wp-image-77215 lazyload\" src=\"data:image\/svg+xml;base64,PHN2ZyB3aWR0aD0iMSIgaGVpZ2h0PSIxIiB4bWxucz0iaHR0cDovL3d3dy53My5vcmcvMjAwMC9zdmciPjwvc3ZnPg==\" style=\"--smush-placeholder-width: 300px; --smush-placeholder-aspect-ratio: 300\/250;\"><\/figure>\n\n\n\n<figure class=\"wp-block-image size-large\"><img decoding=\"async\" width=\"300\" height=\"250\" data-src=\"https:\/\/gazetaregionalna.com\/wp-content\/uploads\/2022\/04\/DMK-5.jpg\" alt=\"\" class=\"wp-image-77213 lazyload\" src=\"data:image\/svg+xml;base64,PHN2ZyB3aWR0aD0iMSIgaGVpZ2h0PSIxIiB4bWxucz0iaHR0cDovL3d3dy53My5vcmcvMjAwMC9zdmciPjwvc3ZnPg==\" style=\"--smush-placeholder-width: 300px; --smush-placeholder-aspect-ratio: 300\/250;\"><\/figure>\n","protected":false},"excerpt":{"rendered":"<p>Pi\u0142karze 1-ligowej Skry Cz\u0119stochowa rozegrali w sobotnie po\u0142udnie sparing z Ruchem Chorz\u00f3w. Mecz zako\u0144czy\u0142 si\u0119 bezbramkowym remisem. W ko\u0144cz\u0105cym si\u0119 tygodniu pi\u0142karze Skry Cz\u0119stochowa<\/p>\n","protected":false},"author":15,"featured_media":99709,"comment_status":"closed","ping_status":"open","sticky":false,"template":"","format":"standard","meta":{"_monsterinsights_skip_tracking":false,"_monsterinsights_sitenote_active":false,"_monsterinsights_sitenote_note":"","_monsterinsights_sitenote_category":0,"_uf_show_specific_survey":0,"_uf_disable_surveys":false,"footnotes":""},"categories":[5,6],"tags":[],"class_list":["post-99708","post","type-post","status-publish","format-standard","has-post-thumbnail","hentry","category-sport","category-pilka-nozna"],"_links":{"self":[{"href":"https:\/\/gazetaregionalna.com\/index.php?rest_route=\/wp\/v2\/posts\/99708","targetHints":{"allow":["GET"]}}],"collection":[{"href":"https:\/\/gazetaregionalna.com\/index.php?rest_route=\/wp\/v2\/posts"}],"about":[{"href":"https:\/\/gazetaregionalna.com\/index.php?rest_route=\/wp\/v2\/types\/post"}],"author":[{"embeddable":true,"href":"https:\/\/gazetaregionalna.com\/index.php?rest_route=\/wp\/v2\/users\/15"}],"replies":[{"embeddable":true,"href":"https:\/\/gazetaregionalna.com\/index.php?rest_route=%2Fwp%2Fv2%2Fcomments&post=99708"}],"version-history":[{"count":2,"href":"https:\/\/gazetaregionalna.com\/index.php?rest_route=\/wp\/v2\/posts\/99708\/revisions"}],"predecessor-version":[{"id":99711,"href":"https:\/\/gazetaregionalna.com\/index.php?rest_route=\/wp\/v2\/posts\/99708\/revisions\/99711"}],"wp:featuredmedia":[{"embeddable":true,"href":"https:\/\/gazetaregionalna.com\/index.php?rest_route=\/wp\/v2\/media\/99709"}],"wp:attachment":[{"href":"https:\/\/gazetaregionalna.com\/index.php?rest_route=%2Fwp%2Fv2%2Fmedia&parent=99708"}],"wp:term":[{"taxonomy":"category","embeddable":true,"href":"https:\/\/gazetaregionalna.com\/index.php?rest_route=%2Fwp%2Fv2%2Fcategories&post=99708"},{"taxonomy":"post_tag","embeddable":true,"href":"https:\/\/gazetaregionalna.com\/index.php?rest_route=%2Fwp%2Fv2%2Ftags&post=99708"}],"curies":[{"name":"wp","href":"https:\/\/api.w.org\/{rel}","templated":true}]}}