{"id":99401,"date":"2023-01-14T15:17:33","date_gmt":"2023-01-14T15:17:33","guid":{"rendered":"https:\/\/gazetaregionalna.com\/?p=99401"},"modified":"2023-01-14T15:17:34","modified_gmt":"2023-01-14T15:17:34","slug":"deian-sorescu-opuszcza-rakow-i-idzie-na-wypozyczenie","status":"publish","type":"post","link":"https:\/\/gazetaregionalna.com\/?p=99401","title":{"rendered":"Deian Sorescu opuszcza Rak\u00f3w i idzie na wypo\u017cyczenie"},"content":{"rendered":"\n<p>Mia\u0142 by\u0107 gwiazd\u0105 Rakowa i solidnym wzmocnieniem. Rumun Deian Sorescu zosta\u0142 wypo\u017cyczony do ko\u0144ca czerwca 2023 roku do ligi rumu\u0144skiej.<\/p>\n\n\n\n<p>Sorescu trafi\u0142 do Rakowa w styczniu 2022 roku. Mia\u0142 by\u0107 gwiazd\u0105 Rakowa i powa\u017cnym wzmocnieniem. W barwach Rakowa rozegra\u0142 27 mecz\u00f3w i zdoby\u0142 3 bramki.<\/p>\n\n\n\n<p>25-latek zosta\u0142 wypo\u017cyczony do rumu\u0144skiej FCSB czyli dawnej Steauy Bukareszt. FCSB to poniedzia\u0142kowy rywal Rakowa w sparingu w tureckim Belek.<\/p>\n\n\n\n<p>MR-K, fot: AK<\/p>\n\n\n\n<figure class=\"wp-block-image size-large\"><img decoding=\"async\" width=\"1024\" height=\"683\" data-src=\"https:\/\/gazetaregionalna.com\/wp-content\/uploads\/2022\/10\/Piast-Rakow-27-1024x683.jpg\" alt=\"\" class=\"wp-image-94397 lazyload\" data-srcset=\"https:\/\/gazetaregionalna.com\/wp-content\/uploads\/2022\/10\/Piast-Rakow-27-1024x683.jpg 1024w, https:\/\/gazetaregionalna.com\/wp-content\/uploads\/2022\/10\/Piast-Rakow-27-300x200.jpg 300w, https:\/\/gazetaregionalna.com\/wp-content\/uploads\/2022\/10\/Piast-Rakow-27-768x512.jpg 768w, https:\/\/gazetaregionalna.com\/wp-content\/uploads\/2022\/10\/Piast-Rakow-27-1536x1024.jpg 1536w, https:\/\/gazetaregionalna.com\/wp-content\/uploads\/2022\/10\/Piast-Rakow-27-2048x1365.jpg 2048w, https:\/\/gazetaregionalna.com\/wp-content\/uploads\/2022\/10\/Piast-Rakow-27-696x464.jpg 696w, https:\/\/gazetaregionalna.com\/wp-content\/uploads\/2022\/10\/Piast-Rakow-27-1068x712.jpg 1068w, https:\/\/gazetaregionalna.com\/wp-content\/uploads\/2022\/10\/Piast-Rakow-27-1920x1280.jpg 1920w, https:\/\/gazetaregionalna.com\/wp-content\/uploads\/2022\/10\/Piast-Rakow-27-630x420.jpg 630w, https:\/\/gazetaregionalna.com\/wp-content\/uploads\/2022\/10\/Piast-Rakow-27-scaled.jpg 1600w\" data-sizes=\"(max-width: 1024px) 100vw, 1024px\" src=\"data:image\/svg+xml;base64,PHN2ZyB3aWR0aD0iMSIgaGVpZ2h0PSIxIiB4bWxucz0iaHR0cDovL3d3dy53My5vcmcvMjAwMC9zdmciPjwvc3ZnPg==\" style=\"--smush-placeholder-width: 1024px; --smush-placeholder-aspect-ratio: 1024\/683;\" \/><\/figure>\n\n\n\n<figure class=\"wp-block-image size-large\"><img decoding=\"async\" width=\"300\" height=\"250\" data-src=\"https:\/\/gazetaregionalna.com\/wp-content\/uploads\/2022\/04\/DMK-2.jpg\" alt=\"\" class=\"wp-image-77210 lazyload\" src=\"data:image\/svg+xml;base64,PHN2ZyB3aWR0aD0iMSIgaGVpZ2h0PSIxIiB4bWxucz0iaHR0cDovL3d3dy53My5vcmcvMjAwMC9zdmciPjwvc3ZnPg==\" style=\"--smush-placeholder-width: 300px; --smush-placeholder-aspect-ratio: 300\/250;\"><\/figure>\n","protected":false},"excerpt":{"rendered":"<p>Mia\u0142 by\u0107 gwiazd\u0105 Rakowa i solidnym wzmocnieniem. Rumun Deian Sorescu zosta\u0142 wypo\u017cyczony do ko\u0144ca czerwca 2023 roku do ligi rumu\u0144skiej. Sorescu trafi\u0142 do Rakowa<\/p>\n","protected":false},"author":15,"featured_media":98351,"comment_status":"closed","ping_status":"open","sticky":false,"template":"","format":"standard","meta":{"_monsterinsights_skip_tracking":false,"_monsterinsights_sitenote_active":false,"_monsterinsights_sitenote_note":"","_monsterinsights_sitenote_category":0,"_uf_show_specific_survey":0,"_uf_disable_surveys":false,"footnotes":""},"categories":[5,6],"tags":[],"class_list":["post-99401","post","type-post","status-publish","format-standard","has-post-thumbnail","hentry","category-sport","category-pilka-nozna"],"_links":{"self":[{"href":"https:\/\/gazetaregionalna.com\/index.php?rest_route=\/wp\/v2\/posts\/99401","targetHints":{"allow":["GET"]}}],"collection":[{"href":"https:\/\/gazetaregionalna.com\/index.php?rest_route=\/wp\/v2\/posts"}],"about":[{"href":"https:\/\/gazetaregionalna.com\/index.php?rest_route=\/wp\/v2\/types\/post"}],"author":[{"embeddable":true,"href":"https:\/\/gazetaregionalna.com\/index.php?rest_route=\/wp\/v2\/users\/15"}],"replies":[{"embeddable":true,"href":"https:\/\/gazetaregionalna.com\/index.php?rest_route=%2Fwp%2Fv2%2Fcomments&post=99401"}],"version-history":[{"count":1,"href":"https:\/\/gazetaregionalna.com\/index.php?rest_route=\/wp\/v2\/posts\/99401\/revisions"}],"predecessor-version":[{"id":99402,"href":"https:\/\/gazetaregionalna.com\/index.php?rest_route=\/wp\/v2\/posts\/99401\/revisions\/99402"}],"wp:featuredmedia":[{"embeddable":true,"href":"https:\/\/gazetaregionalna.com\/index.php?rest_route=\/wp\/v2\/media\/98351"}],"wp:attachment":[{"href":"https:\/\/gazetaregionalna.com\/index.php?rest_route=%2Fwp%2Fv2%2Fmedia&parent=99401"}],"wp:term":[{"taxonomy":"category","embeddable":true,"href":"https:\/\/gazetaregionalna.com\/index.php?rest_route=%2Fwp%2Fv2%2Fcategories&post=99401"},{"taxonomy":"post_tag","embeddable":true,"href":"https:\/\/gazetaregionalna.com\/index.php?rest_route=%2Fwp%2Fv2%2Ftags&post=99401"}],"curies":[{"name":"wp","href":"https:\/\/api.w.org\/{rel}","templated":true}]}}