{"id":9940,"date":"2020-02-10T12:06:09","date_gmt":"2020-02-10T12:06:09","guid":{"rendered":"https:\/\/gazetaregionalna.com\/?p=9940"},"modified":"2020-02-10T18:08:38","modified_gmt":"2020-02-10T18:08:38","slug":"kobiety-zatancza-w-protescie","status":"publish","type":"post","link":"https:\/\/gazetaregionalna.com\/?p=9940","title":{"rendered":"Kobiety zata\u0144cz\u0105 w prote\u015bcie"},"content":{"rendered":"\n<p>Lubliniec przy\u0142\u0105cza si\u0119 do mi\u0119dzynarodowej akcji przeciwko przemocy wobec kobiet. Polega\u0107 ona b\u0119dzie na wykonaniu w miejscu publicznym przez jak najwi\u0119ksz\u0105 liczb\u0119 kobiet wsp\u00f3lnego ta\u0144ca.<br> Lubliniecka Rada Kobiet zaprasza lubli\u0144czanki do wsp\u00f3lnego wykonania ta\u0144ca na Rynku w sobot\u0119, 15 lutego. Uk\u0142ad taneczny dla uczestniczek akcji &#8222;Nazywam si\u0119 miliard&#8221; opracowa\u0142  L-Concept Fitness z Lubli\u0144ca. Spotkanie ch\u0119tnych o godzinie 17. Po trwaj\u0105cej p\u00f3\u0142 godzinie pr\u00f3bie uk\u0142adu tanecznego, na godzin\u0119 17.30 zaplanowano protestacyjny taniec.<br> Organizatorzy zach\u0119caj\u0105 do udzia\u0142u w akcji panie w r\u00f3\u017cnym wieku. Cel szczytny i wa\u017cny, wi\u0119c w sobot\u0119 na Rynku w Lubli\u0144cu frekwencja musi dopisa\u0107.<\/p>\n","protected":false},"excerpt":{"rendered":"<p>Lubliniec przy\u0142\u0105cza si\u0119 do mi\u0119dzynarodowej akcji przeciwko przemocy wobec kobiet. Polega\u0107 ona b\u0119dzie na wykonaniu w miejscu publicznym przez jak najwi\u0119ksz\u0105 liczb\u0119 kobiet wsp\u00f3lnego<\/p>\n","protected":false},"author":7,"featured_media":9941,"comment_status":"open","ping_status":"open","sticky":false,"template":"","format":"standard","meta":{"_monsterinsights_skip_tracking":false,"_monsterinsights_sitenote_active":false,"_monsterinsights_sitenote_note":"","_monsterinsights_sitenote_category":0,"_uf_show_specific_survey":0,"_uf_disable_surveys":false,"footnotes":""},"categories":[12,25,94,2,13],"tags":[],"class_list":["post-9940","post","type-post","status-publish","format-standard","has-post-thumbnail","hentry","category-kultura-i-rozrywka","category-lubliniec","category-polecane","category-wiadomosci","category-wydarzenia"],"_links":{"self":[{"href":"https:\/\/gazetaregionalna.com\/index.php?rest_route=\/wp\/v2\/posts\/9940","targetHints":{"allow":["GET"]}}],"collection":[{"href":"https:\/\/gazetaregionalna.com\/index.php?rest_route=\/wp\/v2\/posts"}],"about":[{"href":"https:\/\/gazetaregionalna.com\/index.php?rest_route=\/wp\/v2\/types\/post"}],"author":[{"embeddable":true,"href":"https:\/\/gazetaregionalna.com\/index.php?rest_route=\/wp\/v2\/users\/7"}],"replies":[{"embeddable":true,"href":"https:\/\/gazetaregionalna.com\/index.php?rest_route=%2Fwp%2Fv2%2Fcomments&post=9940"}],"version-history":[{"count":3,"href":"https:\/\/gazetaregionalna.com\/index.php?rest_route=\/wp\/v2\/posts\/9940\/revisions"}],"predecessor-version":[{"id":9950,"href":"https:\/\/gazetaregionalna.com\/index.php?rest_route=\/wp\/v2\/posts\/9940\/revisions\/9950"}],"wp:featuredmedia":[{"embeddable":true,"href":"https:\/\/gazetaregionalna.com\/index.php?rest_route=\/wp\/v2\/media\/9941"}],"wp:attachment":[{"href":"https:\/\/gazetaregionalna.com\/index.php?rest_route=%2Fwp%2Fv2%2Fmedia&parent=9940"}],"wp:term":[{"taxonomy":"category","embeddable":true,"href":"https:\/\/gazetaregionalna.com\/index.php?rest_route=%2Fwp%2Fv2%2Fcategories&post=9940"},{"taxonomy":"post_tag","embeddable":true,"href":"https:\/\/gazetaregionalna.com\/index.php?rest_route=%2Fwp%2Fv2%2Ftags&post=9940"}],"curies":[{"name":"wp","href":"https:\/\/api.w.org\/{rel}","templated":true}]}}