{"id":99398,"date":"2023-01-14T15:08:50","date_gmt":"2023-01-14T15:08:50","guid":{"rendered":"https:\/\/gazetaregionalna.com\/?p=99398"},"modified":"2023-01-14T15:08:51","modified_gmt":"2023-01-14T15:08:51","slug":"pilkarze-skry-czestochowa-rozegrali-sparing-z-gks-em-tychy","status":"publish","type":"post","link":"https:\/\/gazetaregionalna.com\/?p=99398","title":{"rendered":"Pi\u0142karze Skry Cz\u0119stochowa rozegrali sparing z GKS-em Tychy"},"content":{"rendered":"\n<p>Zawodnicy 1-ligowej Skry Cz\u0119stochowa rozegrali w sobot\u0119 pierwszy mecz kontrolny w 2023 roku. Cz\u0119stochowianie zremisowali na wyje\u017adzie z GKS-em Tychy 0:0.<\/p>\n\n\n\n<p>Pi\u0142karze 1-ligowej Skry Cz\u0119stochowa w rundzie wiosennej b\u0119d\u0105 walczy\u0107 o utrzymanie si\u0119 w Fortuna 1-Lidze. Po dw\u00f3ch tygodniach trening\u00f3w pi\u0142karze Skry rozegrali na wyje\u017adzie pierwszy sparing. Zremisowali 0:0 z GKS-em Tychy.<\/p>\n\n\n\n<p><strong>AK<\/strong>, fot: <strong>Natanael Brewczy\u0144ski<\/strong> (KS Skra Cz\u0119stochowa)<\/p>\n\n\n\n<p><strong>GKS Tychy \u2013 Skra Cz\u0119stochowa 0:0<\/strong><\/p>\n\n\n\n<p><strong>Skra Cz\u0119stochowa (I po\u0142owa):<\/strong> Bursztyn \u2013 Macha\u0142a, Szyma\u0144ski, Czajka, Flak, Olejnik, Babiarz, Winciersz, Pyrdo\u0142, Noco\u0144, Sangowski. II po\u0142owa: Szymkowiak \u2013 Brusi\u0142o, Mesjasz, zawodnik testowany (testowany), Flak ( Pyrdo\u0142, Kitli\u0144ski), Sajdak, Baranowicz, Lukoszek, Noco\u0144 (Malec), Go\u0142\u0119biowski, Koz\u0142owski.<\/p>\n\n\n\n<figure class=\"wp-block-image size-large\"><img decoding=\"async\" width=\"1024\" height=\"683\" data-src=\"https:\/\/gazetaregionalna.com\/wp-content\/uploads\/2023\/01\/Tychy-Skra-fot-Natanael-Brewczynski-Skra-Czestochowa-1024x683.jpg\" alt=\"\" class=\"wp-image-99399 lazyload\" data-srcset=\"https:\/\/gazetaregionalna.com\/wp-content\/uploads\/2023\/01\/Tychy-Skra-fot-Natanael-Brewczynski-Skra-Czestochowa-1024x683.jpg 1024w, https:\/\/gazetaregionalna.com\/wp-content\/uploads\/2023\/01\/Tychy-Skra-fot-Natanael-Brewczynski-Skra-Czestochowa-300x200.jpg 300w, https:\/\/gazetaregionalna.com\/wp-content\/uploads\/2023\/01\/Tychy-Skra-fot-Natanael-Brewczynski-Skra-Czestochowa-768x512.jpg 768w, https:\/\/gazetaregionalna.com\/wp-content\/uploads\/2023\/01\/Tychy-Skra-fot-Natanael-Brewczynski-Skra-Czestochowa-696x464.jpg 696w, https:\/\/gazetaregionalna.com\/wp-content\/uploads\/2023\/01\/Tychy-Skra-fot-Natanael-Brewczynski-Skra-Czestochowa-1068x712.jpg 1068w, https:\/\/gazetaregionalna.com\/wp-content\/uploads\/2023\/01\/Tychy-Skra-fot-Natanael-Brewczynski-Skra-Czestochowa-630x420.jpg 630w, https:\/\/gazetaregionalna.com\/wp-content\/uploads\/2023\/01\/Tychy-Skra-fot-Natanael-Brewczynski-Skra-Czestochowa.jpg 1536w\" data-sizes=\"(max-width: 1024px) 100vw, 1024px\" src=\"data:image\/svg+xml;base64,PHN2ZyB3aWR0aD0iMSIgaGVpZ2h0PSIxIiB4bWxucz0iaHR0cDovL3d3dy53My5vcmcvMjAwMC9zdmciPjwvc3ZnPg==\" style=\"--smush-placeholder-width: 1024px; --smush-placeholder-aspect-ratio: 1024\/683;\" \/><\/figure>\n\n\n\n<figure class=\"wp-block-image size-large\"><img decoding=\"async\" width=\"300\" height=\"250\" data-src=\"https:\/\/gazetaregionalna.com\/wp-content\/uploads\/2022\/04\/DMK-9.jpg\" alt=\"\" class=\"wp-image-77216 lazyload\" src=\"data:image\/svg+xml;base64,PHN2ZyB3aWR0aD0iMSIgaGVpZ2h0PSIxIiB4bWxucz0iaHR0cDovL3d3dy53My5vcmcvMjAwMC9zdmciPjwvc3ZnPg==\" style=\"--smush-placeholder-width: 300px; --smush-placeholder-aspect-ratio: 300\/250;\"><\/figure>\n","protected":false},"excerpt":{"rendered":"<p>Zawodnicy 1-ligowej Skry Cz\u0119stochowa rozegrali w sobot\u0119 pierwszy mecz kontrolny w 2023 roku. Cz\u0119stochowianie zremisowali na wyje\u017adzie z GKS-em Tychy 0:0. Pi\u0142karze 1-ligowej Skry<\/p>\n","protected":false},"author":15,"featured_media":99399,"comment_status":"closed","ping_status":"open","sticky":false,"template":"","format":"standard","meta":{"_monsterinsights_skip_tracking":false,"_monsterinsights_sitenote_active":false,"_monsterinsights_sitenote_note":"","_monsterinsights_sitenote_category":0,"_uf_show_specific_survey":0,"_uf_disable_surveys":false,"footnotes":""},"categories":[5,6],"tags":[],"class_list":["post-99398","post","type-post","status-publish","format-standard","has-post-thumbnail","hentry","category-sport","category-pilka-nozna"],"_links":{"self":[{"href":"https:\/\/gazetaregionalna.com\/index.php?rest_route=\/wp\/v2\/posts\/99398","targetHints":{"allow":["GET"]}}],"collection":[{"href":"https:\/\/gazetaregionalna.com\/index.php?rest_route=\/wp\/v2\/posts"}],"about":[{"href":"https:\/\/gazetaregionalna.com\/index.php?rest_route=\/wp\/v2\/types\/post"}],"author":[{"embeddable":true,"href":"https:\/\/gazetaregionalna.com\/index.php?rest_route=\/wp\/v2\/users\/15"}],"replies":[{"embeddable":true,"href":"https:\/\/gazetaregionalna.com\/index.php?rest_route=%2Fwp%2Fv2%2Fcomments&post=99398"}],"version-history":[{"count":1,"href":"https:\/\/gazetaregionalna.com\/index.php?rest_route=\/wp\/v2\/posts\/99398\/revisions"}],"predecessor-version":[{"id":99400,"href":"https:\/\/gazetaregionalna.com\/index.php?rest_route=\/wp\/v2\/posts\/99398\/revisions\/99400"}],"wp:featuredmedia":[{"embeddable":true,"href":"https:\/\/gazetaregionalna.com\/index.php?rest_route=\/wp\/v2\/media\/99399"}],"wp:attachment":[{"href":"https:\/\/gazetaregionalna.com\/index.php?rest_route=%2Fwp%2Fv2%2Fmedia&parent=99398"}],"wp:term":[{"taxonomy":"category","embeddable":true,"href":"https:\/\/gazetaregionalna.com\/index.php?rest_route=%2Fwp%2Fv2%2Fcategories&post=99398"},{"taxonomy":"post_tag","embeddable":true,"href":"https:\/\/gazetaregionalna.com\/index.php?rest_route=%2Fwp%2Fv2%2Ftags&post=99398"}],"curies":[{"name":"wp","href":"https:\/\/api.w.org\/{rel}","templated":true}]}}