{"id":99388,"date":"2023-01-14T13:04:11","date_gmt":"2023-01-14T13:04:11","guid":{"rendered":"https:\/\/gazetaregionalna.com\/?p=99388"},"modified":"2023-01-14T13:04:13","modified_gmt":"2023-01-14T13:04:13","slug":"uczniowie-szkoly-podstawowej-38-pomoc","status":"publish","type":"post","link":"https:\/\/gazetaregionalna.com\/?p=99388","title":{"rendered":"Cz\u0119stochowa. Uczniowie Szko\u0142y Podstawowej nr 38 apeluj\u0105 o pomoc dla taty kolegi"},"content":{"rendered":"\n<h2 class=\"wp-block-heading\">Jan Mizerski toczy walk\u0119 z rakiem \u017co\u0142\u0105dka. Nadziej\u0119 daje leczenie w niemieckiej klinice. Pom\u00f3c w zebraniu 200 tys. z\u0142 ma zbi\u00f3rka internetowa. Do jej wsparcia zach\u0119caj\u0105 uczniowie i nauczyciele Szko\u0142y Podstawowej nr 38 w Cz\u0119stochowie. Pan Jan jest bowiem tat\u0105 dwojga uczni\u00f3w tej plac\u00f3wki.<\/h2>\n\n\n\n<p>Niedawno na portalu zrzutka.pl ruszy\u0142a zbi\u00f3rka pod has\u0142em <a href=\"https:\/\/zrzutka.pl\/dy9m85?fbclid=IwAR2NPLjV_K_LvPsLcy2zDMyVcN4n_jM7-z4Y1SB0CtrfIk-w8taDxhwIMVI\" target=\"_blank\" rel=\"noopener\">&#8222;Pom\u00f3\u017ccie Jankowi wr\u00f3ci\u0107 do zdrowia&#8221;<\/a>. Jej bohaterem jest 43-letni Jan Mizerski, m\u0105\u017c i tata dw\u00f3ch ch\u0142opc\u00f3w. Od marca 2022 r. toczy on nier\u00f3wn\u0105 walk\u0119 z rakiem \u017co\u0142\u0105dka. Miesi\u0105c p\u00f3\u017aniej przeszed\u0142 cykl czterech chemii w Narodowym Instytucie Onkologii w Warszawie. Po nim nast\u0105pi\u0142a operacja ca\u0142kowitej resekcji \u017co\u0142\u0105dka wraz z w\u0119z\u0142ami ch\u0142onnymi. Po operacji kolejne cztery cykle chemii&#8230; <\/p>\n\n\n\n<figure class=\"wp-block-image size-large\"><img decoding=\"async\" width=\"1024\" height=\"576\" data-src=\"https:\/\/gazetaregionalna.com\/wp-content\/uploads\/2023\/01\/BaoONtYhtZM57YjA-1024x576.jpg\" alt=\"\" class=\"wp-image-99392 lazyload\" data-srcset=\"https:\/\/gazetaregionalna.com\/wp-content\/uploads\/2023\/01\/BaoONtYhtZM57YjA-1024x576.jpg 1024w, https:\/\/gazetaregionalna.com\/wp-content\/uploads\/2023\/01\/BaoONtYhtZM57YjA-300x169.jpg 300w, https:\/\/gazetaregionalna.com\/wp-content\/uploads\/2023\/01\/BaoONtYhtZM57YjA-768x432.jpg 768w, https:\/\/gazetaregionalna.com\/wp-content\/uploads\/2023\/01\/BaoONtYhtZM57YjA-1536x864.jpg 1536w, https:\/\/gazetaregionalna.com\/wp-content\/uploads\/2023\/01\/BaoONtYhtZM57YjA-2048x1151.jpg 2048w, https:\/\/gazetaregionalna.com\/wp-content\/uploads\/2023\/01\/BaoONtYhtZM57YjA-696x391.jpg 696w, https:\/\/gazetaregionalna.com\/wp-content\/uploads\/2023\/01\/BaoONtYhtZM57YjA-1068x600.jpg 1068w, https:\/\/gazetaregionalna.com\/wp-content\/uploads\/2023\/01\/BaoONtYhtZM57YjA-1920x1079.jpg 1920w, https:\/\/gazetaregionalna.com\/wp-content\/uploads\/2023\/01\/BaoONtYhtZM57YjA-747x420.jpg 747w, https:\/\/gazetaregionalna.com\/wp-content\/uploads\/2023\/01\/BaoONtYhtZM57YjA-scaled.jpg 1600w\" data-sizes=\"(max-width: 1024px) 100vw, 1024px\" src=\"data:image\/svg+xml;base64,PHN2ZyB3aWR0aD0iMSIgaGVpZ2h0PSIxIiB4bWxucz0iaHR0cDovL3d3dy53My5vcmcvMjAwMC9zdmciPjwvc3ZnPg==\" style=\"--smush-placeholder-width: 1024px; --smush-placeholder-aspect-ratio: 1024\/576;\" \/><figcaption>mat. ze strony zrzutka.pl<\/figcaption><\/figure>\n\n\n\n<p>W pa\u017adzierniku pojawi\u0142y si\u0119 problemy z jedzeniem. M\u0119\u017cczyzna obecnie nie mo\u017ce ani je\u015b\u0107, ani pi\u0107. Na t\u0119 chwil\u0119 karmiony jest pozajelitowo poprzez worki \u017cywieniowe.<\/p>\n\n\n\n<p>Ratunek oferuje Klinika w Niemczech, kt\u00f3ra prowadzi innowacyjny spos\u00f3b terapii. To leczenie jest bardzo kosztowne &#8211; blisko 5 000 euro za jeden tygodniowy cykl (a potrzeba ich dziesi\u0119\u0107). Nadziej\u0119 na uzbieranie niezb\u0119dnej kwoty daje w\u0142a\u015bnie internetowa zbi\u00f3rka.<\/p>\n\n\n\n<p>Jej celem jest zebranie 200 tys. z\u0142. Zrzutka trwa jeszcze ponad 80 dni, mo\u017cna j\u0105 znale\u017a\u0107 <a href=\"https:\/\/zrzutka.pl\/dy9m85?fbclid=IwAR2NPLjV_K_LvPsLcy2zDMyVcN4n_jM7-z4Y1SB0CtrfIk-w8taDxhwIMVI\" target=\"_blank\" rel=\"noopener\">TUTAJ<\/a>.<\/p>\n\n\n\n<figure class=\"wp-block-image size-large\"><img decoding=\"async\" width=\"1024\" height=\"485\" data-src=\"https:\/\/gazetaregionalna.com\/wp-content\/uploads\/2023\/01\/T4HiGMPhNGfFV55L-1024x485.jpg\" alt=\"\" class=\"wp-image-99395 lazyload\" data-srcset=\"https:\/\/gazetaregionalna.com\/wp-content\/uploads\/2023\/01\/T4HiGMPhNGfFV55L-1024x485.jpg 1024w, https:\/\/gazetaregionalna.com\/wp-content\/uploads\/2023\/01\/T4HiGMPhNGfFV55L-300x142.jpg 300w, https:\/\/gazetaregionalna.com\/wp-content\/uploads\/2023\/01\/T4HiGMPhNGfFV55L-768x363.jpg 768w, https:\/\/gazetaregionalna.com\/wp-content\/uploads\/2023\/01\/T4HiGMPhNGfFV55L-1536x727.jpg 1536w, https:\/\/gazetaregionalna.com\/wp-content\/uploads\/2023\/01\/T4HiGMPhNGfFV55L-2048x969.jpg 2048w, https:\/\/gazetaregionalna.com\/wp-content\/uploads\/2023\/01\/T4HiGMPhNGfFV55L-696x329.jpg 696w, https:\/\/gazetaregionalna.com\/wp-content\/uploads\/2023\/01\/T4HiGMPhNGfFV55L-1068x505.jpg 1068w, https:\/\/gazetaregionalna.com\/wp-content\/uploads\/2023\/01\/T4HiGMPhNGfFV55L-1920x909.jpg 1920w, https:\/\/gazetaregionalna.com\/wp-content\/uploads\/2023\/01\/T4HiGMPhNGfFV55L-888x420.jpg 888w, https:\/\/gazetaregionalna.com\/wp-content\/uploads\/2023\/01\/T4HiGMPhNGfFV55L-scaled.jpg 1600w\" data-sizes=\"(max-width: 1024px) 100vw, 1024px\" src=\"data:image\/svg+xml;base64,PHN2ZyB3aWR0aD0iMSIgaGVpZ2h0PSIxIiB4bWxucz0iaHR0cDovL3d3dy53My5vcmcvMjAwMC9zdmciPjwvc3ZnPg==\" style=\"--smush-placeholder-width: 1024px; --smush-placeholder-aspect-ratio: 1024\/485;\" \/><figcaption>mat. ze strony zrzutka.pl<\/figcaption><\/figure>\n\n\n\n<h4 class=\"wp-block-heading\">Na pomoc ruszyli uczniowie SP nr 38<\/h4>\n\n\n\n<p>Odbi\u00f3r ludzi o dobrych sercach od razu by\u0142 imponuj\u0105cy. Na koncie zbi\u00f3rki jest ju\u017c ponad 168 tys. z\u0142! Do zrzutki do\u0142o\u017cy\u0142o si\u0119 ponad tysi\u0105c os\u00f3b. Do upragnionego celu pozosta\u0142o ju\u017c niewiele!<\/p>\n\n\n\n<p>O pomoc dla pana Jana od pocz\u0105tku apeluj\u0105 nauczyciele i uczniowie <a href=\"https:\/\/www.facebook.com\/profile.php?id=100063639906598\" target=\"_blank\" rel=\"noopener\">Szko\u0142y Podstawowej nr 38 w Cz\u0119stochowie<\/a>. <\/p>\n\n\n\n<p>&#8211; Potrzebna pomoc dla Taty naszych dw\u00f3ch uczni\u00f3w! Poka\u017cmy nasze wielkie serca! Tata Jakuba Mizerskiego z klasy 5b i Kacpra z klasy 2b potrzebuje pomocy! Pan Jan &#8211; aktywny sportowiec, dbaj\u0105cy o diet\u0119, ci\u0105gle u\u015bmiechni\u0119ty optymista &#8211; jest ci\u0119\u017cko chory. Jedynym ratunkiem jest Klinika w Niemczech, kt\u00f3ra prowadzi innowacyjny spos\u00f3b terapii. Rodzina bardzo chcia\u0142aby spr\u00f3bowa\u0107 i dlatego zwracamy si\u0119 do Was, Kochani, o pomoc i wsparcie &#8211;  apeluj\u0105 na swojej facebookowej stronie przedstawiciele szko\u0142y.<\/p>\n\n\n\n<figure class=\"wp-block-image size-large\"><img decoding=\"async\" width=\"1024\" height=\"683\" data-src=\"https:\/\/gazetaregionalna.com\/wp-content\/uploads\/2023\/01\/SP_02590-1024x683.jpg\" alt=\"\" class=\"wp-image-99394 lazyload\" data-srcset=\"https:\/\/gazetaregionalna.com\/wp-content\/uploads\/2023\/01\/SP_02590-1024x683.jpg 1024w, https:\/\/gazetaregionalna.com\/wp-content\/uploads\/2023\/01\/SP_02590-300x200.jpg 300w, https:\/\/gazetaregionalna.com\/wp-content\/uploads\/2023\/01\/SP_02590-768x512.jpg 768w, https:\/\/gazetaregionalna.com\/wp-content\/uploads\/2023\/01\/SP_02590-1536x1024.jpg 1536w, https:\/\/gazetaregionalna.com\/wp-content\/uploads\/2023\/01\/SP_02590-2048x1365.jpg 2048w, https:\/\/gazetaregionalna.com\/wp-content\/uploads\/2023\/01\/SP_02590-696x464.jpg 696w, https:\/\/gazetaregionalna.com\/wp-content\/uploads\/2023\/01\/SP_02590-1068x712.jpg 1068w, https:\/\/gazetaregionalna.com\/wp-content\/uploads\/2023\/01\/SP_02590-1920x1280.jpg 1920w, https:\/\/gazetaregionalna.com\/wp-content\/uploads\/2023\/01\/SP_02590-630x420.jpg 630w, https:\/\/gazetaregionalna.com\/wp-content\/uploads\/2023\/01\/SP_02590-scaled.jpg 1600w\" data-sizes=\"(max-width: 1024px) 100vw, 1024px\" src=\"data:image\/svg+xml;base64,PHN2ZyB3aWR0aD0iMSIgaGVpZ2h0PSIxIiB4bWxucz0iaHR0cDovL3d3dy53My5vcmcvMjAwMC9zdmciPjwvc3ZnPg==\" style=\"--smush-placeholder-width: 1024px; --smush-placeholder-aspect-ratio: 1024\/683;\" \/><figcaption>mat. SP nr 38<\/figcaption><\/figure>\n\n\n\n<p>By odda\u0107 swoj\u0105 solidarno\u015b\u0107, uczniowie i nauczyciele wzi\u0119li udzia\u0142 w sesji fotograficznej organizowanej w sali widowiskowej. D\u0142onie u\u0142o\u017cone w serduszka maj\u0105 doda\u0107 panu Janowi si\u0142 do walki, a mieszka\u0144c\u00f3w Cz\u0119stochowy zach\u0119ci\u0107 do pomocy.<\/p>\n\n\n\n<p>-Walczymy o \u017cycie pana Jana, aby on i rodzina mogli cieszy\u0107 si\u0119 ka\u017cdym dniem! &#8211; zaznacza SP 38.<\/p>\n\n\n\n<p>Szkolnej akcji przewodzi has\u0142o: &#8222;Ile dasz dobrego z siebie tyle Ci si\u0119 zwr\u00f3ci. Od innych os\u00f3b, w innej postaci, w innym czasie, ale na pewno wr\u00f3ci do Ciebie&#8221;.<\/p>\n\n\n\n<p><strong>red.<\/strong><\/p>\n","protected":false},"excerpt":{"rendered":"<p>Jan Mizerski toczy walk\u0119 z rakiem \u017co\u0142\u0105dka. Nadziej\u0119 daje leczenie w niemieckiej klinice. Pom\u00f3c w zebraniu 200 tys. z\u0142 ma zbi\u00f3rka internetowa. Do jej<\/p>\n","protected":false},"author":11,"featured_media":99393,"comment_status":"closed","ping_status":"open","sticky":false,"template":"","format":"standard","meta":{"_monsterinsights_skip_tracking":false,"_monsterinsights_sitenote_active":false,"_monsterinsights_sitenote_note":"","_monsterinsights_sitenote_category":0,"_uf_show_specific_survey":0,"_uf_disable_surveys":false,"footnotes":""},"categories":[3,41,94,2,37],"tags":[467,7318,1806,1135,929],"class_list":["post-99388","post","type-post","status-publish","format-standard","has-post-thumbnail","hentry","category-czestochowa-informacje","category-edukacja","category-polecane","category-wiadomosci","category-zdrowie","tag-pomoc","tag-szkola-podstawowa-nr-38","tag-uczniowie","tag-zbiorka","tag-zrzutka-pl"],"_links":{"self":[{"href":"https:\/\/gazetaregionalna.com\/index.php?rest_route=\/wp\/v2\/posts\/99388","targetHints":{"allow":["GET"]}}],"collection":[{"href":"https:\/\/gazetaregionalna.com\/index.php?rest_route=\/wp\/v2\/posts"}],"about":[{"href":"https:\/\/gazetaregionalna.com\/index.php?rest_route=\/wp\/v2\/types\/post"}],"author":[{"embeddable":true,"href":"https:\/\/gazetaregionalna.com\/index.php?rest_route=\/wp\/v2\/users\/11"}],"replies":[{"embeddable":true,"href":"https:\/\/gazetaregionalna.com\/index.php?rest_route=%2Fwp%2Fv2%2Fcomments&post=99388"}],"version-history":[{"count":2,"href":"https:\/\/gazetaregionalna.com\/index.php?rest_route=\/wp\/v2\/posts\/99388\/revisions"}],"predecessor-version":[{"id":99396,"href":"https:\/\/gazetaregionalna.com\/index.php?rest_route=\/wp\/v2\/posts\/99388\/revisions\/99396"}],"wp:featuredmedia":[{"embeddable":true,"href":"https:\/\/gazetaregionalna.com\/index.php?rest_route=\/wp\/v2\/media\/99393"}],"wp:attachment":[{"href":"https:\/\/gazetaregionalna.com\/index.php?rest_route=%2Fwp%2Fv2%2Fmedia&parent=99388"}],"wp:term":[{"taxonomy":"category","embeddable":true,"href":"https:\/\/gazetaregionalna.com\/index.php?rest_route=%2Fwp%2Fv2%2Fcategories&post=99388"},{"taxonomy":"post_tag","embeddable":true,"href":"https:\/\/gazetaregionalna.com\/index.php?rest_route=%2Fwp%2Fv2%2Ftags&post=99388"}],"curies":[{"name":"wp","href":"https:\/\/api.w.org\/{rel}","templated":true}]}}