{"id":99382,"date":"2023-01-14T09:14:38","date_gmt":"2023-01-14T09:14:38","guid":{"rendered":"https:\/\/gazetaregionalna.com\/?p=99382"},"modified":"2023-01-14T09:14:40","modified_gmt":"2023-01-14T09:14:40","slug":"trener-rakowa-marek-papszun-po-sparingu-z-qarabachem-wartosciowy-sparing-z-takim-rywalem","status":"publish","type":"post","link":"https:\/\/gazetaregionalna.com\/?p=99382","title":{"rendered":"Trener Rakowa Marek Papszun po sparingu z Qarabachem:  Warto\u015bciowy sparing z takim rywalem"},"content":{"rendered":"\n<p>&#8211; Dobry mecz, bardzo dobry przeciwnik, bardzo dobre boisko i warto\u015bciowy sparing z takim rywalem, kt\u00f3ry niedawno konfrontowa\u0142 si\u0119 z Lechem i wiadomo jak to si\u0119 sko\u0144czy\u0142o.<\/p>\n\n\n\n<p>Rak\u00f3w Cz\u0119stochowa rozegra\u0142 w pi\u0105tek pierwszy oficjalny sparing. Rywalem by\u0142 mistrz Azerbejd\u017canu Qarabag Akdam. Rak\u00f3w wygra\u0142 3:0. Po meczu mecz oceni\u0142 trener Rakowa Marek Papszun, kt\u00f3ry odpowiada\u0142 na pytania rzecznika prasowego klubu oraz dziennikarzy.<\/p>\n\n\n\n<p>&#8211; To drugi sparing z Qarabachem, pierwszy by\u0142 tajny \u2013 zacz\u0105\u0142 trener Rakowa Marek Papszun. &#8211; Dobry mecz, bardzo dobry przeciwnik, bardzo dobre boisko i warto\u015bciowy sparing z takim rywalem, kt\u00f3ry niedawno konfrontowa\u0142 si\u0119 z Lechem i wiadomo jak to si\u0119 sko\u0144czy\u0142o. Warto by\u0142o si\u0119 sprawdzi\u0107 na tle tego rywala. Cieszy momentami dobra gra i bardzo dobra organizacja. I zdecydowane zwyci\u0119stwo. W drugiej po\u0142owie mecz by\u0142 kontrol\u0105, w pierwszej po\u0142owie mo\u017ce troch\u0119 za bardzo si\u0119 cofn\u0119li\u015bmy.<\/p>\n\n\n\n<p>Je\u015bli chodzi o stan kadrowy to jest \u015brednio. Tak bym to og\u00f3lnie uj\u0105\u0142. Nie przyjechali z Polski Czy\u017c i Gwillia. Kontuzjowany jest Kochergin. Nie wyst\u0105pi\u0142 dzisiaj Arseni\u0107, Niewulis i Wdowiak. Sze\u015bciu graczy nam wypad\u0142o i to jest zmartwienie. Ale zawodnicy, kt\u00f3rzy do nas do\u0142\u0105czyli s\u0105 ju\u017c na jakim\u015b poziomie przyzwoito\u015bci, \u017ce mog\u0105 zagra\u0107 w sparingu.<\/p>\n\n\n\n<p>Trener Papszun odpowiada\u0142 te\u017c na pytania. Jedno z nich dotyczy\u0142o kolejnych ruch\u00f3w transferowych w Rakowie.<\/p>\n\n\n\n<p>&#8211; My\u015bl\u0119, \u017ce to jest trudne pytanie, bo na dzisiaj mamy kadr\u0119 ilo\u015bciowo obsadzon\u0105, ale my\u015blimy jeszcze o jaki\u015b ruchach i zobaczymy czy to si\u0119 powiedzie \u2013 dodaje trener Papszun. &#8211; Nale\u017cy si\u0119 spodziewa\u0107 ruch\u00f3w wychodz\u0105cych i to jest bardziej prawdopodobne w chwili obecnej.<\/p>\n\n\n\n<p>Pytano te\u017c o odej\u015bcie Deiana Sorescu.<\/p>\n\n\n\n<p>&#8211; Jest taka mo\u017cliwo\u015b\u0107 \u2013 doda\u0142 cz\u0119stochowski szkoleniowiec. &#8211; Dop\u00f3ki nie b\u0119dzie to sfinalizowane to zobaczymy. Dzisiaj nie gra\u0142. To nie jest tajemnica, \u017ce jakie\u015b rozmowy s\u0105 prowadzone&#8230;<\/p>\n\n\n\n<p>MR-K, fot: Jakub Ziemianin (Rak\u00f3w Cz\u0119stochowa)<\/p>\n\n\n\n<figure class=\"wp-block-image size-large\"><img decoding=\"async\" width=\"1024\" height=\"683\" data-src=\"https:\/\/gazetaregionalna.com\/wp-content\/uploads\/2023\/01\/Rakow-Garabag-2-foto-Jakub-Ziemianin-1024x683.jpg\" alt=\"\" class=\"wp-image-99383 lazyload\" data-srcset=\"https:\/\/gazetaregionalna.com\/wp-content\/uploads\/2023\/01\/Rakow-Garabag-2-foto-Jakub-Ziemianin-1024x683.jpg 1024w, https:\/\/gazetaregionalna.com\/wp-content\/uploads\/2023\/01\/Rakow-Garabag-2-foto-Jakub-Ziemianin-300x200.jpg 300w, https:\/\/gazetaregionalna.com\/wp-content\/uploads\/2023\/01\/Rakow-Garabag-2-foto-Jakub-Ziemianin-768x512.jpg 768w, https:\/\/gazetaregionalna.com\/wp-content\/uploads\/2023\/01\/Rakow-Garabag-2-foto-Jakub-Ziemianin-1536x1024.jpg 1536w, https:\/\/gazetaregionalna.com\/wp-content\/uploads\/2023\/01\/Rakow-Garabag-2-foto-Jakub-Ziemianin-696x464.jpg 696w, https:\/\/gazetaregionalna.com\/wp-content\/uploads\/2023\/01\/Rakow-Garabag-2-foto-Jakub-Ziemianin-1068x712.jpg 1068w, https:\/\/gazetaregionalna.com\/wp-content\/uploads\/2023\/01\/Rakow-Garabag-2-foto-Jakub-Ziemianin-1920x1280.jpg 1920w, https:\/\/gazetaregionalna.com\/wp-content\/uploads\/2023\/01\/Rakow-Garabag-2-foto-Jakub-Ziemianin-630x420.jpg 630w, https:\/\/gazetaregionalna.com\/wp-content\/uploads\/2023\/01\/Rakow-Garabag-2-foto-Jakub-Ziemianin-scaled.jpg 1600w\" data-sizes=\"(max-width: 1024px) 100vw, 1024px\" src=\"data:image\/svg+xml;base64,PHN2ZyB3aWR0aD0iMSIgaGVpZ2h0PSIxIiB4bWxucz0iaHR0cDovL3d3dy53My5vcmcvMjAwMC9zdmciPjwvc3ZnPg==\" style=\"--smush-placeholder-width: 1024px; --smush-placeholder-aspect-ratio: 1024\/683;\" \/><\/figure>\n\n\n\n<figure class=\"wp-block-image size-large\"><img decoding=\"async\" width=\"300\" height=\"250\" data-src=\"https:\/\/gazetaregionalna.com\/wp-content\/uploads\/2022\/04\/DMK-5.jpg\" alt=\"\" class=\"wp-image-77213 lazyload\" src=\"data:image\/svg+xml;base64,PHN2ZyB3aWR0aD0iMSIgaGVpZ2h0PSIxIiB4bWxucz0iaHR0cDovL3d3dy53My5vcmcvMjAwMC9zdmciPjwvc3ZnPg==\" style=\"--smush-placeholder-width: 300px; --smush-placeholder-aspect-ratio: 300\/250;\"><\/figure>\n\n\n\n<figure class=\"wp-block-image size-large\"><img decoding=\"async\" width=\"1024\" height=\"683\" data-src=\"https:\/\/gazetaregionalna.com\/wp-content\/uploads\/2023\/01\/Rakow-Qarabag-1024x683.jpg\" alt=\"\" class=\"wp-image-99384 lazyload\" data-srcset=\"https:\/\/gazetaregionalna.com\/wp-content\/uploads\/2023\/01\/Rakow-Qarabag-1024x683.jpg 1024w, https:\/\/gazetaregionalna.com\/wp-content\/uploads\/2023\/01\/Rakow-Qarabag-300x200.jpg 300w, https:\/\/gazetaregionalna.com\/wp-content\/uploads\/2023\/01\/Rakow-Qarabag-768x512.jpg 768w, https:\/\/gazetaregionalna.com\/wp-content\/uploads\/2023\/01\/Rakow-Qarabag-1536x1024.jpg 1536w, https:\/\/gazetaregionalna.com\/wp-content\/uploads\/2023\/01\/Rakow-Qarabag-696x464.jpg 696w, https:\/\/gazetaregionalna.com\/wp-content\/uploads\/2023\/01\/Rakow-Qarabag-1068x712.jpg 1068w, https:\/\/gazetaregionalna.com\/wp-content\/uploads\/2023\/01\/Rakow-Qarabag-1920x1280.jpg 1920w, https:\/\/gazetaregionalna.com\/wp-content\/uploads\/2023\/01\/Rakow-Qarabag-630x420.jpg 630w, https:\/\/gazetaregionalna.com\/wp-content\/uploads\/2023\/01\/Rakow-Qarabag-scaled.jpg 1600w\" data-sizes=\"(max-width: 1024px) 100vw, 1024px\" src=\"data:image\/svg+xml;base64,PHN2ZyB3aWR0aD0iMSIgaGVpZ2h0PSIxIiB4bWxucz0iaHR0cDovL3d3dy53My5vcmcvMjAwMC9zdmciPjwvc3ZnPg==\" style=\"--smush-placeholder-width: 1024px; --smush-placeholder-aspect-ratio: 1024\/683;\" \/><\/figure>\n\n\n\n<p><\/p>\n","protected":false},"excerpt":{"rendered":"<p>&#8211; Dobry mecz, bardzo dobry przeciwnik, bardzo dobre boisko i warto\u015bciowy sparing z takim rywalem, kt\u00f3ry niedawno konfrontowa\u0142 si\u0119 z Lechem i wiadomo jak<\/p>\n","protected":false},"author":15,"featured_media":99384,"comment_status":"closed","ping_status":"open","sticky":false,"template":"","format":"standard","meta":{"_monsterinsights_skip_tracking":false,"_monsterinsights_sitenote_active":false,"_monsterinsights_sitenote_note":"","_monsterinsights_sitenote_category":0,"_uf_show_specific_survey":0,"_uf_disable_surveys":false,"footnotes":""},"categories":[94,6,5],"tags":[],"class_list":["post-99382","post","type-post","status-publish","format-standard","has-post-thumbnail","hentry","category-polecane","category-pilka-nozna","category-sport"],"_links":{"self":[{"href":"https:\/\/gazetaregionalna.com\/index.php?rest_route=\/wp\/v2\/posts\/99382","targetHints":{"allow":["GET"]}}],"collection":[{"href":"https:\/\/gazetaregionalna.com\/index.php?rest_route=\/wp\/v2\/posts"}],"about":[{"href":"https:\/\/gazetaregionalna.com\/index.php?rest_route=\/wp\/v2\/types\/post"}],"author":[{"embeddable":true,"href":"https:\/\/gazetaregionalna.com\/index.php?rest_route=\/wp\/v2\/users\/15"}],"replies":[{"embeddable":true,"href":"https:\/\/gazetaregionalna.com\/index.php?rest_route=%2Fwp%2Fv2%2Fcomments&post=99382"}],"version-history":[{"count":1,"href":"https:\/\/gazetaregionalna.com\/index.php?rest_route=\/wp\/v2\/posts\/99382\/revisions"}],"predecessor-version":[{"id":99385,"href":"https:\/\/gazetaregionalna.com\/index.php?rest_route=\/wp\/v2\/posts\/99382\/revisions\/99385"}],"wp:featuredmedia":[{"embeddable":true,"href":"https:\/\/gazetaregionalna.com\/index.php?rest_route=\/wp\/v2\/media\/99384"}],"wp:attachment":[{"href":"https:\/\/gazetaregionalna.com\/index.php?rest_route=%2Fwp%2Fv2%2Fmedia&parent=99382"}],"wp:term":[{"taxonomy":"category","embeddable":true,"href":"https:\/\/gazetaregionalna.com\/index.php?rest_route=%2Fwp%2Fv2%2Fcategories&post=99382"},{"taxonomy":"post_tag","embeddable":true,"href":"https:\/\/gazetaregionalna.com\/index.php?rest_route=%2Fwp%2Fv2%2Ftags&post=99382"}],"curies":[{"name":"wp","href":"https:\/\/api.w.org\/{rel}","templated":true}]}}