{"id":9923,"date":"2020-02-09T19:52:11","date_gmt":"2020-02-09T19:52:11","guid":{"rendered":"https:\/\/gazetaregionalna.com\/?p=9923"},"modified":"2020-02-09T20:04:00","modified_gmt":"2020-02-09T20:04:00","slug":"gwaltowny-niz-na-polska-ostrzezenie-wydalo-imgw","status":"publish","type":"post","link":"https:\/\/gazetaregionalna.com\/?p=9923","title":{"rendered":"Gwa\u0142towny ni\u017c na Polsk\u0105, ostrze\u017cenie dla \u015al\u0105ska wyda\u0142o IMGW"},"content":{"rendered":"\n<p><\/p>\n\n\n\n<h2 class=\"wp-block-heading\"><strong> Instytut Meteorologii i Gospodarki Wodnej<\/strong> wyda\u0142 ostrze\u017cenie dla naszego regionu<\/h2>\n\n\n\n<p><\/p>\n\n\n\n<p><br>Przewiduje si\u0119 wyst\u0105pienie silnego wiatru o \u015bredniej pr\u0119dko\u015bci od 30 km\/h do 40 km\/h, w porywach do 100 km\/h, po\u0142udniowy skr\u0119caj\u0105cy na po\u0142udniowo-zachodni i zachodni. Maksymalna pr\u0119dko\u015b\u0107 wiatru wyst\u0105pi w poniedzia\u0142ek (10.02) od 09:00 do 18:00. <\/p>\n\n\n\n<p>Jeszcze silniej powieje w zachodniej i po\u0142udniowej cz\u0119\u015bci Polski. W Tatrach i Sudetach wiatr b\u0119dzie w porywach osi\u0105ga\u0142 do 200 km\/h.<\/p>\n\n\n\n<p> Tak silne porywy wiatru mog\u0105 powodowa\u0107 \u0142amanie ga\u0142\u0119zi drzew, uszkodzenia sieci energetycznej i&nbsp;utrudnienia komunikacyjne. Zalecamy ostro\u017cno\u015b\u0107 <\/p>\n","protected":false},"excerpt":{"rendered":"<p>Instytut Meteorologii i Gospodarki Wodnej wyda\u0142 ostrze\u017cenie dla naszego regionu Przewiduje si\u0119 wyst\u0105pienie silnego wiatru o \u015bredniej pr\u0119dko\u015bci od 30 km\/h do 40 km\/h,<\/p>\n","protected":false},"author":4,"featured_media":9924,"comment_status":"open","ping_status":"open","sticky":false,"template":"","format":"standard","meta":{"_monsterinsights_skip_tracking":false,"_monsterinsights_sitenote_active":false,"_monsterinsights_sitenote_note":"","_monsterinsights_sitenote_category":0,"_uf_show_specific_survey":0,"_uf_disable_surveys":false,"footnotes":""},"categories":[2,44],"tags":[333],"class_list":["post-9923","post","type-post","status-publish","format-standard","has-post-thumbnail","hentry","category-wiadomosci","category-bezpieczenstwo","tag-imgw"],"_links":{"self":[{"href":"https:\/\/gazetaregionalna.com\/index.php?rest_route=\/wp\/v2\/posts\/9923","targetHints":{"allow":["GET"]}}],"collection":[{"href":"https:\/\/gazetaregionalna.com\/index.php?rest_route=\/wp\/v2\/posts"}],"about":[{"href":"https:\/\/gazetaregionalna.com\/index.php?rest_route=\/wp\/v2\/types\/post"}],"author":[{"embeddable":true,"href":"https:\/\/gazetaregionalna.com\/index.php?rest_route=\/wp\/v2\/users\/4"}],"replies":[{"embeddable":true,"href":"https:\/\/gazetaregionalna.com\/index.php?rest_route=%2Fwp%2Fv2%2Fcomments&post=9923"}],"version-history":[{"count":5,"href":"https:\/\/gazetaregionalna.com\/index.php?rest_route=\/wp\/v2\/posts\/9923\/revisions"}],"predecessor-version":[{"id":9929,"href":"https:\/\/gazetaregionalna.com\/index.php?rest_route=\/wp\/v2\/posts\/9923\/revisions\/9929"}],"wp:featuredmedia":[{"embeddable":true,"href":"https:\/\/gazetaregionalna.com\/index.php?rest_route=\/wp\/v2\/media\/9924"}],"wp:attachment":[{"href":"https:\/\/gazetaregionalna.com\/index.php?rest_route=%2Fwp%2Fv2%2Fmedia&parent=9923"}],"wp:term":[{"taxonomy":"category","embeddable":true,"href":"https:\/\/gazetaregionalna.com\/index.php?rest_route=%2Fwp%2Fv2%2Fcategories&post=9923"},{"taxonomy":"post_tag","embeddable":true,"href":"https:\/\/gazetaregionalna.com\/index.php?rest_route=%2Fwp%2Fv2%2Ftags&post=9923"}],"curies":[{"name":"wp","href":"https:\/\/api.w.org\/{rel}","templated":true}]}}