{"id":9920,"date":"2020-02-09T11:35:05","date_gmt":"2020-02-09T11:35:05","guid":{"rendered":"https:\/\/gazetaregionalna.com\/?p=9920"},"modified":"2020-02-09T11:35:08","modified_gmt":"2020-02-09T11:35:08","slug":"z-zawiercia-do-myszkowa-inaczej","status":"publish","type":"post","link":"https:\/\/gazetaregionalna.com\/?p=9920","title":{"rendered":"Z Zawiercia do Myszkowa inaczej"},"content":{"rendered":"\n<p>Od 10 lutego do 31 sierpnia kierowcy podr\u00f3\u017cuj\u0105cy z Zawiercia do Myszkowa musz\u0105 si\u0119 liczy\u0107 z objazdami.<br>\nFirma Drog-Bud Sp. z o.o. &#8211; wykonawca przebudowy drogi 791 w Zawierciu od poniedzia\u0142ku wprowadza zmian\u0119 w  organizacji ruchu na czas prowadzenia przebudowy drogi wojew\u00f3dzkiej nr 791 od DK 1 do DK 78 etap II. <br>\nZmiana polega\u0107 b\u0119dzie na zamkni\u0119ciu drogi 791 (ulica Mrzyg\u0142odzka w Zawierciu) na odcinku 2,2 km od ronda przy Hotelu Villa Verde do skrzy\u017cowania z ulicami Rolnicz\u0105 i 11 Listopada (mapka w za\u0142\u0105czniku).<br>\nObjazd zosta\u0142 wyznaczony drog\u0105 wojew\u00f3dzk\u0105 78 od DW 791 w Zawierciu i ul. Inwestycyjn\u0105 (DW 796). <\/p>\n","protected":false},"excerpt":{"rendered":"<p>Od 10 lutego do 31 sierpnia kierowcy podr\u00f3\u017cuj\u0105cy z Zawiercia do Myszkowa musz\u0105 si\u0119 liczy\u0107 z objazdami. Firma Drog-Bud Sp. z o.o. &#8211; wykonawca<\/p>\n","protected":false},"author":7,"featured_media":9921,"comment_status":"open","ping_status":"open","sticky":false,"template":"","format":"standard","meta":{"_monsterinsights_skip_tracking":false,"_monsterinsights_sitenote_active":false,"_monsterinsights_sitenote_note":"","_monsterinsights_sitenote_category":0,"_uf_show_specific_survey":0,"_uf_disable_surveys":false,"footnotes":""},"categories":[33,26,94,2],"tags":[],"class_list":["post-9920","post","type-post","status-publish","format-standard","has-post-thumbnail","hentry","category-inwestycje","category-myszkow","category-polecane","category-wiadomosci"],"_links":{"self":[{"href":"https:\/\/gazetaregionalna.com\/index.php?rest_route=\/wp\/v2\/posts\/9920","targetHints":{"allow":["GET"]}}],"collection":[{"href":"https:\/\/gazetaregionalna.com\/index.php?rest_route=\/wp\/v2\/posts"}],"about":[{"href":"https:\/\/gazetaregionalna.com\/index.php?rest_route=\/wp\/v2\/types\/post"}],"author":[{"embeddable":true,"href":"https:\/\/gazetaregionalna.com\/index.php?rest_route=\/wp\/v2\/users\/7"}],"replies":[{"embeddable":true,"href":"https:\/\/gazetaregionalna.com\/index.php?rest_route=%2Fwp%2Fv2%2Fcomments&post=9920"}],"version-history":[{"count":1,"href":"https:\/\/gazetaregionalna.com\/index.php?rest_route=\/wp\/v2\/posts\/9920\/revisions"}],"predecessor-version":[{"id":9922,"href":"https:\/\/gazetaregionalna.com\/index.php?rest_route=\/wp\/v2\/posts\/9920\/revisions\/9922"}],"wp:featuredmedia":[{"embeddable":true,"href":"https:\/\/gazetaregionalna.com\/index.php?rest_route=\/wp\/v2\/media\/9921"}],"wp:attachment":[{"href":"https:\/\/gazetaregionalna.com\/index.php?rest_route=%2Fwp%2Fv2%2Fmedia&parent=9920"}],"wp:term":[{"taxonomy":"category","embeddable":true,"href":"https:\/\/gazetaregionalna.com\/index.php?rest_route=%2Fwp%2Fv2%2Fcategories&post=9920"},{"taxonomy":"post_tag","embeddable":true,"href":"https:\/\/gazetaregionalna.com\/index.php?rest_route=%2Fwp%2Fv2%2Ftags&post=9920"}],"curies":[{"name":"wp","href":"https:\/\/api.w.org\/{rel}","templated":true}]}}