{"id":99158,"date":"2023-01-07T21:26:11","date_gmt":"2023-01-07T21:26:11","guid":{"rendered":"https:\/\/gazetaregionalna.com\/?p=99158"},"modified":"2023-01-07T21:26:12","modified_gmt":"2023-01-07T21:26:12","slug":"porazka-siatkarek-czestochowianki-w-wegrowie","status":"publish","type":"post","link":"https:\/\/gazetaregionalna.com\/?p=99158","title":{"rendered":"Pora\u017cka siatkarek Cz\u0119stochowianki w W\u0119growie"},"content":{"rendered":"\n<p>Siatkarki KS Cz\u0119stochowianka Cz\u0119stochowa rozpocz\u0119\u0142y 2023 rok od pora\u017cki. Cz\u0119stochowianki przegra\u0142y w sobot\u0119 w W\u0119growie z Nike 0:3.<\/p>\n\n\n\n<p>Trwa walka cz\u0119stochowskiego klubu o przetrwanie i dogranie sezonu do ko\u0144ca. G\u0142\u00f3wnym celem dru\u017cyny jest walka o otrzymanie w 1 lidze kobiet. W pierwszym meczu 2023 roku cz\u0119stochowianki zagra\u0142y w W\u0119growie z Nike. Przegra\u0142y 0:3.<\/p>\n\n\n\n<p>Cz\u0119stochowianka po 13 kolejkach ma 6 punkt\u00f3w i zajmuje 13. miejsce.<\/p>\n\n\n\n<p>AK, fot: AK<\/p>\n\n\n\n<p>Nike W\u0119gr\u00f3w \u2013 KS Cz\u0119stochowianka Cz\u0119stochowa 3:0 (25:14, 25:12, 25:14)<\/p>\n\n\n\n<figure class=\"wp-block-image size-large\"><img decoding=\"async\" width=\"1024\" height=\"683\" data-src=\"https:\/\/gazetaregionalna.com\/wp-content\/uploads\/2022\/12\/3Memorial-Lecha-Kaczynskiego-Czestochowianka-1-1024x683.jpg\" alt=\"\" class=\"wp-image-98648 lazyload\" data-srcset=\"https:\/\/gazetaregionalna.com\/wp-content\/uploads\/2022\/12\/3Memorial-Lecha-Kaczynskiego-Czestochowianka-1-1024x683.jpg 1024w, https:\/\/gazetaregionalna.com\/wp-content\/uploads\/2022\/12\/3Memorial-Lecha-Kaczynskiego-Czestochowianka-1-300x200.jpg 300w, https:\/\/gazetaregionalna.com\/wp-content\/uploads\/2022\/12\/3Memorial-Lecha-Kaczynskiego-Czestochowianka-1-768x512.jpg 768w, https:\/\/gazetaregionalna.com\/wp-content\/uploads\/2022\/12\/3Memorial-Lecha-Kaczynskiego-Czestochowianka-1-1536x1024.jpg 1536w, https:\/\/gazetaregionalna.com\/wp-content\/uploads\/2022\/12\/3Memorial-Lecha-Kaczynskiego-Czestochowianka-1-2048x1365.jpg 2048w, https:\/\/gazetaregionalna.com\/wp-content\/uploads\/2022\/12\/3Memorial-Lecha-Kaczynskiego-Czestochowianka-1-696x464.jpg 696w, https:\/\/gazetaregionalna.com\/wp-content\/uploads\/2022\/12\/3Memorial-Lecha-Kaczynskiego-Czestochowianka-1-1068x712.jpg 1068w, https:\/\/gazetaregionalna.com\/wp-content\/uploads\/2022\/12\/3Memorial-Lecha-Kaczynskiego-Czestochowianka-1-1920x1280.jpg 1920w, https:\/\/gazetaregionalna.com\/wp-content\/uploads\/2022\/12\/3Memorial-Lecha-Kaczynskiego-Czestochowianka-1-630x420.jpg 630w, https:\/\/gazetaregionalna.com\/wp-content\/uploads\/2022\/12\/3Memorial-Lecha-Kaczynskiego-Czestochowianka-1-scaled.jpg 1600w\" data-sizes=\"(max-width: 1024px) 100vw, 1024px\" src=\"data:image\/svg+xml;base64,PHN2ZyB3aWR0aD0iMSIgaGVpZ2h0PSIxIiB4bWxucz0iaHR0cDovL3d3dy53My5vcmcvMjAwMC9zdmciPjwvc3ZnPg==\" style=\"--smush-placeholder-width: 1024px; --smush-placeholder-aspect-ratio: 1024\/683;\" \/><\/figure>\n","protected":false},"excerpt":{"rendered":"<p>Siatkarki KS Cz\u0119stochowianka Cz\u0119stochowa rozpocz\u0119\u0142y 2023 rok od pora\u017cki. Cz\u0119stochowianki przegra\u0142y w sobot\u0119 w W\u0119growie z Nike 0:3. Trwa walka cz\u0119stochowskiego klubu o przetrwanie<\/p>\n","protected":false},"author":15,"featured_media":98648,"comment_status":"closed","ping_status":"open","sticky":false,"template":"","format":"standard","meta":{"_monsterinsights_skip_tracking":false,"_monsterinsights_sitenote_active":false,"_monsterinsights_sitenote_note":"","_monsterinsights_sitenote_category":0,"_uf_show_specific_survey":0,"_uf_disable_surveys":false,"footnotes":""},"categories":[5,8],"tags":[],"class_list":["post-99158","post","type-post","status-publish","format-standard","has-post-thumbnail","hentry","category-sport","category-siatkowka"],"_links":{"self":[{"href":"https:\/\/gazetaregionalna.com\/index.php?rest_route=\/wp\/v2\/posts\/99158","targetHints":{"allow":["GET"]}}],"collection":[{"href":"https:\/\/gazetaregionalna.com\/index.php?rest_route=\/wp\/v2\/posts"}],"about":[{"href":"https:\/\/gazetaregionalna.com\/index.php?rest_route=\/wp\/v2\/types\/post"}],"author":[{"embeddable":true,"href":"https:\/\/gazetaregionalna.com\/index.php?rest_route=\/wp\/v2\/users\/15"}],"replies":[{"embeddable":true,"href":"https:\/\/gazetaregionalna.com\/index.php?rest_route=%2Fwp%2Fv2%2Fcomments&post=99158"}],"version-history":[{"count":1,"href":"https:\/\/gazetaregionalna.com\/index.php?rest_route=\/wp\/v2\/posts\/99158\/revisions"}],"predecessor-version":[{"id":99159,"href":"https:\/\/gazetaregionalna.com\/index.php?rest_route=\/wp\/v2\/posts\/99158\/revisions\/99159"}],"wp:featuredmedia":[{"embeddable":true,"href":"https:\/\/gazetaregionalna.com\/index.php?rest_route=\/wp\/v2\/media\/98648"}],"wp:attachment":[{"href":"https:\/\/gazetaregionalna.com\/index.php?rest_route=%2Fwp%2Fv2%2Fmedia&parent=99158"}],"wp:term":[{"taxonomy":"category","embeddable":true,"href":"https:\/\/gazetaregionalna.com\/index.php?rest_route=%2Fwp%2Fv2%2Fcategories&post=99158"},{"taxonomy":"post_tag","embeddable":true,"href":"https:\/\/gazetaregionalna.com\/index.php?rest_route=%2Fwp%2Fv2%2Ftags&post=99158"}],"curies":[{"name":"wp","href":"https:\/\/api.w.org\/{rel}","templated":true}]}}