{"id":9914,"date":"2020-02-09T10:53:34","date_gmt":"2020-02-09T10:53:34","guid":{"rendered":"https:\/\/gazetaregionalna.com\/?p=9914"},"modified":"2020-02-09T10:53:35","modified_gmt":"2020-02-09T10:53:35","slug":"muzyka-na-walentynki","status":"publish","type":"post","link":"https:\/\/gazetaregionalna.com\/?p=9914","title":{"rendered":"Muzyka na Walentynki"},"content":{"rendered":"\n<p>Ponadczasowe hity i przeboje o mi\u0142o\u015bci takich artyst\u00f3w, jak Zbigniew Wodecki, Marek Grechuta, Andrzej Zaucha, Skaldowie, Perfect, D\u017cem, Lady Pank, Hanka Ordon\u00f3wna, czy Wojciech M\u0142ynarski rozbrzmiewa\u0107 b\u0119d\u0105 w sobot\u0119, 15 lutego w Sali Widowiskowej radomszcza\u0144skiego Miejskiego Domu Kultury. Tego dnia o godzinie 18 rozpocznie si\u0119 koncert pod has\u0142em: &#8222;Kochajmy&#8221;. Pretekstem do tego wydarzenia b\u0119dzie oczywi\u015bcie \u015bwi\u0119to zakochanych-Walentynki.<br>\n Bilety w cenach 40 -50 z\u0142 w kasie MDK-u.<\/p>\n","protected":false},"excerpt":{"rendered":"<p>Ponadczasowe hity i przeboje o mi\u0142o\u015bci takich artyst\u00f3w, jak Zbigniew Wodecki, Marek Grechuta, Andrzej Zaucha, Skaldowie, Perfect, D\u017cem, Lady Pank, Hanka Ordon\u00f3wna, czy Wojciech<\/p>\n","protected":false},"author":7,"featured_media":9915,"comment_status":"open","ping_status":"open","sticky":false,"template":"","format":"standard","meta":{"_monsterinsights_skip_tracking":false,"_monsterinsights_sitenote_active":false,"_monsterinsights_sitenote_note":"","_monsterinsights_sitenote_category":0,"_uf_show_specific_survey":0,"_uf_disable_surveys":false,"footnotes":""},"categories":[12,94,28,2,13],"tags":[],"class_list":["post-9914","post","type-post","status-publish","format-standard","has-post-thumbnail","hentry","category-kultura-i-rozrywka","category-polecane","category-radomsko","category-wiadomosci","category-wydarzenia"],"_links":{"self":[{"href":"https:\/\/gazetaregionalna.com\/index.php?rest_route=\/wp\/v2\/posts\/9914","targetHints":{"allow":["GET"]}}],"collection":[{"href":"https:\/\/gazetaregionalna.com\/index.php?rest_route=\/wp\/v2\/posts"}],"about":[{"href":"https:\/\/gazetaregionalna.com\/index.php?rest_route=\/wp\/v2\/types\/post"}],"author":[{"embeddable":true,"href":"https:\/\/gazetaregionalna.com\/index.php?rest_route=\/wp\/v2\/users\/7"}],"replies":[{"embeddable":true,"href":"https:\/\/gazetaregionalna.com\/index.php?rest_route=%2Fwp%2Fv2%2Fcomments&post=9914"}],"version-history":[{"count":1,"href":"https:\/\/gazetaregionalna.com\/index.php?rest_route=\/wp\/v2\/posts\/9914\/revisions"}],"predecessor-version":[{"id":9916,"href":"https:\/\/gazetaregionalna.com\/index.php?rest_route=\/wp\/v2\/posts\/9914\/revisions\/9916"}],"wp:featuredmedia":[{"embeddable":true,"href":"https:\/\/gazetaregionalna.com\/index.php?rest_route=\/wp\/v2\/media\/9915"}],"wp:attachment":[{"href":"https:\/\/gazetaregionalna.com\/index.php?rest_route=%2Fwp%2Fv2%2Fmedia&parent=9914"}],"wp:term":[{"taxonomy":"category","embeddable":true,"href":"https:\/\/gazetaregionalna.com\/index.php?rest_route=%2Fwp%2Fv2%2Fcategories&post=9914"},{"taxonomy":"post_tag","embeddable":true,"href":"https:\/\/gazetaregionalna.com\/index.php?rest_route=%2Fwp%2Fv2%2Ftags&post=9914"}],"curies":[{"name":"wp","href":"https:\/\/api.w.org\/{rel}","templated":true}]}}