{"id":98979,"date":"2023-01-05T13:13:22","date_gmt":"2023-01-05T13:13:22","guid":{"rendered":"https:\/\/gazetaregionalna.com\/?p=98979"},"modified":"2023-01-06T13:20:28","modified_gmt":"2023-01-06T13:20:28","slug":"kabaret-moralnego-niepokoju-konkurs","status":"publish","type":"post","link":"https:\/\/gazetaregionalna.com\/?p=98979","title":{"rendered":"Kabaret Moralnego Niepokoju wyst\u0105pi na scenie Filharmonii Cz\u0119stochowskiej. Mamy podw\u00f3jne zaproszenie [KONKURS]"},"content":{"rendered":"\n<h2 class=\"wp-block-heading\">Kabaret Moralnego Niepokoju wyruszy\u0142 w tras\u0119 zatytu\u0142owan\u0105 &#8222;Za d\u0142ugo panowie byli grzeczni\u201d. W jej ramach zawitaj\u0105 r\u00f3wnie\u017c do Cz\u0119stochowy. Wyst\u0119py odb\u0119d\u0105 si\u0119 13 stycznia o godz. 17 i 20. Impresariat Adria Art ufundowa\u0142 podw\u00f3jne zaproszenia na wcze\u015bniejsz\u0105 godzin\u0119. Mo\u017cna je wygra\u0107 w konkursie.<\/h2>\n\n\n\n<p>\u201eZa d\u0142ugo panowie byli grzeczni\u201d to tytu\u0142 najnowszego programu Kabaretu Moralnego Niepokoju. Trwa z grubsza dwie godziny i w\u0142a\u015bnie przez tyle czasu mo\u017cna zapomnie\u0107, \u017ce na zewn\u0105trz pada, jest drogo i nie wszyscy ludzie s\u0105 mili.<\/p>\n\n\n\n<p>Jest za to ciep\u0142y, b\u0142yskotliwy i inteligentny humor, kt\u00f3rym grupa pod wodz\u0105 Roberta G\u00f3rskiego zawsze komentuje \u017cycie. Kto pojawi si\u0119 na scenie? B\u0119d\u0105 rodzice, od kt\u00f3rych nie chce si\u0119 wyprowadzi\u0107 doros\u0142e dziecko. C\u00f3rka, kt\u00f3ra sprawia k\u0142opoty ojcu. Ojciec, kt\u00f3ry zadr\u0119cza c\u00f3rk\u0119. Pojawi si\u0119 m\u0105\u017c, kt\u00f3ry pr\u00f3buje wyegzekwowa\u0107 od \u017cony ma\u0142\u017ce\u0144skie obowi\u0105zki. Ma\u0142\u017ce\u0144stwo, kt\u00f3re ci\u0105gle nawzajem si\u0119 poprawia \u2013 i syn, kt\u00f3ry zastanawia si\u0119 nad swoj\u0105 p\u0142ci\u0105 i nad tym, jak w\u0142a\u015bciwie powinno si\u0119 go nazywa\u0107.<\/p>\n\n\n\n<figure class=\"wp-block-image size-large\"><img decoding=\"async\" width=\"729\" height=\"483\" data-src=\"https:\/\/gazetaregionalna.com\/wp-content\/uploads\/2023\/01\/KMN2.jpg\" alt=\"\" class=\"wp-image-98986 lazyload\" data-srcset=\"https:\/\/gazetaregionalna.com\/wp-content\/uploads\/2023\/01\/KMN2.jpg 729w, https:\/\/gazetaregionalna.com\/wp-content\/uploads\/2023\/01\/KMN2-300x199.jpg 300w, https:\/\/gazetaregionalna.com\/wp-content\/uploads\/2023\/01\/KMN2-696x461.jpg 696w, https:\/\/gazetaregionalna.com\/wp-content\/uploads\/2023\/01\/KMN2-634x420.jpg 634w\" data-sizes=\"(max-width: 729px) 100vw, 729px\" src=\"data:image\/svg+xml;base64,PHN2ZyB3aWR0aD0iMSIgaGVpZ2h0PSIxIiB4bWxucz0iaHR0cDovL3d3dy53My5vcmcvMjAwMC9zdmciPjwvc3ZnPg==\" style=\"--smush-placeholder-width: 729px; --smush-placeholder-aspect-ratio: 729\/483;\" \/><figcaption>Kabaret Moralnego Niepokoju (fot. Impresariat Adria Art)<\/figcaption><\/figure>\n\n\n\n<p>Kabaret wprowadzi ca\u0142\u0105 galeri\u0119 postaci, kt\u00f3re maj\u0105 dosy\u0107 przypisanych przez konwenanse \u017cyciowych r\u00f3l i kt\u00f3re postanawiaj\u0105 z nimi zerwa\u0107. -Bo jak d\u0142ugo mo\u017cna si\u0119 dostosowywa\u0107 do tego, co chc\u0105 w nas widzie\u0107 inni? Za d\u0142ugo panowie byli grzeczni &#8211; dodaje Impresariat Adria Art. <\/p>\n\n\n\n<p>Program zbiera mn\u00f3stwo \u015bwietnych recenzji widz\u00f3w. Prezentowano go m.in. w Siemianowicach \u015al\u0105skich, Nowym S\u0105czu, Gi\u017cycku i Warszawie. Oto przyk\u0142adowa opinia ze strony <a href=\"https:\/\/adria-art.pl\/wydarzenia\/678\/teatr-berek-czyli-upior-w-moherze\" target=\"_blank\" rel=\"noreferrer noopener\">adria-art.pl<\/a>:<\/p>\n\n\n\n<blockquote class=\"wp-block-quote is-layout-flow wp-block-quote-is-layout-flow\"><p>&#8222;Uwielbiam KMN i wyst\u0119p na \u017cywo bardzo mi si\u0119 podoba\u0142. U\u015bmia\u0142em si\u0119 do \u0142ez i to dos\u0142ownie. Polecam i na pewno jeszcze si\u0119 na KMN wybior\u0119.&#8221;<\/p><\/blockquote>\n\n\n\n<p>Teraz Kabaret Moralnego Niepokoju zawita r\u00f3wnie\u017c do Cz\u0119stochowy. Na scenie filharmonii pojawi si\u0119 w pi\u0105tek, 13 stycznia o godz. 17 i 20. Bilety kosztuj\u0105 70, 90, 120 i 150 z\u0142. Mo\u017cna je kupi\u0107 <a href=\"https:\/\/bilety.adria-art.pl\/event\/view\/id\/276199\" target=\"_blank\" rel=\"noopener\">TUTAJ<\/a>.<\/p>\n\n\n\n<figure class=\"wp-block-image size-large\"><img decoding=\"async\" width=\"729\" height=\"482\" data-src=\"https:\/\/gazetaregionalna.com\/wp-content\/uploads\/2023\/01\/KMN3.jpg\" alt=\"\" class=\"wp-image-98987 lazyload\" data-srcset=\"https:\/\/gazetaregionalna.com\/wp-content\/uploads\/2023\/01\/KMN3.jpg 729w, https:\/\/gazetaregionalna.com\/wp-content\/uploads\/2023\/01\/KMN3-300x198.jpg 300w, https:\/\/gazetaregionalna.com\/wp-content\/uploads\/2023\/01\/KMN3-696x460.jpg 696w, https:\/\/gazetaregionalna.com\/wp-content\/uploads\/2023\/01\/KMN3-635x420.jpg 635w\" data-sizes=\"(max-width: 729px) 100vw, 729px\" src=\"data:image\/svg+xml;base64,PHN2ZyB3aWR0aD0iMSIgaGVpZ2h0PSIxIiB4bWxucz0iaHR0cDovL3d3dy53My5vcmcvMjAwMC9zdmciPjwvc3ZnPg==\" style=\"--smush-placeholder-width: 729px; --smush-placeholder-aspect-ratio: 729\/482;\" \/><figcaption>Kabaret Moralnego Niepokoju (fot. Impresariat Adria Art)<\/figcaption><\/figure>\n\n\n\n<h4 class=\"wp-block-heading\">Wygraj zaproszenie na ten wyst\u0119p!<\/h4>\n\n\n\n<p>Mamy dla czytelnik\u00f3w jedno podw\u00f3jne zaproszenie na ten koncert. Nagrod\u0119 ufundowa\u0142 Impresariat Adria Art. By o nie zagra\u0107 nale\u017cy odpowiedzie\u0107 na poni\u017csze pytanie:<\/p>\n\n\n\n<p><strong>Kt\u00f3ry skecz z repertuaru Kabaretu Moralnego Niepokoju lubisz najbardziej i dlaczego?<\/strong><\/p>\n\n\n\n<p>Odpowied\u017a nale\u017cy wys\u0142a\u0107 mailowo na adres <strong>konkursy@gazetaregionalna.com<\/strong>, w tytule podaj\u0105c \u201eKMN\u201d, a w tre\u015bci tak\u017ce swoje imi\u0119 i nazwisko. <strong>Zadanie nale\u017cy wykona\u0107 w terminie od 5 stycznia od godz. 15 do 6 stycznia do godz<\/strong>. <strong>15.<\/strong><\/p>\n\n\n\n<p>Zwyci\u0119zcy Konkursu zostan\u0105 powiadomieni o wygranej i o formie jej odbioru w wiadomo\u015bci mailowej wys\u0142anej najp\u00f3\u017aniej do 7 stycznia do godz. 20.<\/p>\n\n\n\n<figure class=\"wp-block-image size-large\"><img decoding=\"async\" width=\"726\" height=\"480\" data-src=\"https:\/\/gazetaregionalna.com\/wp-content\/uploads\/2023\/01\/KMN4.jpg\" alt=\"\" class=\"wp-image-98988 lazyload\" data-srcset=\"https:\/\/gazetaregionalna.com\/wp-content\/uploads\/2023\/01\/KMN4.jpg 726w, https:\/\/gazetaregionalna.com\/wp-content\/uploads\/2023\/01\/KMN4-300x198.jpg 300w, https:\/\/gazetaregionalna.com\/wp-content\/uploads\/2023\/01\/KMN4-696x460.jpg 696w, https:\/\/gazetaregionalna.com\/wp-content\/uploads\/2023\/01\/KMN4-635x420.jpg 635w\" data-sizes=\"(max-width: 726px) 100vw, 726px\" src=\"data:image\/svg+xml;base64,PHN2ZyB3aWR0aD0iMSIgaGVpZ2h0PSIxIiB4bWxucz0iaHR0cDovL3d3dy53My5vcmcvMjAwMC9zdmciPjwvc3ZnPg==\" style=\"--smush-placeholder-width: 726px; --smush-placeholder-aspect-ratio: 726\/480;\" \/><figcaption>Kabaret Moralnego Niepokoju (fot. Impresariat Adria Art)<\/figcaption><\/figure>\n\n\n\n<h4 class=\"wp-block-heading\">Regulamin konkursu \u201cKabaret Moralnego Niepokoju\u201d<\/h4>\n\n\n\n<p><strong>\u00a7 1. POSTANOWIENIA OG\u00d3LNE<\/strong><\/p>\n\n\n\n<p>1. Organizatorem konkurs\u00f3w jest GazetaRegionalna.com, al. Ko\u015bciuszki 13, lok. 6, 42-202 Cz\u0119stochowa, (zwana dalej \u201eOrganizatorem\u201d).<br>2. Fundatorem nagrody jest Impresariat Adria Art.<br>3. Niniejszy regulamin (dalej \u201eRegulamin\u201d) stanowi podstaw\u0119 organizacji oraz okre\u015bla warunki Konkursu.<br>4. Konkurs nie jest stworzony, administrowany, wspierany ani sponsorowany przez Facebook.<br>5. Konkurs jest prowadzony na stronie <a href=\"https:\/\/www.gazetaregionalna.com\">www.gazetaregionalna.com<\/a>.<\/p>\n\n\n\n<p>6. Administratorem danych osobowych udost\u0119pnianych przez Uczestnik\u00f3w Konkursu jest Organizator. Podanie danych osobowych ma charakter dowolny, lecz niezb\u0119dny do przyst\u0105pienia przez Uczestnika do Konkursu. Osobom udost\u0119pniaj\u0105cym dane przys\u0142uguje prawo dost\u0119pu do tych danych, ich zmian b\u0105d\u017a usuni\u0119cia.<\/p>\n\n\n\n<p><strong>\u00a7 2. MIEJSCE, CZAS I ZASADY KONKURSU<\/strong><\/p>\n\n\n\n<p>1. Konkurs jest dost\u0119pny w formie tekstu konkursowego na portalu organizatora gazetaregionalna.com<br><strong>2. Konkurs trwa od dnia 5 stycznia 2023 r. od godz. 15.00. do dnia 6 stycznia 2023 r. do godz. 15.00.<\/strong><\/p>\n\n\n\n<p>W wyj\u0105tkowych sytuacjach Organizator konkursu mo\u017ce przed\u0142u\u017cy\u0107 lub przerwa\u0107 trwanie konkursu, w&nbsp;okre\u015blonym przez siebie zakresie, o czym poinformuje uczestnik\u00f3w konkursu na profilu wskazanym w \u00a71 pkt.6 Regulaminu.<\/p>\n\n\n\n<p><strong>\u00a7 3. UCZESTNICY KONKURSU<\/strong><\/p>\n\n\n\n<p>1. Uczestnikami Konkursu mog\u0105 by\u0107 wy\u0142\u0105cznie osoby fizyczne, konsumenci w rozumieniu art. 221 kodeksu cywilnego, posiadaj\u0105ce pe\u0142n\u0105 zdolno\u015bci do czynno\u015bci prawnych, kt\u00f3re zaakceptowa\u0142y niniejszy Regulamin (dalej: \u201eUczestnik\u201d).<br>2. Uczestnik o\u015bwiadcza, \u017ce:<br>a. jest osob\u0105 fizyczn\u0105, posiadaj\u0105c\u0105 pe\u0142n\u0105 zdolno\u015b\u0107 do czynno\u015bci prawnych;<\/p>\n\n\n\n<p>b. jest osob\u0105 pe\u0142noletni\u0105;<br>c. zapozna\u0142 si\u0119 z tre\u015bci\u0105 niniejszego Regulaminu i w spos\u00f3b dobrowolny przyst\u0119puje do Konkursu;<br>d. wyra\u017ca zgod\u0119 i akceptuje warunki Regulaminu, w tym zapozna\u0142 si\u0119 z tre\u015bci\u0105 dotycz\u0105c\u0105 procedury odbioru nagrody i j\u0105 w pe\u0142ni akceptuje;<br>e. zobowi\u0105zuje si\u0119 do przestrzegania postanowie\u0144 Regulaminu;<br>f. wyrazi\u0142 zgod\u0119 na przetwarzanie danych osobowych dla cel\u00f3w zwi\u0105zanych z uczestnictwem w Konkursie;<br>3. Uczestnik zobowi\u0105zuje si\u0119 do przestrzegania okre\u015blonych w Regulaminie zasad, jak r\u00f3wnie\u017c potwierdza, i\u017c spe\u0142nia wszystkie warunki, kt\u00f3re uprawniaj\u0105 go do udzia\u0142u w Konkursie.<\/p>\n\n\n\n<p>4. W Konkursie nie mog\u0105 uczestniczy\u0107 pracownicy i wsp\u00f3\u0142pracownicy Organizatora.<\/p>\n\n\n\n<p><strong>\u00a7 4. NAGRODA<\/strong><\/p>\n\n\n\n<p><strong>1. Nagrod\u0105 w Konkursie jest jedno podw\u00f3jne zaproszenie na wyst\u0119p Kabaretu Moralnego Niepokoju, kt\u00f3ry odb\u0119dzie si\u0119 13 stycznia o godz. 17 w Filharmonii Cz\u0119stochowskiej, dla jednej osoby wy\u0142onionej w&nbsp;spos\u00f3b wskazany w \u00a76.<br><\/strong>2. Informacja o Nagrodzie b\u0119dzie zawarta w tre\u015bci og\u0142oszenia o Konkursie opublikowanego na stronie gazeta regionalna.com.&nbsp;&nbsp;&nbsp;&nbsp;<br>3. Laureatowi nie przys\u0142uguje prawo wymiany Nagrody na got\u00f3wk\u0119 ani nagrod\u0119 innego rodzaju.<br>4. Zwyci\u0119zca mo\u017ce zrzec si\u0119 Nagrody, ale w zamian nie przys\u0142uguje mu ekwiwalent pieni\u0119\u017cny ani jakakolwiek inna nagroda.<\/p>\n\n\n\n<p><strong>\u00a7 5. ZASADY UCZESTNICTWA W KONKURSIE<\/strong><\/p>\n\n\n\n<p><strong>1. Zadaniem Uczestnika Konkursu jest:<\/strong><br>odpowied\u017a na zadanie\/pytanie konkursowe przedstawione na stronie gazetaregionalna.com. Jest ono nast\u0119puj\u0105ce: <strong><strong>Kt\u00f3ry skecz z repertuaru Kabaretu Moralnego Niepokoju lubisz najbardziej i dlaczego?<\/strong><\/strong><\/p>\n\n\n\n<p>Odpowied\u017a nale\u017cy wys\u0142a\u0107 mailowo na adres <a href=\"mailto:konkursy@gazetaregionalna.com\">konkursy@gazetaregionalna.com<\/a>, w tytule podaj\u0105c \u201cKMN\u201d, a w tre\u015bci swoje imi\u0119 i nazwisko. Zadanie nale\u017cy wykona\u0107 w terminie od 5 stycznia od godz. 15 do 6 stycznia do godz. 15.<\/p>\n\n\n\n<p>1. Warunkiem uczestnictwa w Konkursie jest poprawne wykonanie wszystkich zada\u0144 opisanych w \u00a7 5. ust. 1 Regulaminu.<br>2. O przyznaniu nagrody decyduje Organizator w drodze analizy poprawno\u015bci wykonania zada\u0144 opisanych w \u00a7 5. ust. 1 Regulaminu przez Uczestnik\u00f3w Konkursu<br><strong>3. Spo\u015br\u00f3d nades\u0142anych odpowiedzi Organizator wy\u0142oni jednego zwyci\u0119zc\u0119.<br>4. Zwyci\u0119zca Konkursu zostanie powiadomiony o wygranej i o formie jej odbioru w wiadomo\u015bci mailowej wys\u0142anej z adresu <a href=\"mailto:konkursy@gazetaregionalna.com\">konkursy@gazetaregionalna.com<\/a> najp\u00f3\u017aniej do 7 stycznia do godz. 20.<\/strong><\/p>\n\n\n\n<p><strong>\u00a7 7. ZAKRES ODPOWIEDZIALNO\u015aCI ORGANIZATORA<\/strong><\/p>\n\n\n\n<p>1. Organizator nie ponosi odpowiedzialno\u015bci za rzetelno\u015b\u0107 i prawdziwo\u015b\u0107 danych Uczestnik\u00f3w Konkursu, w tym za brak mo\u017cliwo\u015bci przekazania nagr\u00f3d, z przyczyny le\u017c\u0105cych po stronie Uczestnika, w szczeg\u00f3lno\u015bci, je\u015bli ten nie poda\u0142 prawdziwego adresu do korespondencji lub podane dane s\u0105 niepe\u0142ne lub nieaktualne.<br>2. Organizator o\u015bwiadcza, \u017ce nie prowadzi kontroli, ani monitoringu tre\u015bci umieszczanych przez Uczestnik\u00f3w w&nbsp;zakresie rzetelno\u015bci i prawdziwo\u015bci, z zastrze\u017ceniem dzia\u0142a\u0144 zwi\u0105zanych z usuni\u0119ciem narusze\u0144 Regulaminu lub przepis\u00f3w powszechnie obowi\u0105zuj\u0105cych.<br>3. Organizator zastrzega sobie prawo do wykluczenia z udzia\u0142u w Konkursie Uczestnik\u00f3w, kt\u00f3rych dzia\u0142ania s\u0105 sprzeczne z prawem lub Regulaminem.<br>4. Organizator nie ponosi odpowiedzialno\u015bci za jakiekolwiek zak\u0142\u00f3cenia w dzia\u0142aniu \u0142\u0105cz teleinformatycznych, serwer\u00f3w, interfejs\u00f3w oraz przegl\u0105darek.<br><br><strong>\u00a7 8. PRZETWARZANIE DANYCH OSOBOWYCH<\/strong><\/p>\n\n\n\n<p>1. Dane osobowe Uczestnik\u00f3w Konkursu b\u0119d\u0105 przetwarzane przez Organizatora wy\u0142\u0105cznie w celu dokonania czynno\u015bci niezb\u0119dnych do prawid\u0142owego przeprowadzenia Konkursu.<br>2. Dane osobowe Uczestnik\u00f3w Konkursu b\u0119d\u0105 przechowywane przez Organizatora tylko przez okres niezb\u0119dny do przeprowadzenia Konkursu i wydania nagr\u00f3d wyr\u00f3\u017cnionym Uczestnikom.<br>3. Uczestnicy maj\u0105 prawo wgl\u0105du do przetwarzanych danych i ich poprawiania oraz usuwania. Dane s\u0105 podawane na zasadach dobrowolno\u015bci.<\/p>\n\n\n\n<p>4. W momencie usuni\u0119cia danych U\u017cytkownik traci mo\u017cliwo\u015b\u0107 Uczestnictwa w Konkursie.<\/p>\n\n\n\n<p><strong>\u00a7 9. PRAWA AUTORSKIE<\/strong><\/p>\n\n\n\n<p>1. Wszelkie prawa w\u0142asno\u015bci intelektualnej do Konkursu przys\u0142uguj\u0105 Organizatorowi. Uczestnictwo w&nbsp;Konkursie nie skutkuje w \u017cadnym zakresie nabyciem przez Uczestnik\u00f3w jakichkolwiek praw w\u0142asno\u015bci intelektualnej. Zabronione jest naruszanie w jakikolwiek spos\u00f3b praw w\u0142asno\u015bci intelektualnej w Konkursie, w&nbsp;szczeg\u00f3lno\u015bci:<br>a) kopiowanie, modyfikowanie oraz transmitowanie elektronicznie lub rozpowszechnianie w inny spos\u00f3b mechanizmu Konkursu lub jego cz\u0119\u015bci, a tak\u017ce poszczeg\u00f3lnych utwor\u00f3w<br>i baz danych, bez wyra\u017anej pisemnej zgody Administratora;<br>b) korzystanie z Konkursu w spos\u00f3b niezgodny z Regulaminem lub powszechnie obowi\u0105zuj\u0105cymi przepisami.<\/p>\n\n\n\n<p><strong>\u00a7 10. REKLAMACJE I ZG\u0141OSZENIA NARUSZE\u0143<\/strong><\/p>\n\n\n\n<p>1. Wszelkie reklamacje dotycz\u0105ce sposobu przeprowadzania Konkursu, Uczestnicy winni zg\u0142asza\u0107 na pi\u015bmie w&nbsp;czasie trwania Konkursu, jednak nie p\u00f3\u017aniej ni\u017c w terminie 7 (siedmiu) dni od dnia wydania Nagr\u00f3d.<br>2. Reklamacja zg\u0142oszona po wyznaczonym terminie nie wywo\u0142uje skutk\u00f3w prawnych.<br>3. Pisemna reklamacja powinna zawiera\u0107 imi\u0119, nazwisko, dok\u0142adny adres Uczestnika oraz dok\u0142adny opis i&nbsp;uzasadnienie reklamacji.<br><strong>4. Reklamacja powinna by\u0107 przes\u0142ana listem poleconym na adres Organizatora z dopiskiem \u201eKonkurs z dnia 5 stycznia 2023 r.\u201d.<br><\/strong>5. Reklamacje rozpatrywane b\u0119d\u0105 pisemnie w terminie 30 dni.<br><br><strong>\u00a7 11. POSTANOWIENIA KO\u0143COWE<\/strong><\/p>\n\n\n\n<p>1. Regulamin wchodzi w \u017cycie z dniem 5 stycznia 2023 r. i obowi\u0105zuje do 6 stycznia 2023 r.<\/p>\n\n\n\n<ol class=\"wp-block-list\" start=\"2\"><li>W kwestiach nieuregulowanych niniejszym Regulaminem stosuje si\u0119 przepisy Kodeksu cywilnego i inne przepisy prawa.<\/li><li>Spory odnosz\u0105ce si\u0119 i wynikaj\u0105ce z Konkursu b\u0119d\u0105 rozwi\u0105zywane przez s\u0105d powszechny w\u0142a\u015bciwy miejscowo dla siedziby Organizatora.<\/li><li>Organizator zastrzega sobie prawo do zmiany zasad Konkursu w trakcie jego trwania. Informacja o zmianach b\u0119dzie zamieszczona na stronie gazetaregionalna.com.<\/li><\/ol>\n","protected":false},"excerpt":{"rendered":"<p>Kabaret Moralnego Niepokoju wyruszy\u0142 w tras\u0119 zatytu\u0142owan\u0105 &#8222;Za d\u0142ugo panowie byli grzeczni\u201d. W jej ramach zawitaj\u0105 r\u00f3wnie\u017c do Cz\u0119stochowy. Wyst\u0119py odb\u0119d\u0105 si\u0119 13 stycznia<\/p>\n","protected":false},"author":11,"featured_media":98985,"comment_status":"closed","ping_status":"open","sticky":false,"template":"","format":"standard","meta":{"_monsterinsights_skip_tracking":false,"_monsterinsights_sitenote_active":false,"_monsterinsights_sitenote_note":"","_monsterinsights_sitenote_category":0,"_uf_show_specific_survey":0,"_uf_disable_surveys":false,"footnotes":""},"categories":[12,3,2],"tags":[352,7266,89],"class_list":["post-98979","post","type-post","status-publish","format-standard","has-post-thumbnail","hentry","category-kultura-i-rozrywka","category-czestochowa-informacje","category-wiadomosci","tag-filharmonia-czestochowska","tag-kabaret-moralnego-niepokoju","tag-konkurs"],"_links":{"self":[{"href":"https:\/\/gazetaregionalna.com\/index.php?rest_route=\/wp\/v2\/posts\/98979","targetHints":{"allow":["GET"]}}],"collection":[{"href":"https:\/\/gazetaregionalna.com\/index.php?rest_route=\/wp\/v2\/posts"}],"about":[{"href":"https:\/\/gazetaregionalna.com\/index.php?rest_route=\/wp\/v2\/types\/post"}],"author":[{"embeddable":true,"href":"https:\/\/gazetaregionalna.com\/index.php?rest_route=\/wp\/v2\/users\/11"}],"replies":[{"embeddable":true,"href":"https:\/\/gazetaregionalna.com\/index.php?rest_route=%2Fwp%2Fv2%2Fcomments&post=98979"}],"version-history":[{"count":5,"href":"https:\/\/gazetaregionalna.com\/index.php?rest_route=\/wp\/v2\/posts\/98979\/revisions"}],"predecessor-version":[{"id":99058,"href":"https:\/\/gazetaregionalna.com\/index.php?rest_route=\/wp\/v2\/posts\/98979\/revisions\/99058"}],"wp:featuredmedia":[{"embeddable":true,"href":"https:\/\/gazetaregionalna.com\/index.php?rest_route=\/wp\/v2\/media\/98985"}],"wp:attachment":[{"href":"https:\/\/gazetaregionalna.com\/index.php?rest_route=%2Fwp%2Fv2%2Fmedia&parent=98979"}],"wp:term":[{"taxonomy":"category","embeddable":true,"href":"https:\/\/gazetaregionalna.com\/index.php?rest_route=%2Fwp%2Fv2%2Fcategories&post=98979"},{"taxonomy":"post_tag","embeddable":true,"href":"https:\/\/gazetaregionalna.com\/index.php?rest_route=%2Fwp%2Fv2%2Ftags&post=98979"}],"curies":[{"name":"wp","href":"https:\/\/api.w.org\/{rel}","templated":true}]}}