{"id":98799,"date":"2023-01-02T11:06:37","date_gmt":"2023-01-02T11:06:37","guid":{"rendered":"https:\/\/gazetaregionalna.com\/?p=98799"},"modified":"2023-01-02T11:06:39","modified_gmt":"2023-01-02T11:06:39","slug":"darmowa-komunikacja-miejska-w-radomsku-aby-zaczac-korzystac-z-uslugi-wystarczy-specjalny-dokument","status":"publish","type":"post","link":"https:\/\/gazetaregionalna.com\/?p=98799","title":{"rendered":"Darmowa komunikacja miejska w Radomsku &#8211; aby zacz\u0105\u0107 korzysta\u0107 z us\u0142ugi, wystarczy specjalny dokument"},"content":{"rendered":"\n<h4 class=\"wp-block-heading\"><strong>Od stycznia 2023 roku w Radomsku b\u0119dzie darmowa komunikacja miejska dla radomszczanek i radomszczan. Aby zacz\u0105\u0107 korzysta\u0107 z takiej formy transportu bezp\u0142atnie, trzeba wyrobi\u0107 specjaln\u0105 kart\u0119 elektroniczn\u0105, tzw. ,,radomszcza\u0144sk\u0105 migawk\u0119&#8221;. <\/strong><\/h4>\n\n\n\n<p>W zwi\u0105zku z tym, \u017ce wyrobienie dokumentu potrwa jaki\u015b czas, do 16 stycznia mo\u017cna je\u017adzi\u0107 komunikacj\u0105 miejsk\u0105 bezp\u0142atnie jedynie za okazanie dokumentu potwierdzaj\u0105cego, \u017ce miejsce zamieszkania znajduje si\u0119 w Radomsku lub w gminie Radomsko. <\/p>\n\n\n\n<p>LN<\/p>\n","protected":false},"excerpt":{"rendered":"<p>Od stycznia 2023 roku w Radomsku b\u0119dzie darmowa komunikacja miejska dla radomszczanek i radomszczan. Aby zacz\u0105\u0107 korzysta\u0107 z takiej formy transportu bezp\u0142atnie, trzeba wyrobi\u0107<\/p>\n","protected":false},"author":26,"featured_media":0,"comment_status":"closed","ping_status":"open","sticky":false,"template":"","format":"standard","meta":{"_monsterinsights_skip_tracking":false,"_monsterinsights_sitenote_active":false,"_monsterinsights_sitenote_note":"","_monsterinsights_sitenote_category":0,"_uf_show_specific_survey":0,"_uf_disable_surveys":false,"footnotes":""},"categories":[2,94,28],"tags":[283,7240,7241,7242],"class_list":["post-98799","post","type-post","status-publish","format-standard","hentry","category-wiadomosci","category-polecane","category-radomsko","tag-darmowe-przejazdy","tag-komunikacja-miejska-w-radomsku","tag-radomko","tag-radomszczanie"],"_links":{"self":[{"href":"https:\/\/gazetaregionalna.com\/index.php?rest_route=\/wp\/v2\/posts\/98799","targetHints":{"allow":["GET"]}}],"collection":[{"href":"https:\/\/gazetaregionalna.com\/index.php?rest_route=\/wp\/v2\/posts"}],"about":[{"href":"https:\/\/gazetaregionalna.com\/index.php?rest_route=\/wp\/v2\/types\/post"}],"author":[{"embeddable":true,"href":"https:\/\/gazetaregionalna.com\/index.php?rest_route=\/wp\/v2\/users\/26"}],"replies":[{"embeddable":true,"href":"https:\/\/gazetaregionalna.com\/index.php?rest_route=%2Fwp%2Fv2%2Fcomments&post=98799"}],"version-history":[{"count":1,"href":"https:\/\/gazetaregionalna.com\/index.php?rest_route=\/wp\/v2\/posts\/98799\/revisions"}],"predecessor-version":[{"id":98800,"href":"https:\/\/gazetaregionalna.com\/index.php?rest_route=\/wp\/v2\/posts\/98799\/revisions\/98800"}],"wp:attachment":[{"href":"https:\/\/gazetaregionalna.com\/index.php?rest_route=%2Fwp%2Fv2%2Fmedia&parent=98799"}],"wp:term":[{"taxonomy":"category","embeddable":true,"href":"https:\/\/gazetaregionalna.com\/index.php?rest_route=%2Fwp%2Fv2%2Fcategories&post=98799"},{"taxonomy":"post_tag","embeddable":true,"href":"https:\/\/gazetaregionalna.com\/index.php?rest_route=%2Fwp%2Fv2%2Ftags&post=98799"}],"curies":[{"name":"wp","href":"https:\/\/api.w.org\/{rel}","templated":true}]}}