{"id":98780,"date":"2023-01-01T10:45:12","date_gmt":"2023-01-01T10:45:12","guid":{"rendered":"https:\/\/gazetaregionalna.com\/?p=98780"},"modified":"2023-01-01T10:45:13","modified_gmt":"2023-01-01T10:45:13","slug":"michal-swiacik-ten-medal-to-radosc","status":"publish","type":"post","link":"https:\/\/gazetaregionalna.com\/?p=98780","title":{"rendered":"Micha\u0142 \u015awi\u0105cik: Ten medal to rado\u015b\u0107"},"content":{"rendered":"\n<p>W pierwszy dzie\u0144 nowego 2023 roku prezentujemy Pa\u0144stwu wywiad przeprowadzony z prezesem W\u0142\u00f3kniarza Cz\u0119stochowa Micha\u0142em \u015awi\u0105cikiem, kt\u00f3ry po raz pierwszy zosta\u0142 opublikowany w Magazynie \u201eCzas na Cz\u0119stochow\u0119\u201d wydanym przez \u201eGazet\u0119 Regionaln\u0105\u201d. Zapraszamy do lektury&#8230;<\/p>\n\n\n\n<p><strong>Gazeta Regionalna: Po dw\u00f3ch latach nieobecno\u015bci w play-off W\u0142\u00f3kniarz Cz\u0119stochowa zako\u0144czy\u0142 sezon na 3. miejscu. Zdobyli\u015bcie br\u0105zowy medal Dru\u017cynowych Mistrzostw Polski w PGE Ekstralidze, kt\u00f3ry by\u0142 oczekiwany przez kibic\u00f3w. To du\u017ca rado\u015b\u0107 czy ma\u0142y niedosyt, bo rund\u0119 zasadnicz\u0105 zako\u0144czyli\u015bcie na 2. miejscu i by\u0142a du\u017ca szansa na fina\u0142&#8230;<\/strong><\/p>\n\n\n\n<p>Micha\u0142 \u015awi\u0105cik: Na pewno z ka\u017cdego medalu trzeba si\u0119 cieszy\u0107, bo zaczynaj\u0105c sezon to ka\u017cdy klub, ka\u017cdy zesp\u00f3\u0142 liczy na jak najlepsze zdobycze i medale. I tak naprawd\u0119 to z\u0142oto, to srebro i ten br\u0105z zarezerwowane jest tylko dla trzech dru\u017cyn. Z o\u015bmiu walcz\u0105cych zespo\u0142\u00f3w tylko trzy mog\u0105 zdoby\u0107 medale i stan\u0105\u0107 na podium. Zdobycie jednego z tych medali jest du\u017cym sukcesem i zapisaniem si\u0119 w historii polskiego \u017cu\u017cla. Tego br\u0105zowego medalu nikt nam ju\u017c nie zabierze, a dzi\u0119ki dobrej je\u017adzie zespo\u0142u powi\u0119kszyli\u015bmy klubow\u0105 kolekcj\u0119 o kolejny wa\u017cny kr\u0105\u017cek. Czy to jest niedosyt? Nie. Ten br\u0105z to rado\u015b\u0107. Trudno to nazwa\u0107 niedosytem. Polacy cz\u0119sto sceptycznie podchodz\u0105 do srebrnych czy br\u0105zowych medali. Czy to w sportach dru\u017cynowych czy indywidualnych i pytaj\u0105 si\u0119 czy nie masz \u017calu, \u017ce zaj\u0105\u0142e\u015b 2., 3. czy 4. miejsce. Nie. Jest rado\u015b\u0107. Trzeba odpowiedzie\u0107 kr\u00f3tko. By\u0142 blisko fina\u0142 i 1. albo 2. miejsce. Ale mamy br\u0105z i cieszymy si\u0119 z 3. miejsca. Jest medal, jest du\u017cy sukces. Pami\u0119tajmy, \u017ce \u017cule w Polsce to najlepsza liga \u015bwiata, kt\u00f3ra jest naszpikowana samymi gwiazdami i najlepszymi \u017cu\u017clowcami na \u015bwiecie. I utrzyma\u0107 wysok\u0105 pozycj\u0119 w tym gronie jest bardzo trudno. Ja przypomn\u0119 tylko, \u017ce na zapleczu mamy 1. i 2. lig\u0119 i tysi\u0105ce kibic\u00f3w marzy o je\u017adzie w PGE Ekstralidze, a co dopiero o zdobywaniu medali. My\u015bl\u0119, \u017ce po tym co by\u0142o w 2015 roku, i niebycie W\u0142\u00f3kniarz w sporcie \u017cu\u017clowym to w ci\u0105gu 6-7 lat zdobyli\u015bmy 2 br\u0105zowe medale DMP plus wiele medali w juniorskim \u015bciganiu w Polsce i na \u015bwiecie to jest to bardzo du\u017cy sukces W\u0142\u00f3kniarza.<\/p>\n\n\n\n<p><strong>Jakie by\u0142y pozytywy W\u0142\u00f3kniarza w seniorskiej dru\u017cynie, bo p\u00f3\u017aniej zapytam o worek medali w m\u0142odzie\u017cowych rozgrywkach&#8230;<\/strong><\/p>\n\n\n\n<p>&#8211; Na pewno pozytywem dru\u017cyny, tak jak przed chwil\u0105 powiedzia\u0142em, by\u0142a 2. pozycja po rundzie zasadniczej w PGE Ekstralidze i zdobycie br\u0105zowego medalu na koniec sezonu. Z drugiej jednak strony musimy te\u017c pami\u0119ta\u0107 o budowaniu zespo\u0142u. My\u015bl\u0119 tutaj o Kacprze Worynie. Wskoczy\u0142 na wy\u017cszy poziom, co daje nam handicap w przysz\u0142ym sezonie. To s\u0105 pozytywy seniorskie. Ale takim kolejnym pozytywem dru\u017cyny W\u0142\u00f3kniarza jest skala marketingowa. Bo notuj\u0105c dobre wyniki w meczach to pozwala nam pr\u0119\u017cnie dzia\u0142a\u0107 na rynku zwrotu marketingu. Wszyscy wiemy, \u017ce sport zawodowy opiera si\u0119 na wsparciu finansowym. Bez odpowiednich inwestycji nie by\u0142oby \u017cadnych sukces\u00f3w i to nie tylko w \u017cu\u017clu. W r\u00f3\u017cnych dyscyplinach jest to r\u00f3\u017cnie uregulowane. S\u0105 strategiczni sponsorzy, s\u0105 mniejsi sponsorzy. Oczywi\u015bcie \u017cu\u017cel jest jedn\u0105 z czo\u0142owych dyscyplin w Polsce, ale je\u015bli chodzi o wp\u0142ywy z tytu\u0142u tych tzw. generalnych sponsor\u00f3w to jeszcze daleko nam do pi\u0142ki no\u017cnej, ale powolutku sobie jako\u015b radzimy i sukcesy pierwszej dru\u017cyny zawsze dobrze wr\u00f3\u017c\u0105 w rozmowach z potencjalnymi sponsorami. Zdobycie tego 3. miejsca jest wed\u0142ug mnie najwi\u0119ksz\u0105 rado\u015bci\u0105 i najwi\u0119kszym sukcesem. Ale te\u017c indywidualnie ocena poszczeg\u00f3lnych zawodnik\u00f3w. Kacper Woryna, Jakub Mi\u015bkowiak i Leon Madsen, kt\u00f3ry indywidualnie \u201egryzie\u201d Bartka Zmarzlika na \u015bwiecie. Ja zawsze m\u00f3wi\u0142em, \u017ce zawodnik, kt\u00f3ry jedzie dobrze w polskiej ekstralidze i Leon takim zawodnikiem jest od lat to zawsze ma szans\u0119 bi\u0107 si\u0119 o mistrza \u015bwiata. Leon jest naszym kapitanem i \u017cycz\u0119 mu jak najlepiej.<\/p>\n\n\n\n<p><strong>Du\u017co rado\u015bci przynie\u015bli te\u017c m\u0142odzie\u017cowcy. Mateusz \u015awidnicki i Jakub Mi\u015bkowiak zdominowali fina\u0142 Indywidualnych Mistrzostw Polski Junior\u00f3w, a tak\u017ce zdobyli medale w parach, w MDMP i pokazali si\u0119 z dobrej strony w innych juniorskich zawodach. Niestety, ale ta para przechodzi z wieku juniora do seniora i czy W\u0142\u00f3kniarz w przysz\u0142ym sezonie na tym nie ucierpi?<\/strong><\/p>\n\n\n\n<p>&#8211; Co\u015b si\u0119 ko\u0144czy i co\u015b si\u0119 zaczyna. W ostatnich latach bardzo du\u017co inwestowali\u015bmy w nasz\u0105 m\u0142odzie\u017c. To by\u0142y \u015brodki zdecydowanie wi\u0119ksze ni\u017c u naszych koleg\u00f3w z innych zespo\u0142\u00f3w. Mieli\u015bmy tak\u0105 polityk\u0119, aby szkoli\u0107 i inwestowa\u0107 w m\u0142odzie\u017c. Jak na razie nie ma systemu, kt\u00f3ry wynagradza kluby \u017cu\u017clowe w Polsce za szkolenie m\u0142odzie\u017cy. My mamy szkolenie na wysokim poziomie, ale s\u0105 w Polsce o\u015brodki, kt\u00f3re kalkuluj\u0105 rachunek finansowy. Nie szkol\u0105, bo finansowo to si\u0119 dla nich nie op\u0142aca. My podej\u015bcie mamy inne. Je\u015bli chodzi o korzy\u015bci z tytu\u0142u szkolenie to moim zdaniem jeste\u015bmy na poziomie przedszkola. Inni zamiast szkoli\u0107 to przesuwaj\u0105 pieni\u0105\u017cki na pierwsze zespo\u0142y, a co jaki\u015b czas wypo\u017cyczaj\u0105 zawodnik\u00f3w m\u0142odzie\u017cowych. Finansowo wychodz\u0105 na tym lepiej ni\u017c zespo\u0142y, kt\u00f3re same szkol\u0105 swoich zawodnik\u00f3w. Ale jak na razie nie podj\u0119li\u015bmy decyzji o zwolnieniu tej lokomotywy szkoleniowej w Cz\u0119stochowie. Nie my\u015bl\u0119 o ca\u0142kowitym zaprzestaniu, ale o zastanowieniu si\u0119 nad rachunkiem ekonomicznym, kt\u00f3ry nie jest na t\u0105 chwil\u0119 wspierany przez organy zarz\u0105dzaj\u0105ce, nad czym ubolewam. Mateusz \u015awidnicki i Kuba Mi\u015bkowiak odchodz\u0105 z pozycji juniorskich. Mateusz przenosi si\u0119 do Krosna, a Kuba zostaje u nas na pozycji U24. Na ich miejsce wchodz\u0105 Franek Karczewski i Kajetan Kupiec. Trzecim juniorem b\u0119dzie Kacper Halkiewicz, a czwartym goni\u0105cym ta tr\u00f3jk\u0119 b\u0119dzie Szymon wolski, kt\u00f3ry na t\u0105 chwil\u0119 jest czwartym m\u0142odzie\u017cowcem w tej grupie.<\/p>\n\n\n\n<p><strong>Franciszek Karczewski z 1. ligi musi szybko przestawi\u0107 si\u0119 na starty w Ekstralidze&#8230;<\/strong><\/p>\n\n\n\n<p>&#8211; Franek w 2022 roku by\u0142 wypo\u017cyczony do Wilk\u00f3w Krosno i udowodni\u0142, \u017ce potrafi je\u017adzi\u0107. Gdyby nie ten m\u0142ody ch\u0142opak to uwa\u017cam, \u017ce Wilki nie awansowa\u0142yby do Ekstraligi. Franek w meczu fina\u0142owym z Zielon\u0105 G\u00f3r\u0105 zrobi\u0142 na swoim torze punktowy komplet wi\u0119c jest na pewno warto\u015bciowym zawodnikiem. Jest zawodnikiem, kt\u00f3ry dwa lata wcze\u015bniej w klasie 250 cc w barwach W\u0142\u00f3kniarza zdoby\u0142 Puchar Polski wi\u0119c ten ch\u0142opak ma papiery do jazdy. Nie inaczej jest te\u017c z Kajtkiem Kupcem, kt\u00f3ry wymaga dopracowania. Kacper Halkiewicz te\u017c w 2022 pokazywa\u0142 si\u0119 z dobrej strony. Niech kibice si\u0119 nie martwi\u0105, bo w materii m\u0142odzie\u017cowc\u00f3w dobrze stoimy. Mieli\u015bmy wicemistrza ekstraligi w mini\u017cuzlu. Mieli\u015bmy mistrza Polski i 4. zawodnika w Polsce w klasie 250cc. Zdobyli\u015bmy te\u017c dru\u017cynowy tytu\u0142 mistrza Polski w klasie 250cc. Ale to niestety nie przek\u0142ada si\u0119 na korzy\u015bci finansowe dla klub\u00f3w.<\/p>\n\n\n\n<p><strong>Zapytam jeszcze o zawodnik\u00f3w, kt\u00f3rzy odeszli z W\u0142\u00f3kniarza: To Bartosz Smekta\u0142a, Jonas Jeppesen, Mateusz \u015awidnicki, o kt\u00f3rym przed chwil\u0105 rozmawiali\u015bmy i Fredrik Lindgren. Szwed po 5 latach start\u00f3w we W\u0142\u00f3kniarzy \u017cegna si\u0119 z Cz\u0119stochow\u0105&#8230; Co mia\u0142o na to wp\u0142yw? By\u0142y momenty, \u017ce kibice byli bardzo niezadowoleni z postawy Fredrika Lindgrena. Czy te kilka mecz\u00f3w, w kt\u00f3rych pojecha\u0142 poni\u017cej swoich mo\u017cliwo\u015bci zadecydowa\u0142y o rozstaniu?<\/strong><\/p>\n\n\n\n<p>&#8211; Robili\u015bmy wszystko co w naszej mocy, aby Jonas Jeppesen wszed\u0142 na wysoki poziom \u017cu\u017cla, kt\u00f3ry umo\u017cliwi\u0142by mu \u015bciganie si\u0119 w Ekstralidze. Niestety, ale przed Jonasem jest jeszcze du\u017co pracy w tym zakresie. Bartek Smekta\u0142a by\u0142 u nas dwa sezony. My\u015bl\u0119, \u017ce po tych dw\u00f3ch sezonach du\u017co wyni\u00f3s\u0142 dobrego z jazdy w Cz\u0119stochowie. Przyczyni\u0142 si\u0119 walnie do zdobycia tego 3. miejsca i br\u0105zowego medalu. Wsp\u00f3\u0142prac\u0119 z Bartkiem wspominam bardzo dobrze. Natomiast nasze drogi si\u0119 rozstaj\u0105. Jest inna koncepcja budowy zespo\u0142u i \u201eSmyku\u201d wraca do Leszna. Mateusz \u015awidnicki przechodzi do Wilk\u00f3w Krosno i zobaczymy, go ponownie w Cz\u0119stochowie w meczu ligowym z Wilkami.<\/p>\n\n\n\n<p><strong>I pozosta\u0142 nam Fredrik Lindgren. Tak jak chwil\u0119 temu zaznaczy\u0142em, by\u0142y momenty, \u017ce kibice byli bardzo niezadowoleni z postawy Fredrika Lindgrena. Wida\u0107, \u017ce kredyt zaufania si\u0119 wyczerpa\u0142&#8230;<\/strong><\/p>\n\n\n\n<p>&#8211; Ja za te wszystkie lata dzi\u0119kuj\u0119 \u015blicznie Fredrikowi za walk\u0119 dla W\u0142\u00f3kniarza. Jednak by\u0142y momenty w tym sezonie, \u017ce pojawi\u0142 si\u0119 znak zapytania, czy Fredrik jest w stanie dalej nas reprezentowa\u0107. By\u0142o tak np. po Grand Prix w Gorzowie. Fredrika nie by\u0142o te\u017c z nami przez kilka spotka\u0144&#8230; To da\u0142o nam kilka znak\u00f3w zapytania. Czy zawodnik jest w pe\u0142ni dyspozycyjny czy w przysz\u0142ym sezonie b\u0119dzie si\u0119 \u015bciga\u0142 we wszystkich meczach? Tak jak powiedzia\u0142em, Fredrik zrobi\u0142 bardzo du\u017co dla W\u0142\u00f3kniarza. B\u0119dziemy o tym pami\u0119ta\u0107, ale jak w ka\u017cdym sporcie, jak w ka\u017cdym klubie nast\u0119puj\u0105 pewne zmiany. Dzi\u0119kuj\u0105c Fredrikowi \u017cycz\u0119 mu jak najlepiej w nowym klubie. Jednocze\u015bnie my\u015bl\u0119, \u017ce zmiany, kt\u00f3re nast\u0105pi\u0142y w Cz\u0119stochowie na pozycji Fredrika oka\u017c\u0105 si\u0119 dobrym posuni\u0119ciem. Pozyskali\u015bmy Du\u0144czyka Mikkela Michelsena, kt\u00f3ry prezentuje bardzo wysoki poziom i my\u015bl\u0119, \u017ce kibice b\u0119d\u0105 z jego wynik\u00f3w bardzo zadowoleni.<\/p>\n\n\n\n<p><strong>Pozyskali\u015bcie Michelsena i o tym m\u00f3wi\u0142o si\u0119 ju\u017c w tracie sezonu, \u017ce b\u0119dzie nowym \u017cu\u017clowcem W\u0142\u00f3kniarza. Mo\u017ce prezes zdradzi\u0107, kto pierwszy do kogo wykona\u0142 ruch i kiedy to mniej wi\u0119cej by\u0142o?<\/strong><\/p>\n\n\n\n<p>&#8211; Nie b\u0119d\u0105 zdradza\u0142 szczeg\u00f3\u0142\u00f3w z rozm\u00f3w, ale mamy bardzo dobry kontakt z Mikkelem od lat. Przed laty du\u017co u nas trenowa\u0142. W 2017 roku trenowa\u0142 pod okiem trenera Lecha K\u0119dziory. Teraz mamy taki zbieg okoliczno\u015bci, \u017ce Mikkel do nas przychodzi i te\u017c b\u0119dzie trenowa\u0142 pod okiem trenera K\u0119dziory. Gdzie\u015b zawsze nadawali\u015bmy na tych samych falach je\u015bli chodzi o \u017cu\u017cel. Ja si\u0119 ciesz\u0119, \u017ce nast\u0105pi\u0142 kontakt mi\u0119dzy teamem Mikkela i nami. Dograli\u015bmy szczeg\u00f3\u0142y. Mikkel mieszka w Rybnik wi\u0119c blisko Cz\u0119stochowy. To m\u0142ody i utalentowany zawodnik. Jednocze\u015bnie b\u0119dzie mia\u0142 blisko, aby potrenowa\u0107 na cz\u0119stochowskim torze i by\u0107 cz\u0119\u015bciej na treningach. We W\u0142\u00f3kniarzu je\u015bli mamy zawodnika to kibicujemy mu te\u017c w turniejach indywidualnych.<\/p>\n\n\n\n<p><strong>Drugim i ostatnim zawodnikiem, kt\u00f3ry przyszed\u0142 do W\u0142\u00f3kniarza to wychowanek cz\u0119stochowskiego klubu Maksym Drabik, kt\u00f3ry jak dot\u0105d jako senior nie m\u00f3g\u0142 si\u0119 pokaza\u0107 w Cz\u0119stochowie. Mamy taki sk\u0142ad na 2023 rok: Leon Madsen, Mikkel Michelsen, Kacper Woryna, Maksym Drabik, Jakub Mi\u015bkowiak, Francieszek Karczewski i Kajetan Kupiec&#8230; Wiem, \u017ce dzia\u0142acze i trenerzy nie lubi\u0105 takich pyta\u0144, ale kibice z kolei lubi\u0105 czyta\u0107 te odpowiedzi i deklaracje. Jakie b\u0119d\u0105 plany na nadchodz\u0105cy sezon 2023 i o co b\u0119dziecie walczy\u0107?<\/strong><\/p>\n\n\n\n<p>&#8211; Patrz\u0105c na sk\u0142ad zespo\u0142u i kierunek jego budowy to trzeba powiedzie\u0107, \u017ce chcemy powalczy\u0107 w nowym sezonie o najwy\u017csze trofea. Natomiast jako cz\u0142owiek z \u017cu\u017clowym do\u015bwiadczeniem to chcia\u0142bym powiedzie\u0107, \u017ce rzucanie teraz jaki\u015b bu\u0144czucznych deklaracji o zdobyciu z\u0142ota to nie jest absolutnie w naszym stylu. A ju\u017c na pewno nie popieram czego\u015b takiego, aby przed sezonem rozdawa\u0107 medale itp. Oczywi\u015bcie sezon jest d\u0142ugi. To jest sport i wszystko mo\u017ce si\u0119 wydarzy\u0107. W tym roku troszeczk\u0119 inaczej podchodzimy do tego. Trzeba m\u00f3wi\u0107 g\u0142o\u015bno, \u017ce chcemy walczy\u0107 o to co najlepsze. Prosto jednak nie b\u0119dzie, bo inne zespo\u0142y te\u017c b\u0119d\u0105 mocne i powzmacnia\u0142y si\u0119. Nie ma ju\u017c podw\u00f3jnej z\/z, kt\u00f3ra wypacza\u0142a wynik rozgrywek. My\u015bl\u0119, \u017ce b\u0119d\u0105 ciekawe i \u0142adne mecze. Przy tym potencjale dru\u017cyn losy medali zostan\u0105 rozdzielone na finiszu ligi. B\u0119dziemy walczy\u0107 o to, by na naszych szyjach zawis\u0142 medal z jak najlepszego kruszcu&#8230;<\/p>\n\n\n\n<p><strong>Dzi\u0119kujemy za rozmow\u0119<\/strong><\/p>\n\n\n\n<p>AK, fot: AK<\/p>\n\n\n\n<p>Wywiad z prezesem W\u0142\u00f3kniarza Micha\u0142em \u015awi\u0105cikiem ukaza\u0142 si\u0119 w Magazynie \u201eCzas na Cz\u0119stochow\u0119\u201d wydanym przez \u201eGazet\u0119 Regionaln\u0105\u201d.<\/p>\n\n\n\n<figure class=\"wp-block-image size-large\"><img decoding=\"async\" width=\"1024\" height=\"683\" data-src=\"https:\/\/gazetaregionalna.com\/wp-content\/uploads\/2022\/09\/BrazCKM-48-1024x683.jpg\" alt=\"\" class=\"wp-image-93598 lazyload\" data-srcset=\"https:\/\/gazetaregionalna.com\/wp-content\/uploads\/2022\/09\/BrazCKM-48-1024x683.jpg 1024w, https:\/\/gazetaregionalna.com\/wp-content\/uploads\/2022\/09\/BrazCKM-48-300x200.jpg 300w, https:\/\/gazetaregionalna.com\/wp-content\/uploads\/2022\/09\/BrazCKM-48-768x512.jpg 768w, https:\/\/gazetaregionalna.com\/wp-content\/uploads\/2022\/09\/BrazCKM-48-1536x1024.jpg 1536w, https:\/\/gazetaregionalna.com\/wp-content\/uploads\/2022\/09\/BrazCKM-48-2048x1365.jpg 2048w, https:\/\/gazetaregionalna.com\/wp-content\/uploads\/2022\/09\/BrazCKM-48-696x464.jpg 696w, https:\/\/gazetaregionalna.com\/wp-content\/uploads\/2022\/09\/BrazCKM-48-1068x712.jpg 1068w, https:\/\/gazetaregionalna.com\/wp-content\/uploads\/2022\/09\/BrazCKM-48-1920x1280.jpg 1920w, https:\/\/gazetaregionalna.com\/wp-content\/uploads\/2022\/09\/BrazCKM-48-630x420.jpg 630w, https:\/\/gazetaregionalna.com\/wp-content\/uploads\/2022\/09\/BrazCKM-48-scaled.jpg 1600w\" data-sizes=\"(max-width: 1024px) 100vw, 1024px\" src=\"data:image\/svg+xml;base64,PHN2ZyB3aWR0aD0iMSIgaGVpZ2h0PSIxIiB4bWxucz0iaHR0cDovL3d3dy53My5vcmcvMjAwMC9zdmciPjwvc3ZnPg==\" style=\"--smush-placeholder-width: 1024px; --smush-placeholder-aspect-ratio: 1024\/683;\" \/><\/figure>\n\n\n\n<figure class=\"wp-block-image size-large\"><img decoding=\"async\" width=\"1024\" height=\"683\" data-src=\"https:\/\/gazetaregionalna.com\/wp-content\/uploads\/2022\/12\/BrazCKM-10-1024x683.jpg\" alt=\"\" class=\"wp-image-98776 lazyload\" data-srcset=\"https:\/\/gazetaregionalna.com\/wp-content\/uploads\/2022\/12\/BrazCKM-10-1024x683.jpg 1024w, https:\/\/gazetaregionalna.com\/wp-content\/uploads\/2022\/12\/BrazCKM-10-300x200.jpg 300w, https:\/\/gazetaregionalna.com\/wp-content\/uploads\/2022\/12\/BrazCKM-10-768x512.jpg 768w, https:\/\/gazetaregionalna.com\/wp-content\/uploads\/2022\/12\/BrazCKM-10-1536x1024.jpg 1536w, https:\/\/gazetaregionalna.com\/wp-content\/uploads\/2022\/12\/BrazCKM-10-2048x1366.jpg 2048w, https:\/\/gazetaregionalna.com\/wp-content\/uploads\/2022\/12\/BrazCKM-10-696x464.jpg 696w, https:\/\/gazetaregionalna.com\/wp-content\/uploads\/2022\/12\/BrazCKM-10-1068x712.jpg 1068w, https:\/\/gazetaregionalna.com\/wp-content\/uploads\/2022\/12\/BrazCKM-10-1920x1280.jpg 1920w, https:\/\/gazetaregionalna.com\/wp-content\/uploads\/2022\/12\/BrazCKM-10-630x420.jpg 630w, https:\/\/gazetaregionalna.com\/wp-content\/uploads\/2022\/12\/BrazCKM-10-scaled.jpg 1600w\" data-sizes=\"(max-width: 1024px) 100vw, 1024px\" src=\"data:image\/svg+xml;base64,PHN2ZyB3aWR0aD0iMSIgaGVpZ2h0PSIxIiB4bWxucz0iaHR0cDovL3d3dy53My5vcmcvMjAwMC9zdmciPjwvc3ZnPg==\" style=\"--smush-placeholder-width: 1024px; --smush-placeholder-aspect-ratio: 1024\/683;\" \/><\/figure>\n\n\n\n<figure class=\"wp-block-image size-large\"><img decoding=\"async\" width=\"1024\" height=\"682\" data-src=\"https:\/\/gazetaregionalna.com\/wp-content\/uploads\/2022\/09\/BrazCKM-15-1024x682.jpg\" alt=\"\" class=\"wp-image-93565 lazyload\" data-srcset=\"https:\/\/gazetaregionalna.com\/wp-content\/uploads\/2022\/09\/BrazCKM-15-1024x682.jpg 1024w, https:\/\/gazetaregionalna.com\/wp-content\/uploads\/2022\/09\/BrazCKM-15-300x200.jpg 300w, https:\/\/gazetaregionalna.com\/wp-content\/uploads\/2022\/09\/BrazCKM-15-768x512.jpg 768w, https:\/\/gazetaregionalna.com\/wp-content\/uploads\/2022\/09\/BrazCKM-15-1536x1024.jpg 1536w, https:\/\/gazetaregionalna.com\/wp-content\/uploads\/2022\/09\/BrazCKM-15-2048x1365.jpg 2048w, https:\/\/gazetaregionalna.com\/wp-content\/uploads\/2022\/09\/BrazCKM-15-696x464.jpg 696w, https:\/\/gazetaregionalna.com\/wp-content\/uploads\/2022\/09\/BrazCKM-15-1068x712.jpg 1068w, https:\/\/gazetaregionalna.com\/wp-content\/uploads\/2022\/09\/BrazCKM-15-1920x1280.jpg 1920w, https:\/\/gazetaregionalna.com\/wp-content\/uploads\/2022\/09\/BrazCKM-15-630x420.jpg 630w, https:\/\/gazetaregionalna.com\/wp-content\/uploads\/2022\/09\/BrazCKM-15-scaled.jpg 1600w\" data-sizes=\"(max-width: 1024px) 100vw, 1024px\" src=\"data:image\/svg+xml;base64,PHN2ZyB3aWR0aD0iMSIgaGVpZ2h0PSIxIiB4bWxucz0iaHR0cDovL3d3dy53My5vcmcvMjAwMC9zdmciPjwvc3ZnPg==\" style=\"--smush-placeholder-width: 1024px; --smush-placeholder-aspect-ratio: 1024\/682;\" \/><\/figure>\n\n\n\n<figure class=\"wp-block-image size-large\"><img decoding=\"async\" width=\"1024\" height=\"683\" data-src=\"https:\/\/gazetaregionalna.com\/wp-content\/uploads\/2022\/09\/BrazCKM-39-1024x683.jpg\" alt=\"\" class=\"wp-image-93589 lazyload\" data-srcset=\"https:\/\/gazetaregionalna.com\/wp-content\/uploads\/2022\/09\/BrazCKM-39-1024x683.jpg 1024w, https:\/\/gazetaregionalna.com\/wp-content\/uploads\/2022\/09\/BrazCKM-39-300x200.jpg 300w, https:\/\/gazetaregionalna.com\/wp-content\/uploads\/2022\/09\/BrazCKM-39-768x512.jpg 768w, https:\/\/gazetaregionalna.com\/wp-content\/uploads\/2022\/09\/BrazCKM-39-1536x1024.jpg 1536w, https:\/\/gazetaregionalna.com\/wp-content\/uploads\/2022\/09\/BrazCKM-39-2048x1365.jpg 2048w, https:\/\/gazetaregionalna.com\/wp-content\/uploads\/2022\/09\/BrazCKM-39-696x464.jpg 696w, https:\/\/gazetaregionalna.com\/wp-content\/uploads\/2022\/09\/BrazCKM-39-1068x712.jpg 1068w, https:\/\/gazetaregionalna.com\/wp-content\/uploads\/2022\/09\/BrazCKM-39-1920x1280.jpg 1920w, https:\/\/gazetaregionalna.com\/wp-content\/uploads\/2022\/09\/BrazCKM-39-630x420.jpg 630w, https:\/\/gazetaregionalna.com\/wp-content\/uploads\/2022\/09\/BrazCKM-39-scaled.jpg 1600w\" data-sizes=\"(max-width: 1024px) 100vw, 1024px\" src=\"data:image\/svg+xml;base64,PHN2ZyB3aWR0aD0iMSIgaGVpZ2h0PSIxIiB4bWxucz0iaHR0cDovL3d3dy53My5vcmcvMjAwMC9zdmciPjwvc3ZnPg==\" style=\"--smush-placeholder-width: 1024px; --smush-placeholder-aspect-ratio: 1024\/683;\" \/><\/figure>\n\n\n\n<figure class=\"wp-block-image size-large\"><img decoding=\"async\" width=\"300\" height=\"250\" data-src=\"https:\/\/gazetaregionalna.com\/wp-content\/uploads\/2022\/04\/DMK-7.jpg\" alt=\"\" class=\"wp-image-77214 lazyload\" src=\"data:image\/svg+xml;base64,PHN2ZyB3aWR0aD0iMSIgaGVpZ2h0PSIxIiB4bWxucz0iaHR0cDovL3d3dy53My5vcmcvMjAwMC9zdmciPjwvc3ZnPg==\" style=\"--smush-placeholder-width: 300px; --smush-placeholder-aspect-ratio: 300\/250;\"><\/figure>\n\n\n\n<figure class=\"wp-block-image size-large\"><img decoding=\"async\" width=\"1024\" height=\"683\" data-src=\"https:\/\/gazetaregionalna.com\/wp-content\/uploads\/2022\/09\/BrazCKM-18-1024x683.jpg\" alt=\"\" class=\"wp-image-93568 lazyload\" data-srcset=\"https:\/\/gazetaregionalna.com\/wp-content\/uploads\/2022\/09\/BrazCKM-18-1024x683.jpg 1024w, https:\/\/gazetaregionalna.com\/wp-content\/uploads\/2022\/09\/BrazCKM-18-300x200.jpg 300w, https:\/\/gazetaregionalna.com\/wp-content\/uploads\/2022\/09\/BrazCKM-18-768x512.jpg 768w, https:\/\/gazetaregionalna.com\/wp-content\/uploads\/2022\/09\/BrazCKM-18-1536x1024.jpg 1536w, https:\/\/gazetaregionalna.com\/wp-content\/uploads\/2022\/09\/BrazCKM-18-2048x1365.jpg 2048w, https:\/\/gazetaregionalna.com\/wp-content\/uploads\/2022\/09\/BrazCKM-18-696x464.jpg 696w, https:\/\/gazetaregionalna.com\/wp-content\/uploads\/2022\/09\/BrazCKM-18-1068x712.jpg 1068w, https:\/\/gazetaregionalna.com\/wp-content\/uploads\/2022\/09\/BrazCKM-18-1920x1280.jpg 1920w, https:\/\/gazetaregionalna.com\/wp-content\/uploads\/2022\/09\/BrazCKM-18-630x420.jpg 630w, https:\/\/gazetaregionalna.com\/wp-content\/uploads\/2022\/09\/BrazCKM-18-scaled.jpg 1600w\" data-sizes=\"(max-width: 1024px) 100vw, 1024px\" src=\"data:image\/svg+xml;base64,PHN2ZyB3aWR0aD0iMSIgaGVpZ2h0PSIxIiB4bWxucz0iaHR0cDovL3d3dy53My5vcmcvMjAwMC9zdmciPjwvc3ZnPg==\" style=\"--smush-placeholder-width: 1024px; --smush-placeholder-aspect-ratio: 1024\/683;\" \/><\/figure>\n\n\n\n<figure class=\"wp-block-image size-large\"><img decoding=\"async\" width=\"1024\" height=\"683\" data-src=\"https:\/\/gazetaregionalna.com\/wp-content\/uploads\/2022\/09\/BrazCKM-35-1024x683.jpg\" alt=\"\" class=\"wp-image-93585 lazyload\" data-srcset=\"https:\/\/gazetaregionalna.com\/wp-content\/uploads\/2022\/09\/BrazCKM-35-1024x683.jpg 1024w, https:\/\/gazetaregionalna.com\/wp-content\/uploads\/2022\/09\/BrazCKM-35-300x200.jpg 300w, https:\/\/gazetaregionalna.com\/wp-content\/uploads\/2022\/09\/BrazCKM-35-768x512.jpg 768w, https:\/\/gazetaregionalna.com\/wp-content\/uploads\/2022\/09\/BrazCKM-35-1536x1024.jpg 1536w, https:\/\/gazetaregionalna.com\/wp-content\/uploads\/2022\/09\/BrazCKM-35-2048x1365.jpg 2048w, https:\/\/gazetaregionalna.com\/wp-content\/uploads\/2022\/09\/BrazCKM-35-696x464.jpg 696w, https:\/\/gazetaregionalna.com\/wp-content\/uploads\/2022\/09\/BrazCKM-35-1068x712.jpg 1068w, https:\/\/gazetaregionalna.com\/wp-content\/uploads\/2022\/09\/BrazCKM-35-1920x1280.jpg 1920w, https:\/\/gazetaregionalna.com\/wp-content\/uploads\/2022\/09\/BrazCKM-35-630x420.jpg 630w, https:\/\/gazetaregionalna.com\/wp-content\/uploads\/2022\/09\/BrazCKM-35-scaled.jpg 1600w\" data-sizes=\"(max-width: 1024px) 100vw, 1024px\" src=\"data:image\/svg+xml;base64,PHN2ZyB3aWR0aD0iMSIgaGVpZ2h0PSIxIiB4bWxucz0iaHR0cDovL3d3dy53My5vcmcvMjAwMC9zdmciPjwvc3ZnPg==\" style=\"--smush-placeholder-width: 1024px; --smush-placeholder-aspect-ratio: 1024\/683;\" \/><\/figure>\n\n\n\n<figure class=\"wp-block-image size-large\"><img decoding=\"async\" width=\"1024\" height=\"683\" data-src=\"https:\/\/gazetaregionalna.com\/wp-content\/uploads\/2022\/09\/BrazCKM-28-1024x683.jpg\" alt=\"\" class=\"wp-image-93578 lazyload\" data-srcset=\"https:\/\/gazetaregionalna.com\/wp-content\/uploads\/2022\/09\/BrazCKM-28-1024x683.jpg 1024w, https:\/\/gazetaregionalna.com\/wp-content\/uploads\/2022\/09\/BrazCKM-28-300x200.jpg 300w, https:\/\/gazetaregionalna.com\/wp-content\/uploads\/2022\/09\/BrazCKM-28-768x512.jpg 768w, https:\/\/gazetaregionalna.com\/wp-content\/uploads\/2022\/09\/BrazCKM-28-1536x1024.jpg 1536w, https:\/\/gazetaregionalna.com\/wp-content\/uploads\/2022\/09\/BrazCKM-28-2048x1365.jpg 2048w, https:\/\/gazetaregionalna.com\/wp-content\/uploads\/2022\/09\/BrazCKM-28-696x464.jpg 696w, https:\/\/gazetaregionalna.com\/wp-content\/uploads\/2022\/09\/BrazCKM-28-1068x712.jpg 1068w, https:\/\/gazetaregionalna.com\/wp-content\/uploads\/2022\/09\/BrazCKM-28-1920x1280.jpg 1920w, https:\/\/gazetaregionalna.com\/wp-content\/uploads\/2022\/09\/BrazCKM-28-630x420.jpg 630w, https:\/\/gazetaregionalna.com\/wp-content\/uploads\/2022\/09\/BrazCKM-28-scaled.jpg 1600w\" data-sizes=\"(max-width: 1024px) 100vw, 1024px\" src=\"data:image\/svg+xml;base64,PHN2ZyB3aWR0aD0iMSIgaGVpZ2h0PSIxIiB4bWxucz0iaHR0cDovL3d3dy53My5vcmcvMjAwMC9zdmciPjwvc3ZnPg==\" style=\"--smush-placeholder-width: 1024px; --smush-placeholder-aspect-ratio: 1024\/683;\" \/><\/figure>\n\n\n\n<figure class=\"wp-block-image size-large\"><img decoding=\"async\" width=\"300\" height=\"250\" data-src=\"https:\/\/gazetaregionalna.com\/wp-content\/uploads\/2022\/04\/DMK-3.jpg\" alt=\"\" class=\"wp-image-77211 lazyload\" src=\"data:image\/svg+xml;base64,PHN2ZyB3aWR0aD0iMSIgaGVpZ2h0PSIxIiB4bWxucz0iaHR0cDovL3d3dy53My5vcmcvMjAwMC9zdmciPjwvc3ZnPg==\" style=\"--smush-placeholder-width: 300px; --smush-placeholder-aspect-ratio: 300\/250;\"><\/figure>\n","protected":false},"excerpt":{"rendered":"<p>W pierwszy dzie\u0144 nowego 2023 roku prezentujemy Pa\u0144stwu wywiad przeprowadzony z prezesem W\u0142\u00f3kniarza Cz\u0119stochowa Micha\u0142em \u015awi\u0105cikiem, kt\u00f3ry po raz pierwszy zosta\u0142 opublikowany w Magazynie<\/p>\n","protected":false},"author":15,"featured_media":93598,"comment_status":"closed","ping_status":"open","sticky":false,"template":"","format":"standard","meta":{"_monsterinsights_skip_tracking":false,"_monsterinsights_sitenote_active":false,"_monsterinsights_sitenote_note":"","_monsterinsights_sitenote_category":0,"_uf_show_specific_survey":0,"_uf_disable_surveys":false,"footnotes":""},"categories":[94,5,7],"tags":[],"class_list":["post-98780","post","type-post","status-publish","format-standard","has-post-thumbnail","hentry","category-polecane","category-sport","category-zuzel"],"_links":{"self":[{"href":"https:\/\/gazetaregionalna.com\/index.php?rest_route=\/wp\/v2\/posts\/98780","targetHints":{"allow":["GET"]}}],"collection":[{"href":"https:\/\/gazetaregionalna.com\/index.php?rest_route=\/wp\/v2\/posts"}],"about":[{"href":"https:\/\/gazetaregionalna.com\/index.php?rest_route=\/wp\/v2\/types\/post"}],"author":[{"embeddable":true,"href":"https:\/\/gazetaregionalna.com\/index.php?rest_route=\/wp\/v2\/users\/15"}],"replies":[{"embeddable":true,"href":"https:\/\/gazetaregionalna.com\/index.php?rest_route=%2Fwp%2Fv2%2Fcomments&post=98780"}],"version-history":[{"count":1,"href":"https:\/\/gazetaregionalna.com\/index.php?rest_route=\/wp\/v2\/posts\/98780\/revisions"}],"predecessor-version":[{"id":98781,"href":"https:\/\/gazetaregionalna.com\/index.php?rest_route=\/wp\/v2\/posts\/98780\/revisions\/98781"}],"wp:featuredmedia":[{"embeddable":true,"href":"https:\/\/gazetaregionalna.com\/index.php?rest_route=\/wp\/v2\/media\/93598"}],"wp:attachment":[{"href":"https:\/\/gazetaregionalna.com\/index.php?rest_route=%2Fwp%2Fv2%2Fmedia&parent=98780"}],"wp:term":[{"taxonomy":"category","embeddable":true,"href":"https:\/\/gazetaregionalna.com\/index.php?rest_route=%2Fwp%2Fv2%2Fcategories&post=98780"},{"taxonomy":"post_tag","embeddable":true,"href":"https:\/\/gazetaregionalna.com\/index.php?rest_route=%2Fwp%2Fv2%2Ftags&post=98780"}],"curies":[{"name":"wp","href":"https:\/\/api.w.org\/{rel}","templated":true}]}}