{"id":987,"date":"2018-11-08T14:43:11","date_gmt":"2018-11-08T14:43:11","guid":{"rendered":"http:\/\/gazetaregionalna.com\/?p=987"},"modified":"2018-11-08T14:43:11","modified_gmt":"2018-11-08T14:43:11","slug":"wernisaz-otwarcia-wystawy-jozef-pilsudski-zycie-smierc-kult","status":"publish","type":"post","link":"https:\/\/gazetaregionalna.com\/2018\/11\/08\/wernisaz-otwarcia-wystawy-jozef-pilsudski-zycie-smierc-kult\/","title":{"rendered":"Wernisa\u017c otwarcia wystawy J\u00f3zef Pi\u0142sudski. \u017bycie \u2013 \u015amier\u0107 \u2013 Kult"},"content":{"rendered":"<p>&nbsp;<\/p>\n<p><span style=\"font-family: Times New Roman, serif;\"><span style=\"font-size: medium;\">3 listopada w Muzeum Regionalnym im. Stanis\u0142awa Sankowskiego w Radomsku odby\u0142 si\u0119 wernisa\u017c otwarcia wystawy Mariusza Kolmasiaka J\u00f3zef Pi\u0142sudski. \u017bycie \u2013 \u015amier\u0107 \u2013 Kult. <\/span><\/span><\/p>\n<p><span style=\"font-family: Times New Roman, serif;\"><span style=\"font-size: medium;\">Muzeum Regionalne im. Stanis\u0142awa Sankowskiego w Radomsku przygotowa\u0142o szereg dzia\u0142a\u0144 o charakterze kulturalno \u2013 artystycznym przeznaczonych dla r\u00f3\u017cnych grup wiekowych, zar\u00f3wno dla os\u00f3b doros\u0142ych, senior\u00f3w, uczni\u00f3w szk\u00f3\u0142 podstawowych, przedszkolak\u00f3w itd. Ka\u017cdy odwiedzj\u0105cy t\u0105 plac\u00f3wk\u0119 znajdzie co\u015b dla siebie. W tym miesi\u0105cu oferowana jest dawka wra\u017ce\u0144 estetycznych po\u0142\u0105czona z szeroko rozumianymi doznaniami artystycznymi, ale tak\u017ce wiedza historyczna zwi\u0105zana z setn\u0105 rocznic\u0105 Odzyskania przez Polsk\u0119 Niepodleg\u0142o\u015bci. B\u0119dzie zar\u00f3wno co\u015b dla cia\u0142a jak i duszy.<\/span><\/span><\/p>\n<p><span style=\"font-family: Times New Roman, serif;\"><span style=\"font-size: medium;\">Ten szczeg\u00f3lny miesi\u0105c po\u015bwi\u0119cony obchodom 100-lecia Odzyskania przez Polsk\u0119 Niepodleg\u0142o\u015bci rozpoczyna wystawa Pana Mariusza Kolmasiaka J\u00f3zef Pi\u0142sudski. \u017bycie \u2013 \u015amier\u0107 \u2013 Kult. Jest to wyj\u0105tkowa ekspozycja po\u015bwi\u0119cona honorowemu obywatelowi Radomska. J\u00f3zef Pi\u0142sudski da\u0142 Polsce wolno\u015b\u0107, szacunek i granice. By\u0142a to jedna z najwa\u017cniejszych postaci, kt\u00f3rej zawdzi\u0119czamy Odzyskanie przez Polsk\u0119 Niepodleg\u0142o\u015bci. Ca\u0142e swoje \u017cycie po\u015bwi\u0119ci\u0142 Ojczy\u017anie dlatego nale\u017cy mu si\u0119 pami\u0119\u0107.<\/span><\/span><\/p>\n<p><span style=\"font-family: Times New Roman, serif;\"><span style=\"font-size: medium;\">Wystawa sk\u0142ada si\u0119 z trzech blok\u00f3w tematycznych opowiadaj\u0105cych o \u017cyciu, \u015bmierci i rodz\u0105cym si\u0119 kulcie J\u00f3zefa Pi\u0142sudskiego sp\u00f3jnie tworz\u0105cych jedn\u0105 ca\u0142o\u015b\u0107. Prezentowane eksponaty maj\u0105 na celu przybli\u017cy\u0107 sylwetk\u0119, dzia\u0142alno\u015b\u0107 tego wybitnego marsza\u0142ka, ale tak\u017ce histori\u0119 Polski. Zwiedzaj\u0105cy mog\u0105 obejrze\u0107: oryginalne przedwojenne fotografie, czasopisma, ksi\u0105\u017cki, dokumenty, odznaczenia, obiegowe monety, poczt\u00f3wki, patriotyczn\u0105 bi\u017cuteri\u0119, znaczki pocztowe itp. W\u015br\u00f3d eksponat\u00f3w znajduj\u0105 si\u0119 tak\u017ce \u201ePere\u0142ki\u201d \u2013 dokumenty z podpisem J\u00f3zefa Pi\u0142sudskiego oraz pami\u0105tkowy Orze\u0142ek z dedykacj\u0105, kt\u00f3rego marsza\u0142ek otrzyma\u0142 od jednego ze swoich \u017co\u0142nierzy. Przypomnijmy, \u017ce Mariusz Kolmasiak to historyk, cz\u0142onek Zwi\u0105zku Pi\u0142sudczyk\u00f3w RP Towarzystwa Przyjaci\u00f3\u0142 J\u00f3zefa Pi\u0142sudskiego, a tak\u017ce cz\u0142onek Honorowego Komitetu Obchod\u00f3w Setnej Rocznicy Odzyskania przez Polsk\u0119 Niepodleg\u0142o\u015bci.<\/span><\/span><\/p>\n<p><span style=\"font-family: Times New Roman, serif;\"><span style=\"font-size: medium;\">Ekspozycja b\u0119dzie prezentowana do ko\u0144ca stycznia 2019 roku. Serdecznie zapraszamy wszystkich zainteresowanych, mi\u0142o\u015bnik\u00f3w historii i nie tylko, a przede wszystkim uczni\u00f3w i m\u0142odzie\u017c gdy\u017c ekspozycja pozwoli pog\u0142\u0119bi\u0107 i usystematyzowa\u0107 dotychczas poznan\u0105 wiedz\u0119 na temat cz\u0142owieka, jednego z animator\u00f3w Polski niepodleg\u0142ej i jej dziej\u00f3w w latach 1918 \u2013 1935. <\/span><\/span><\/p>\n<p><span style=\"font-family: Times New Roman, serif;\"><span style=\"font-size: medium;\">(\u017ar\u00f3d\u0142o: Muzeum Regionalne im. Stanis\u0142awa Sankowskiego w Radomsku)<\/span><\/span><\/p>\n","protected":false},"excerpt":{"rendered":"<p>&nbsp; 3 listopada w Muzeum Regionalnym im. Stanis\u0142awa Sankowskiego w Radomsku odby\u0142 si\u0119 wernisa\u017c otwarcia wystawy Mariusza Kolmasiaka J\u00f3zef Pi\u0142sudski. \u017bycie \u2013 \u015amier\u0107 \u2013<\/p>\n","protected":false},"author":3,"featured_media":0,"comment_status":"open","ping_status":"closed","sticky":false,"template":"","format":"standard","meta":{"_monsterinsights_skip_tracking":false,"_monsterinsights_sitenote_active":false,"_monsterinsights_sitenote_note":"","_monsterinsights_sitenote_category":0,"_uf_show_specific_survey":0,"_uf_disable_surveys":false,"footnotes":""},"categories":[1],"tags":[],"class_list":["post-987","post","type-post","status-publish","format-standard","hentry","category-uncategorized"],"_links":{"self":[{"href":"https:\/\/gazetaregionalna.com\/wp-json\/wp\/v2\/posts\/987","targetHints":{"allow":["GET"]}}],"collection":[{"href":"https:\/\/gazetaregionalna.com\/wp-json\/wp\/v2\/posts"}],"about":[{"href":"https:\/\/gazetaregionalna.com\/wp-json\/wp\/v2\/types\/post"}],"author":[{"embeddable":true,"href":"https:\/\/gazetaregionalna.com\/wp-json\/wp\/v2\/users\/3"}],"replies":[{"embeddable":true,"href":"https:\/\/gazetaregionalna.com\/wp-json\/wp\/v2\/comments?post=987"}],"version-history":[{"count":1,"href":"https:\/\/gazetaregionalna.com\/wp-json\/wp\/v2\/posts\/987\/revisions"}],"predecessor-version":[{"id":989,"href":"https:\/\/gazetaregionalna.com\/wp-json\/wp\/v2\/posts\/987\/revisions\/989"}],"wp:attachment":[{"href":"https:\/\/gazetaregionalna.com\/wp-json\/wp\/v2\/media?parent=987"}],"wp:term":[{"taxonomy":"category","embeddable":true,"href":"https:\/\/gazetaregionalna.com\/wp-json\/wp\/v2\/categories?post=987"},{"taxonomy":"post_tag","embeddable":true,"href":"https:\/\/gazetaregionalna.com\/wp-json\/wp\/v2\/tags?post=987"}],"curies":[{"name":"wp","href":"https:\/\/api.w.org\/{rel}","templated":true}]}}