{"id":98663,"date":"2022-12-29T19:29:19","date_gmt":"2022-12-29T19:29:19","guid":{"rendered":"https:\/\/gazetaregionalna.com\/?p=98663"},"modified":"2022-12-29T19:29:21","modified_gmt":"2022-12-29T19:29:21","slug":"siatkarki-ks-silesia-czestochowa-zagraja-w-piatek-w-finale-3-memorialu-im-lecha-kaczynskiego-a-zawodniczki-czestochowianki-zmierza-sie-o-3-miejsce-zdjecia","status":"publish","type":"post","link":"https:\/\/gazetaregionalna.com\/?p=98663","title":{"rendered":"Siatkarki KS Silesia Cz\u0119stochowa zagraj\u0105 w pi\u0105tek w finale 3. Memoria\u0142u im. Lecha Kaczy\u0144skiego, a zawodniczki Cz\u0119stochowianki zmierz\u0105 si\u0119 o 3. miejsce [ZDJ\u0118CIA]"},"content":{"rendered":"\n<p>W czwartek w Cz\u0119stochowie rozpocz\u0105\u0142 si\u0119 siatkarski 3. Memoria\u0142 im. Lecha Kaczy\u0144skiego organizowany przez KS Cz\u0119stochowiank\u0119 Cz\u0119stochowa. W pi\u0105tkowym finale zagraj\u0105 siatkarki KS Silesia Cz\u0119stochowa z LOS Nowy Dw\u00f3r Mazowiecki, a Cz\u0119stochowianka zmierzy si\u0119 o 3. miejsce z San Pajda Jaros\u0142aw.<\/p>\n\n\n\n<p>KS Cz\u0119stochowianka ju\u017c po raz 3. organizuje Memoria\u0142 im. Lecha Kaczy\u0144skiego. W cz\u0119stochowskim turnieju graj\u0105 3 zespo\u0142y z 1 ligi kobiet i jeden z 2-ligi. W pierwszym z p\u00f3\u0142fina\u0142\u00f3w Cz\u0119stochowianka przegra\u0142a 0:3 z LOS Nowy Dw\u00f3r Mazowiecki. Drugi z p\u00f3\u0142fina\u0142\u00f3w by\u0142 zdecydowanie bardziej zaci\u0119ty. 2-ligowa KS Silesia Cz\u0119stochowa nieoczekiwanie pokona\u0142a 1-ligowy San Pajda Jaros\u0142aw 3:2.<\/p>\n\n\n\n<p>W pi\u0105tkowym finale o godz. 11 zmierz\u0105 si\u0119 Cz\u0119stochowianka z San Pajda Jaros\u0142aw, a w finale, kt\u00f3ry zaplanowany jest na godz. 12:30 zagraj\u0105 KS Silesia Cz\u0119stochowa z LOS Nowy Dw\u00f3r Mazowiecki.<\/p>\n\n\n\n<p>AK, fot: AK<\/p>\n\n\n\n<figure class=\"wp-block-image size-large\"><img decoding=\"async\" width=\"1024\" height=\"683\" data-src=\"https:\/\/gazetaregionalna.com\/wp-content\/uploads\/2022\/12\/3Memorial-Lecha-Kaczynskiego-Czestochowianka-1-1024x683.jpg\" alt=\"\" class=\"wp-image-98648 lazyload\" data-srcset=\"https:\/\/gazetaregionalna.com\/wp-content\/uploads\/2022\/12\/3Memorial-Lecha-Kaczynskiego-Czestochowianka-1-1024x683.jpg 1024w, https:\/\/gazetaregionalna.com\/wp-content\/uploads\/2022\/12\/3Memorial-Lecha-Kaczynskiego-Czestochowianka-1-300x200.jpg 300w, https:\/\/gazetaregionalna.com\/wp-content\/uploads\/2022\/12\/3Memorial-Lecha-Kaczynskiego-Czestochowianka-1-768x512.jpg 768w, https:\/\/gazetaregionalna.com\/wp-content\/uploads\/2022\/12\/3Memorial-Lecha-Kaczynskiego-Czestochowianka-1-1536x1024.jpg 1536w, https:\/\/gazetaregionalna.com\/wp-content\/uploads\/2022\/12\/3Memorial-Lecha-Kaczynskiego-Czestochowianka-1-2048x1365.jpg 2048w, https:\/\/gazetaregionalna.com\/wp-content\/uploads\/2022\/12\/3Memorial-Lecha-Kaczynskiego-Czestochowianka-1-696x464.jpg 696w, https:\/\/gazetaregionalna.com\/wp-content\/uploads\/2022\/12\/3Memorial-Lecha-Kaczynskiego-Czestochowianka-1-1068x712.jpg 1068w, https:\/\/gazetaregionalna.com\/wp-content\/uploads\/2022\/12\/3Memorial-Lecha-Kaczynskiego-Czestochowianka-1-1920x1280.jpg 1920w, https:\/\/gazetaregionalna.com\/wp-content\/uploads\/2022\/12\/3Memorial-Lecha-Kaczynskiego-Czestochowianka-1-630x420.jpg 630w, https:\/\/gazetaregionalna.com\/wp-content\/uploads\/2022\/12\/3Memorial-Lecha-Kaczynskiego-Czestochowianka-1-scaled.jpg 1600w\" data-sizes=\"(max-width: 1024px) 100vw, 1024px\" src=\"data:image\/svg+xml;base64,PHN2ZyB3aWR0aD0iMSIgaGVpZ2h0PSIxIiB4bWxucz0iaHR0cDovL3d3dy53My5vcmcvMjAwMC9zdmciPjwvc3ZnPg==\" style=\"--smush-placeholder-width: 1024px; --smush-placeholder-aspect-ratio: 1024\/683;\" \/><\/figure>\n\n\n\n<figure class=\"wp-block-image size-large\"><img decoding=\"async\" width=\"1024\" height=\"378\" data-src=\"https:\/\/gazetaregionalna.com\/wp-content\/uploads\/2022\/12\/3Memorial-Lecha-Kaczynskiego-Czestochowianka-2-1-1024x378.jpg\" alt=\"\" class=\"wp-image-98649 lazyload\" data-srcset=\"https:\/\/gazetaregionalna.com\/wp-content\/uploads\/2022\/12\/3Memorial-Lecha-Kaczynskiego-Czestochowianka-2-1-1024x378.jpg 1024w, https:\/\/gazetaregionalna.com\/wp-content\/uploads\/2022\/12\/3Memorial-Lecha-Kaczynskiego-Czestochowianka-2-1-300x111.jpg 300w, https:\/\/gazetaregionalna.com\/wp-content\/uploads\/2022\/12\/3Memorial-Lecha-Kaczynskiego-Czestochowianka-2-1-768x283.jpg 768w, https:\/\/gazetaregionalna.com\/wp-content\/uploads\/2022\/12\/3Memorial-Lecha-Kaczynskiego-Czestochowianka-2-1-1536x566.jpg 1536w, https:\/\/gazetaregionalna.com\/wp-content\/uploads\/2022\/12\/3Memorial-Lecha-Kaczynskiego-Czestochowianka-2-1-2048x755.jpg 2048w, https:\/\/gazetaregionalna.com\/wp-content\/uploads\/2022\/12\/3Memorial-Lecha-Kaczynskiego-Czestochowianka-2-1-696x257.jpg 696w, https:\/\/gazetaregionalna.com\/wp-content\/uploads\/2022\/12\/3Memorial-Lecha-Kaczynskiego-Czestochowianka-2-1-1068x394.jpg 1068w, https:\/\/gazetaregionalna.com\/wp-content\/uploads\/2022\/12\/3Memorial-Lecha-Kaczynskiego-Czestochowianka-2-1-1920x708.jpg 1920w, https:\/\/gazetaregionalna.com\/wp-content\/uploads\/2022\/12\/3Memorial-Lecha-Kaczynskiego-Czestochowianka-2-1-1139x420.jpg 1139w, https:\/\/gazetaregionalna.com\/wp-content\/uploads\/2022\/12\/3Memorial-Lecha-Kaczynskiego-Czestochowianka-2-1-scaled.jpg 1600w\" data-sizes=\"(max-width: 1024px) 100vw, 1024px\" src=\"data:image\/svg+xml;base64,PHN2ZyB3aWR0aD0iMSIgaGVpZ2h0PSIxIiB4bWxucz0iaHR0cDovL3d3dy53My5vcmcvMjAwMC9zdmciPjwvc3ZnPg==\" style=\"--smush-placeholder-width: 1024px; --smush-placeholder-aspect-ratio: 1024\/378;\" \/><\/figure>\n\n\n\n<figure class=\"wp-block-image size-large\"><img decoding=\"async\" width=\"1024\" height=\"543\" data-src=\"https:\/\/gazetaregionalna.com\/wp-content\/uploads\/2022\/12\/3Memorial-Lecha-Kaczynskiego-Czestochowianka-3-1024x543.jpg\" alt=\"\" class=\"wp-image-98650 lazyload\" data-srcset=\"https:\/\/gazetaregionalna.com\/wp-content\/uploads\/2022\/12\/3Memorial-Lecha-Kaczynskiego-Czestochowianka-3-1024x543.jpg 1024w, https:\/\/gazetaregionalna.com\/wp-content\/uploads\/2022\/12\/3Memorial-Lecha-Kaczynskiego-Czestochowianka-3-300x159.jpg 300w, https:\/\/gazetaregionalna.com\/wp-content\/uploads\/2022\/12\/3Memorial-Lecha-Kaczynskiego-Czestochowianka-3-768x407.jpg 768w, https:\/\/gazetaregionalna.com\/wp-content\/uploads\/2022\/12\/3Memorial-Lecha-Kaczynskiego-Czestochowianka-3-1536x814.jpg 1536w, https:\/\/gazetaregionalna.com\/wp-content\/uploads\/2022\/12\/3Memorial-Lecha-Kaczynskiego-Czestochowianka-3-2048x1086.jpg 2048w, https:\/\/gazetaregionalna.com\/wp-content\/uploads\/2022\/12\/3Memorial-Lecha-Kaczynskiego-Czestochowianka-3-696x369.jpg 696w, https:\/\/gazetaregionalna.com\/wp-content\/uploads\/2022\/12\/3Memorial-Lecha-Kaczynskiego-Czestochowianka-3-1068x566.jpg 1068w, https:\/\/gazetaregionalna.com\/wp-content\/uploads\/2022\/12\/3Memorial-Lecha-Kaczynskiego-Czestochowianka-3-1920x1018.jpg 1920w, https:\/\/gazetaregionalna.com\/wp-content\/uploads\/2022\/12\/3Memorial-Lecha-Kaczynskiego-Czestochowianka-3-792x420.jpg 792w, https:\/\/gazetaregionalna.com\/wp-content\/uploads\/2022\/12\/3Memorial-Lecha-Kaczynskiego-Czestochowianka-3-scaled.jpg 1600w\" data-sizes=\"(max-width: 1024px) 100vw, 1024px\" src=\"data:image\/svg+xml;base64,PHN2ZyB3aWR0aD0iMSIgaGVpZ2h0PSIxIiB4bWxucz0iaHR0cDovL3d3dy53My5vcmcvMjAwMC9zdmciPjwvc3ZnPg==\" style=\"--smush-placeholder-width: 1024px; --smush-placeholder-aspect-ratio: 1024\/543;\" \/><\/figure>\n\n\n\n<figure class=\"wp-block-image size-large\"><img decoding=\"async\" width=\"1024\" height=\"683\" data-src=\"https:\/\/gazetaregionalna.com\/wp-content\/uploads\/2022\/12\/3Memorial-Lecha-Kaczynskiego-Czestochowianka-5-1-1024x683.jpg\" alt=\"\" class=\"wp-image-98651 lazyload\" data-srcset=\"https:\/\/gazetaregionalna.com\/wp-content\/uploads\/2022\/12\/3Memorial-Lecha-Kaczynskiego-Czestochowianka-5-1-1024x683.jpg 1024w, https:\/\/gazetaregionalna.com\/wp-content\/uploads\/2022\/12\/3Memorial-Lecha-Kaczynskiego-Czestochowianka-5-1-300x200.jpg 300w, https:\/\/gazetaregionalna.com\/wp-content\/uploads\/2022\/12\/3Memorial-Lecha-Kaczynskiego-Czestochowianka-5-1-768x512.jpg 768w, https:\/\/gazetaregionalna.com\/wp-content\/uploads\/2022\/12\/3Memorial-Lecha-Kaczynskiego-Czestochowianka-5-1-1536x1024.jpg 1536w, https:\/\/gazetaregionalna.com\/wp-content\/uploads\/2022\/12\/3Memorial-Lecha-Kaczynskiego-Czestochowianka-5-1-696x464.jpg 696w, https:\/\/gazetaregionalna.com\/wp-content\/uploads\/2022\/12\/3Memorial-Lecha-Kaczynskiego-Czestochowianka-5-1-1068x712.jpg 1068w, https:\/\/gazetaregionalna.com\/wp-content\/uploads\/2022\/12\/3Memorial-Lecha-Kaczynskiego-Czestochowianka-5-1-630x420.jpg 630w, https:\/\/gazetaregionalna.com\/wp-content\/uploads\/2022\/12\/3Memorial-Lecha-Kaczynskiego-Czestochowianka-5-1-scaled.jpg 1600w\" data-sizes=\"(max-width: 1024px) 100vw, 1024px\" src=\"data:image\/svg+xml;base64,PHN2ZyB3aWR0aD0iMSIgaGVpZ2h0PSIxIiB4bWxucz0iaHR0cDovL3d3dy53My5vcmcvMjAwMC9zdmciPjwvc3ZnPg==\" style=\"--smush-placeholder-width: 1024px; --smush-placeholder-aspect-ratio: 1024\/683;\" \/><\/figure>\n\n\n\n<figure class=\"wp-block-image size-large\"><img decoding=\"async\" width=\"300\" height=\"250\" data-src=\"https:\/\/gazetaregionalna.com\/wp-content\/uploads\/2022\/04\/DMK-2.jpg\" alt=\"\" class=\"wp-image-77210 lazyload\" src=\"data:image\/svg+xml;base64,PHN2ZyB3aWR0aD0iMSIgaGVpZ2h0PSIxIiB4bWxucz0iaHR0cDovL3d3dy53My5vcmcvMjAwMC9zdmciPjwvc3ZnPg==\" style=\"--smush-placeholder-width: 300px; --smush-placeholder-aspect-ratio: 300\/250;\"><\/figure>\n\n\n\n<figure class=\"wp-block-image size-large\"><img decoding=\"async\" width=\"1024\" height=\"683\" data-src=\"https:\/\/gazetaregionalna.com\/wp-content\/uploads\/2022\/12\/3Memorial-Lecha-Kaczynskiego-Czestochowianka-15-1024x683.jpg\" alt=\"\" class=\"wp-image-98662 lazyload\" data-srcset=\"https:\/\/gazetaregionalna.com\/wp-content\/uploads\/2022\/12\/3Memorial-Lecha-Kaczynskiego-Czestochowianka-15-1024x683.jpg 1024w, https:\/\/gazetaregionalna.com\/wp-content\/uploads\/2022\/12\/3Memorial-Lecha-Kaczynskiego-Czestochowianka-15-300x200.jpg 300w, https:\/\/gazetaregionalna.com\/wp-content\/uploads\/2022\/12\/3Memorial-Lecha-Kaczynskiego-Czestochowianka-15-768x512.jpg 768w, https:\/\/gazetaregionalna.com\/wp-content\/uploads\/2022\/12\/3Memorial-Lecha-Kaczynskiego-Czestochowianka-15-1536x1024.jpg 1536w, https:\/\/gazetaregionalna.com\/wp-content\/uploads\/2022\/12\/3Memorial-Lecha-Kaczynskiego-Czestochowianka-15-696x464.jpg 696w, https:\/\/gazetaregionalna.com\/wp-content\/uploads\/2022\/12\/3Memorial-Lecha-Kaczynskiego-Czestochowianka-15-1068x712.jpg 1068w, https:\/\/gazetaregionalna.com\/wp-content\/uploads\/2022\/12\/3Memorial-Lecha-Kaczynskiego-Czestochowianka-15-630x420.jpg 630w, https:\/\/gazetaregionalna.com\/wp-content\/uploads\/2022\/12\/3Memorial-Lecha-Kaczynskiego-Czestochowianka-15-scaled.jpg 1600w\" data-sizes=\"(max-width: 1024px) 100vw, 1024px\" src=\"data:image\/svg+xml;base64,PHN2ZyB3aWR0aD0iMSIgaGVpZ2h0PSIxIiB4bWxucz0iaHR0cDovL3d3dy53My5vcmcvMjAwMC9zdmciPjwvc3ZnPg==\" style=\"--smush-placeholder-width: 1024px; --smush-placeholder-aspect-ratio: 1024\/683;\" \/><\/figure>\n\n\n\n<figure class=\"wp-block-image size-large\"><img decoding=\"async\" width=\"1024\" height=\"683\" data-src=\"https:\/\/gazetaregionalna.com\/wp-content\/uploads\/2022\/12\/3Memorial-Lecha-Kaczynskiego-Czestochowianka-14-1024x683.jpg\" alt=\"\" class=\"wp-image-98661 lazyload\" data-srcset=\"https:\/\/gazetaregionalna.com\/wp-content\/uploads\/2022\/12\/3Memorial-Lecha-Kaczynskiego-Czestochowianka-14-1024x683.jpg 1024w, https:\/\/gazetaregionalna.com\/wp-content\/uploads\/2022\/12\/3Memorial-Lecha-Kaczynskiego-Czestochowianka-14-300x200.jpg 300w, https:\/\/gazetaregionalna.com\/wp-content\/uploads\/2022\/12\/3Memorial-Lecha-Kaczynskiego-Czestochowianka-14-768x512.jpg 768w, https:\/\/gazetaregionalna.com\/wp-content\/uploads\/2022\/12\/3Memorial-Lecha-Kaczynskiego-Czestochowianka-14-1536x1024.jpg 1536w, https:\/\/gazetaregionalna.com\/wp-content\/uploads\/2022\/12\/3Memorial-Lecha-Kaczynskiego-Czestochowianka-14-696x464.jpg 696w, https:\/\/gazetaregionalna.com\/wp-content\/uploads\/2022\/12\/3Memorial-Lecha-Kaczynskiego-Czestochowianka-14-1068x712.jpg 1068w, https:\/\/gazetaregionalna.com\/wp-content\/uploads\/2022\/12\/3Memorial-Lecha-Kaczynskiego-Czestochowianka-14-630x420.jpg 630w, https:\/\/gazetaregionalna.com\/wp-content\/uploads\/2022\/12\/3Memorial-Lecha-Kaczynskiego-Czestochowianka-14-scaled.jpg 1600w\" data-sizes=\"(max-width: 1024px) 100vw, 1024px\" src=\"data:image\/svg+xml;base64,PHN2ZyB3aWR0aD0iMSIgaGVpZ2h0PSIxIiB4bWxucz0iaHR0cDovL3d3dy53My5vcmcvMjAwMC9zdmciPjwvc3ZnPg==\" style=\"--smush-placeholder-width: 1024px; --smush-placeholder-aspect-ratio: 1024\/683;\" \/><\/figure>\n\n\n\n<figure class=\"wp-block-image size-large\"><img decoding=\"async\" width=\"1024\" height=\"683\" data-src=\"https:\/\/gazetaregionalna.com\/wp-content\/uploads\/2022\/12\/3Memorial-Lecha-Kaczynskiego-Czestochowianka-13-1024x683.jpg\" alt=\"\" class=\"wp-image-98660 lazyload\" data-srcset=\"https:\/\/gazetaregionalna.com\/wp-content\/uploads\/2022\/12\/3Memorial-Lecha-Kaczynskiego-Czestochowianka-13-1024x683.jpg 1024w, https:\/\/gazetaregionalna.com\/wp-content\/uploads\/2022\/12\/3Memorial-Lecha-Kaczynskiego-Czestochowianka-13-300x200.jpg 300w, https:\/\/gazetaregionalna.com\/wp-content\/uploads\/2022\/12\/3Memorial-Lecha-Kaczynskiego-Czestochowianka-13-768x512.jpg 768w, https:\/\/gazetaregionalna.com\/wp-content\/uploads\/2022\/12\/3Memorial-Lecha-Kaczynskiego-Czestochowianka-13-1536x1024.jpg 1536w, https:\/\/gazetaregionalna.com\/wp-content\/uploads\/2022\/12\/3Memorial-Lecha-Kaczynskiego-Czestochowianka-13-696x464.jpg 696w, https:\/\/gazetaregionalna.com\/wp-content\/uploads\/2022\/12\/3Memorial-Lecha-Kaczynskiego-Czestochowianka-13-1068x712.jpg 1068w, https:\/\/gazetaregionalna.com\/wp-content\/uploads\/2022\/12\/3Memorial-Lecha-Kaczynskiego-Czestochowianka-13-630x420.jpg 630w, https:\/\/gazetaregionalna.com\/wp-content\/uploads\/2022\/12\/3Memorial-Lecha-Kaczynskiego-Czestochowianka-13-scaled.jpg 1600w\" data-sizes=\"(max-width: 1024px) 100vw, 1024px\" src=\"data:image\/svg+xml;base64,PHN2ZyB3aWR0aD0iMSIgaGVpZ2h0PSIxIiB4bWxucz0iaHR0cDovL3d3dy53My5vcmcvMjAwMC9zdmciPjwvc3ZnPg==\" style=\"--smush-placeholder-width: 1024px; --smush-placeholder-aspect-ratio: 1024\/683;\" \/><\/figure>\n\n\n\n<figure class=\"wp-block-image size-large\"><img decoding=\"async\" width=\"1024\" height=\"683\" data-src=\"https:\/\/gazetaregionalna.com\/wp-content\/uploads\/2022\/12\/3Memorial-Lecha-Kaczynskiego-Czestochowianka-12-1024x683.jpg\" alt=\"\" class=\"wp-image-98659 lazyload\" data-srcset=\"https:\/\/gazetaregionalna.com\/wp-content\/uploads\/2022\/12\/3Memorial-Lecha-Kaczynskiego-Czestochowianka-12-1024x683.jpg 1024w, https:\/\/gazetaregionalna.com\/wp-content\/uploads\/2022\/12\/3Memorial-Lecha-Kaczynskiego-Czestochowianka-12-300x200.jpg 300w, https:\/\/gazetaregionalna.com\/wp-content\/uploads\/2022\/12\/3Memorial-Lecha-Kaczynskiego-Czestochowianka-12-768x512.jpg 768w, https:\/\/gazetaregionalna.com\/wp-content\/uploads\/2022\/12\/3Memorial-Lecha-Kaczynskiego-Czestochowianka-12-1536x1024.jpg 1536w, https:\/\/gazetaregionalna.com\/wp-content\/uploads\/2022\/12\/3Memorial-Lecha-Kaczynskiego-Czestochowianka-12-696x464.jpg 696w, https:\/\/gazetaregionalna.com\/wp-content\/uploads\/2022\/12\/3Memorial-Lecha-Kaczynskiego-Czestochowianka-12-1068x712.jpg 1068w, https:\/\/gazetaregionalna.com\/wp-content\/uploads\/2022\/12\/3Memorial-Lecha-Kaczynskiego-Czestochowianka-12-630x420.jpg 630w, https:\/\/gazetaregionalna.com\/wp-content\/uploads\/2022\/12\/3Memorial-Lecha-Kaczynskiego-Czestochowianka-12-scaled.jpg 1600w\" data-sizes=\"(max-width: 1024px) 100vw, 1024px\" src=\"data:image\/svg+xml;base64,PHN2ZyB3aWR0aD0iMSIgaGVpZ2h0PSIxIiB4bWxucz0iaHR0cDovL3d3dy53My5vcmcvMjAwMC9zdmciPjwvc3ZnPg==\" style=\"--smush-placeholder-width: 1024px; --smush-placeholder-aspect-ratio: 1024\/683;\" \/><\/figure>\n\n\n\n<figure class=\"wp-block-image size-large\"><img decoding=\"async\" width=\"1024\" height=\"683\" data-src=\"https:\/\/gazetaregionalna.com\/wp-content\/uploads\/2022\/12\/3Memorial-Lecha-Kaczynskiego-Czestochowianka-11-1024x683.jpg\" alt=\"\" class=\"wp-image-98658 lazyload\" data-srcset=\"https:\/\/gazetaregionalna.com\/wp-content\/uploads\/2022\/12\/3Memorial-Lecha-Kaczynskiego-Czestochowianka-11-1024x683.jpg 1024w, https:\/\/gazetaregionalna.com\/wp-content\/uploads\/2022\/12\/3Memorial-Lecha-Kaczynskiego-Czestochowianka-11-300x200.jpg 300w, https:\/\/gazetaregionalna.com\/wp-content\/uploads\/2022\/12\/3Memorial-Lecha-Kaczynskiego-Czestochowianka-11-768x512.jpg 768w, https:\/\/gazetaregionalna.com\/wp-content\/uploads\/2022\/12\/3Memorial-Lecha-Kaczynskiego-Czestochowianka-11-1536x1024.jpg 1536w, https:\/\/gazetaregionalna.com\/wp-content\/uploads\/2022\/12\/3Memorial-Lecha-Kaczynskiego-Czestochowianka-11-696x464.jpg 696w, https:\/\/gazetaregionalna.com\/wp-content\/uploads\/2022\/12\/3Memorial-Lecha-Kaczynskiego-Czestochowianka-11-1068x712.jpg 1068w, https:\/\/gazetaregionalna.com\/wp-content\/uploads\/2022\/12\/3Memorial-Lecha-Kaczynskiego-Czestochowianka-11-630x420.jpg 630w, https:\/\/gazetaregionalna.com\/wp-content\/uploads\/2022\/12\/3Memorial-Lecha-Kaczynskiego-Czestochowianka-11-scaled.jpg 1600w\" data-sizes=\"(max-width: 1024px) 100vw, 1024px\" src=\"data:image\/svg+xml;base64,PHN2ZyB3aWR0aD0iMSIgaGVpZ2h0PSIxIiB4bWxucz0iaHR0cDovL3d3dy53My5vcmcvMjAwMC9zdmciPjwvc3ZnPg==\" style=\"--smush-placeholder-width: 1024px; --smush-placeholder-aspect-ratio: 1024\/683;\" \/><\/figure>\n\n\n\n<figure class=\"wp-block-image size-large\"><img decoding=\"async\" width=\"1024\" height=\"683\" data-src=\"https:\/\/gazetaregionalna.com\/wp-content\/uploads\/2022\/12\/3Memorial-Lecha-Kaczynskiego-Czestochowianka-10-1024x683.jpg\" alt=\"\" class=\"wp-image-98657 lazyload\" data-srcset=\"https:\/\/gazetaregionalna.com\/wp-content\/uploads\/2022\/12\/3Memorial-Lecha-Kaczynskiego-Czestochowianka-10-1024x683.jpg 1024w, https:\/\/gazetaregionalna.com\/wp-content\/uploads\/2022\/12\/3Memorial-Lecha-Kaczynskiego-Czestochowianka-10-300x200.jpg 300w, https:\/\/gazetaregionalna.com\/wp-content\/uploads\/2022\/12\/3Memorial-Lecha-Kaczynskiego-Czestochowianka-10-768x512.jpg 768w, https:\/\/gazetaregionalna.com\/wp-content\/uploads\/2022\/12\/3Memorial-Lecha-Kaczynskiego-Czestochowianka-10-1536x1024.jpg 1536w, https:\/\/gazetaregionalna.com\/wp-content\/uploads\/2022\/12\/3Memorial-Lecha-Kaczynskiego-Czestochowianka-10-696x464.jpg 696w, https:\/\/gazetaregionalna.com\/wp-content\/uploads\/2022\/12\/3Memorial-Lecha-Kaczynskiego-Czestochowianka-10-1068x712.jpg 1068w, https:\/\/gazetaregionalna.com\/wp-content\/uploads\/2022\/12\/3Memorial-Lecha-Kaczynskiego-Czestochowianka-10-630x420.jpg 630w, https:\/\/gazetaregionalna.com\/wp-content\/uploads\/2022\/12\/3Memorial-Lecha-Kaczynskiego-Czestochowianka-10-scaled.jpg 1600w\" data-sizes=\"(max-width: 1024px) 100vw, 1024px\" src=\"data:image\/svg+xml;base64,PHN2ZyB3aWR0aD0iMSIgaGVpZ2h0PSIxIiB4bWxucz0iaHR0cDovL3d3dy53My5vcmcvMjAwMC9zdmciPjwvc3ZnPg==\" style=\"--smush-placeholder-width: 1024px; --smush-placeholder-aspect-ratio: 1024\/683;\" \/><\/figure>\n\n\n\n<figure class=\"wp-block-image size-large\"><img decoding=\"async\" width=\"1024\" height=\"683\" data-src=\"https:\/\/gazetaregionalna.com\/wp-content\/uploads\/2022\/12\/3Memorial-Lecha-Kaczynskiego-Czestochowianka-9-1024x683.jpg\" alt=\"\" class=\"wp-image-98655 lazyload\" data-srcset=\"https:\/\/gazetaregionalna.com\/wp-content\/uploads\/2022\/12\/3Memorial-Lecha-Kaczynskiego-Czestochowianka-9-1024x683.jpg 1024w, https:\/\/gazetaregionalna.com\/wp-content\/uploads\/2022\/12\/3Memorial-Lecha-Kaczynskiego-Czestochowianka-9-300x200.jpg 300w, https:\/\/gazetaregionalna.com\/wp-content\/uploads\/2022\/12\/3Memorial-Lecha-Kaczynskiego-Czestochowianka-9-768x512.jpg 768w, https:\/\/gazetaregionalna.com\/wp-content\/uploads\/2022\/12\/3Memorial-Lecha-Kaczynskiego-Czestochowianka-9-1536x1024.jpg 1536w, https:\/\/gazetaregionalna.com\/wp-content\/uploads\/2022\/12\/3Memorial-Lecha-Kaczynskiego-Czestochowianka-9-696x464.jpg 696w, https:\/\/gazetaregionalna.com\/wp-content\/uploads\/2022\/12\/3Memorial-Lecha-Kaczynskiego-Czestochowianka-9-1068x712.jpg 1068w, https:\/\/gazetaregionalna.com\/wp-content\/uploads\/2022\/12\/3Memorial-Lecha-Kaczynskiego-Czestochowianka-9-630x420.jpg 630w, https:\/\/gazetaregionalna.com\/wp-content\/uploads\/2022\/12\/3Memorial-Lecha-Kaczynskiego-Czestochowianka-9-scaled.jpg 1600w\" data-sizes=\"(max-width: 1024px) 100vw, 1024px\" src=\"data:image\/svg+xml;base64,PHN2ZyB3aWR0aD0iMSIgaGVpZ2h0PSIxIiB4bWxucz0iaHR0cDovL3d3dy53My5vcmcvMjAwMC9zdmciPjwvc3ZnPg==\" style=\"--smush-placeholder-width: 1024px; --smush-placeholder-aspect-ratio: 1024\/683;\" \/><\/figure>\n\n\n\n<figure class=\"wp-block-image size-large\"><img decoding=\"async\" width=\"1024\" height=\"453\" data-src=\"https:\/\/gazetaregionalna.com\/wp-content\/uploads\/2022\/12\/3Memorial-Lecha-Kaczynskiego-Czestochowianka-8-1024x453.jpg\" alt=\"\" class=\"wp-image-98654 lazyload\" data-srcset=\"https:\/\/gazetaregionalna.com\/wp-content\/uploads\/2022\/12\/3Memorial-Lecha-Kaczynskiego-Czestochowianka-8-1024x453.jpg 1024w, https:\/\/gazetaregionalna.com\/wp-content\/uploads\/2022\/12\/3Memorial-Lecha-Kaczynskiego-Czestochowianka-8-300x133.jpg 300w, https:\/\/gazetaregionalna.com\/wp-content\/uploads\/2022\/12\/3Memorial-Lecha-Kaczynskiego-Czestochowianka-8-768x340.jpg 768w, https:\/\/gazetaregionalna.com\/wp-content\/uploads\/2022\/12\/3Memorial-Lecha-Kaczynskiego-Czestochowianka-8-1536x680.jpg 1536w, https:\/\/gazetaregionalna.com\/wp-content\/uploads\/2022\/12\/3Memorial-Lecha-Kaczynskiego-Czestochowianka-8-2048x907.jpg 2048w, https:\/\/gazetaregionalna.com\/wp-content\/uploads\/2022\/12\/3Memorial-Lecha-Kaczynskiego-Czestochowianka-8-696x308.jpg 696w, https:\/\/gazetaregionalna.com\/wp-content\/uploads\/2022\/12\/3Memorial-Lecha-Kaczynskiego-Czestochowianka-8-1068x473.jpg 1068w, https:\/\/gazetaregionalna.com\/wp-content\/uploads\/2022\/12\/3Memorial-Lecha-Kaczynskiego-Czestochowianka-8-1920x850.jpg 1920w, https:\/\/gazetaregionalna.com\/wp-content\/uploads\/2022\/12\/3Memorial-Lecha-Kaczynskiego-Czestochowianka-8-949x420.jpg 949w, https:\/\/gazetaregionalna.com\/wp-content\/uploads\/2022\/12\/3Memorial-Lecha-Kaczynskiego-Czestochowianka-8-scaled.jpg 1600w\" data-sizes=\"(max-width: 1024px) 100vw, 1024px\" src=\"data:image\/svg+xml;base64,PHN2ZyB3aWR0aD0iMSIgaGVpZ2h0PSIxIiB4bWxucz0iaHR0cDovL3d3dy53My5vcmcvMjAwMC9zdmciPjwvc3ZnPg==\" style=\"--smush-placeholder-width: 1024px; --smush-placeholder-aspect-ratio: 1024\/453;\" \/><\/figure>\n\n\n\n<figure class=\"wp-block-image size-large\"><img decoding=\"async\" width=\"1024\" height=\"682\" data-src=\"https:\/\/gazetaregionalna.com\/wp-content\/uploads\/2022\/12\/3Memorial-Lecha-Kaczynskiego-Czestochowianka-7-1-1024x682.jpg\" alt=\"\" class=\"wp-image-98653 lazyload\" data-srcset=\"https:\/\/gazetaregionalna.com\/wp-content\/uploads\/2022\/12\/3Memorial-Lecha-Kaczynskiego-Czestochowianka-7-1-1024x682.jpg 1024w, https:\/\/gazetaregionalna.com\/wp-content\/uploads\/2022\/12\/3Memorial-Lecha-Kaczynskiego-Czestochowianka-7-1-300x200.jpg 300w, https:\/\/gazetaregionalna.com\/wp-content\/uploads\/2022\/12\/3Memorial-Lecha-Kaczynskiego-Czestochowianka-7-1-768x512.jpg 768w, https:\/\/gazetaregionalna.com\/wp-content\/uploads\/2022\/12\/3Memorial-Lecha-Kaczynskiego-Czestochowianka-7-1-1536x1024.jpg 1536w, https:\/\/gazetaregionalna.com\/wp-content\/uploads\/2022\/12\/3Memorial-Lecha-Kaczynskiego-Czestochowianka-7-1-2048x1365.jpg 2048w, https:\/\/gazetaregionalna.com\/wp-content\/uploads\/2022\/12\/3Memorial-Lecha-Kaczynskiego-Czestochowianka-7-1-696x464.jpg 696w, https:\/\/gazetaregionalna.com\/wp-content\/uploads\/2022\/12\/3Memorial-Lecha-Kaczynskiego-Czestochowianka-7-1-1068x712.jpg 1068w, https:\/\/gazetaregionalna.com\/wp-content\/uploads\/2022\/12\/3Memorial-Lecha-Kaczynskiego-Czestochowianka-7-1-1920x1280.jpg 1920w, https:\/\/gazetaregionalna.com\/wp-content\/uploads\/2022\/12\/3Memorial-Lecha-Kaczynskiego-Czestochowianka-7-1-630x420.jpg 630w, https:\/\/gazetaregionalna.com\/wp-content\/uploads\/2022\/12\/3Memorial-Lecha-Kaczynskiego-Czestochowianka-7-1-scaled.jpg 1600w\" data-sizes=\"(max-width: 1024px) 100vw, 1024px\" src=\"data:image\/svg+xml;base64,PHN2ZyB3aWR0aD0iMSIgaGVpZ2h0PSIxIiB4bWxucz0iaHR0cDovL3d3dy53My5vcmcvMjAwMC9zdmciPjwvc3ZnPg==\" style=\"--smush-placeholder-width: 1024px; --smush-placeholder-aspect-ratio: 1024\/682;\" \/><\/figure>\n\n\n\n<figure class=\"wp-block-image size-large\"><img decoding=\"async\" width=\"1024\" height=\"894\" data-src=\"https:\/\/gazetaregionalna.com\/wp-content\/uploads\/2022\/12\/3Memorial-Lecha-Kaczynskiego-Czestochowianka-6-1-1024x894.jpg\" alt=\"\" class=\"wp-image-98652 lazyload\" data-srcset=\"https:\/\/gazetaregionalna.com\/wp-content\/uploads\/2022\/12\/3Memorial-Lecha-Kaczynskiego-Czestochowianka-6-1-1024x894.jpg 1024w, https:\/\/gazetaregionalna.com\/wp-content\/uploads\/2022\/12\/3Memorial-Lecha-Kaczynskiego-Czestochowianka-6-1-300x262.jpg 300w, https:\/\/gazetaregionalna.com\/wp-content\/uploads\/2022\/12\/3Memorial-Lecha-Kaczynskiego-Czestochowianka-6-1-768x671.jpg 768w, https:\/\/gazetaregionalna.com\/wp-content\/uploads\/2022\/12\/3Memorial-Lecha-Kaczynskiego-Czestochowianka-6-1-1536x1342.jpg 1536w, https:\/\/gazetaregionalna.com\/wp-content\/uploads\/2022\/12\/3Memorial-Lecha-Kaczynskiego-Czestochowianka-6-1-696x608.jpg 696w, https:\/\/gazetaregionalna.com\/wp-content\/uploads\/2022\/12\/3Memorial-Lecha-Kaczynskiego-Czestochowianka-6-1-1068x933.jpg 1068w, https:\/\/gazetaregionalna.com\/wp-content\/uploads\/2022\/12\/3Memorial-Lecha-Kaczynskiego-Czestochowianka-6-1-481x420.jpg 481w, https:\/\/gazetaregionalna.com\/wp-content\/uploads\/2022\/12\/3Memorial-Lecha-Kaczynskiego-Czestochowianka-6-1.jpg 1549w\" data-sizes=\"(max-width: 1024px) 100vw, 1024px\" src=\"data:image\/svg+xml;base64,PHN2ZyB3aWR0aD0iMSIgaGVpZ2h0PSIxIiB4bWxucz0iaHR0cDovL3d3dy53My5vcmcvMjAwMC9zdmciPjwvc3ZnPg==\" style=\"--smush-placeholder-width: 1024px; --smush-placeholder-aspect-ratio: 1024\/894;\" \/><\/figure>\n\n\n\n<figure class=\"wp-block-image size-large\"><img decoding=\"async\" width=\"1024\" height=\"664\" data-src=\"https:\/\/gazetaregionalna.com\/wp-content\/uploads\/2022\/12\/3Memorial-Lecha-Kaczynskiego-Czestochowianka-4-1024x664.jpg\" alt=\"\" class=\"wp-image-98629 lazyload\" data-srcset=\"https:\/\/gazetaregionalna.com\/wp-content\/uploads\/2022\/12\/3Memorial-Lecha-Kaczynskiego-Czestochowianka-4-1024x664.jpg 1024w, https:\/\/gazetaregionalna.com\/wp-content\/uploads\/2022\/12\/3Memorial-Lecha-Kaczynskiego-Czestochowianka-4-300x194.jpg 300w, https:\/\/gazetaregionalna.com\/wp-content\/uploads\/2022\/12\/3Memorial-Lecha-Kaczynskiego-Czestochowianka-4-768x498.jpg 768w, https:\/\/gazetaregionalna.com\/wp-content\/uploads\/2022\/12\/3Memorial-Lecha-Kaczynskiego-Czestochowianka-4-1536x995.jpg 1536w, https:\/\/gazetaregionalna.com\/wp-content\/uploads\/2022\/12\/3Memorial-Lecha-Kaczynskiego-Czestochowianka-4-2048x1327.jpg 2048w, https:\/\/gazetaregionalna.com\/wp-content\/uploads\/2022\/12\/3Memorial-Lecha-Kaczynskiego-Czestochowianka-4-696x451.jpg 696w, https:\/\/gazetaregionalna.com\/wp-content\/uploads\/2022\/12\/3Memorial-Lecha-Kaczynskiego-Czestochowianka-4-1068x692.jpg 1068w, https:\/\/gazetaregionalna.com\/wp-content\/uploads\/2022\/12\/3Memorial-Lecha-Kaczynskiego-Czestochowianka-4-1920x1244.jpg 1920w, https:\/\/gazetaregionalna.com\/wp-content\/uploads\/2022\/12\/3Memorial-Lecha-Kaczynskiego-Czestochowianka-4-648x420.jpg 648w, https:\/\/gazetaregionalna.com\/wp-content\/uploads\/2022\/12\/3Memorial-Lecha-Kaczynskiego-Czestochowianka-4-scaled.jpg 1600w\" data-sizes=\"(max-width: 1024px) 100vw, 1024px\" src=\"data:image\/svg+xml;base64,PHN2ZyB3aWR0aD0iMSIgaGVpZ2h0PSIxIiB4bWxucz0iaHR0cDovL3d3dy53My5vcmcvMjAwMC9zdmciPjwvc3ZnPg==\" style=\"--smush-placeholder-width: 1024px; --smush-placeholder-aspect-ratio: 1024\/664;\" \/><\/figure>\n","protected":false},"excerpt":{"rendered":"<p>W czwartek w Cz\u0119stochowie rozpocz\u0105\u0142 si\u0119 siatkarski 3. Memoria\u0142 im. Lecha Kaczy\u0144skiego organizowany przez KS Cz\u0119stochowiank\u0119 Cz\u0119stochowa. W pi\u0105tkowym finale zagraj\u0105 siatkarki KS Silesia<\/p>\n","protected":false},"author":15,"featured_media":98648,"comment_status":"closed","ping_status":"open","sticky":false,"template":"","format":"standard","meta":{"_monsterinsights_skip_tracking":false,"_monsterinsights_sitenote_active":false,"_monsterinsights_sitenote_note":"","_monsterinsights_sitenote_category":0,"_uf_show_specific_survey":0,"_uf_disable_surveys":false,"footnotes":""},"categories":[5,8],"tags":[],"class_list":["post-98663","post","type-post","status-publish","format-standard","has-post-thumbnail","hentry","category-sport","category-siatkowka"],"_links":{"self":[{"href":"https:\/\/gazetaregionalna.com\/index.php?rest_route=\/wp\/v2\/posts\/98663","targetHints":{"allow":["GET"]}}],"collection":[{"href":"https:\/\/gazetaregionalna.com\/index.php?rest_route=\/wp\/v2\/posts"}],"about":[{"href":"https:\/\/gazetaregionalna.com\/index.php?rest_route=\/wp\/v2\/types\/post"}],"author":[{"embeddable":true,"href":"https:\/\/gazetaregionalna.com\/index.php?rest_route=\/wp\/v2\/users\/15"}],"replies":[{"embeddable":true,"href":"https:\/\/gazetaregionalna.com\/index.php?rest_route=%2Fwp%2Fv2%2Fcomments&post=98663"}],"version-history":[{"count":1,"href":"https:\/\/gazetaregionalna.com\/index.php?rest_route=\/wp\/v2\/posts\/98663\/revisions"}],"predecessor-version":[{"id":98664,"href":"https:\/\/gazetaregionalna.com\/index.php?rest_route=\/wp\/v2\/posts\/98663\/revisions\/98664"}],"wp:featuredmedia":[{"embeddable":true,"href":"https:\/\/gazetaregionalna.com\/index.php?rest_route=\/wp\/v2\/media\/98648"}],"wp:attachment":[{"href":"https:\/\/gazetaregionalna.com\/index.php?rest_route=%2Fwp%2Fv2%2Fmedia&parent=98663"}],"wp:term":[{"taxonomy":"category","embeddable":true,"href":"https:\/\/gazetaregionalna.com\/index.php?rest_route=%2Fwp%2Fv2%2Fcategories&post=98663"},{"taxonomy":"post_tag","embeddable":true,"href":"https:\/\/gazetaregionalna.com\/index.php?rest_route=%2Fwp%2Fv2%2Ftags&post=98663"}],"curies":[{"name":"wp","href":"https:\/\/api.w.org\/{rel}","templated":true}]}}