{"id":984,"date":"2018-11-08T12:15:24","date_gmt":"2018-11-08T12:15:24","guid":{"rendered":"http:\/\/gazetaregionalna.com\/?p=984"},"modified":"2018-11-09T10:01:52","modified_gmt":"2018-11-09T10:01:52","slug":"984","status":"publish","type":"post","link":"https:\/\/gazetaregionalna.com\/?p=984","title":{"rendered":"Jesienna runda rozgrywek Fortuna I Ligi w liczbach"},"content":{"rendered":"<p>&nbsp;<\/p>\n<p>&nbsp;<\/p>\n<p><strong><span style=\"font-family: Times New Roman, serif;\">Na p\u00f3\u0142metku rozgrywek Rak\u00f3w Cz\u0119stochowa przewodzi stawce dru\u017cyn z Fortuna 1 Ligi. Przedstawiamy wam podsumowanie dotychczasowych wyst\u0119p\u00f3w czerwono-niebieskich w rundzie jesiennej w liczbach.<\/span><\/strong><\/p>\n<p><strong><span style=\"font-family: Times New Roman, serif;\">0 <\/span><\/strong><span style=\"font-family: Times New Roman, serif;\">&#8211; w rundzie jesiennej twierdza na Limanowskiego nie zosta\u0142a jeszcze zdobyta. Podobnym osi\u0105gni\u0119ciem mo\u017ce pochwali\u0107 si\u0119 jedynie Sandecja Nowy S\u0105cz. Na naszym stadionie wygrali\u015bmy sze\u015b\u0107 razy, a trzykrotnie dzielili\u015bmy si\u0119 punktami z rywalami. <\/span><\/p>\n<p><strong><span style=\"font-family: Times New Roman, serif;\">1 <\/span><\/strong><span style=\"font-family: Times New Roman, serif;\">&#8211; tylko jedn\u0105 pora\u017ck\u0119 zanotowa\u0142 nasz zesp\u00f3\u0142. Mia\u0142o to miejsce 3 sierpnia w Chojnicach. Chojniczanka wygra\u0142a 2:1. Od tej pory cz\u0119stochowianie s\u0105 niepokonani.<\/span><\/p>\n<p><strong><span style=\"font-family: Times New Roman, serif;\">2 <\/span><\/strong><span style=\"font-family: Times New Roman, serif;\">&#8211; dw\u00f3ch zawodnik\u00f3w z naszego obecnego sk\u0142adu wyst\u0105pi\u0142o we wszystkich meczach rundy jesiennej. Micha\u0142 Gliwa sta\u0142 mi\u0119dzy s\u0142upkami od pierwszej do ostatniej minuty w ka\u017cdym z siedemnastu spotka\u0144. Daje to \u0142\u0105cznie 1530 minut. Z kolei Petr Schwarz w szesnastu pojedynkach gra\u0142 w pe\u0142nym wymiarze czasowym. Jedynie w konfrontacji z \u0141KS-em opu\u015bci\u0142 plac gry po pierwszej po\u0142owie. \u0141\u0105cznie czeski pomocnik rozegra\u0142 1485 minut.<\/span><\/p>\n<p><strong><span style=\"font-family: Times New Roman, serif;\">4 <\/span><\/strong><span style=\"font-family: Times New Roman, serif;\">&#8211; gole zanotowa\u0142 najlepszy strzelec naszej dru\u017cyny Szymon Lewicki. Po trzy trafienia maj\u0105 Mi\u0142osz Szczepa\u0144ski i Sebastian Musiolik.<\/span><\/p>\n<p><strong><span style=\"font-family: Times New Roman, serif;\">8 <\/span><\/strong><span style=\"font-family: Times New Roman, serif;\">&#8211; bramek straci\u0142a ekipa Marka Papszuna w siedemnastu spotkaniach, co daje \u015bredni\u0105 0.47 gola na mecz. Jest to oczywi\u015bcie najlepszy wynik na zapleczu Ekstraklasy. Warto podkre\u015bli<\/span><span style=\"font-family: Times New Roman, serif;\">\u0107<\/span><span style=\"font-family: Times New Roman, serif;\">, \u017ce tylko dwa razy przeciwnicy pokonali naszego golkipera po akcji z gry. Sze\u015bciokrotnie bramki pada\u0142y po sta\u0142ych fragmentach.<\/span><\/p>\n<p><strong><span style=\"font-family: Times New Roman, serif;\">10 <\/span><\/strong><span style=\"font-family: Times New Roman, serif;\">&#8211; spotka\u0144 zako\u0144czy\u0142o si\u0119 triumfem Rakowa. Jak na lidera przysta\u0142o jest to najlepszy wynik w Fortuna 1 Lidze.<\/span><\/p>\n<p><strong><span style=\"font-family: Times New Roman, serif;\">14 <\/span><\/strong><span style=\"font-family: Times New Roman, serif;\">&#8211; to seria mecz\u00f3w z rz\u0119du bez pora\u017cki. Cz\u0119stochowianie w tym czasie zanotowali 9 zwyci\u0119stw i 5 remis\u00f3w.<\/span><\/p>\n<p><strong><span style=\"font-family: Times New Roman, serif;\">25 <\/span><\/strong><span style=\"font-family: Times New Roman, serif;\">&#8211; goli zdoby\u0142 aktualny lider rozgrywek. W barwach Rakowa na list\u0119 strzelc\u00f3w wpisa\u0142o si\u0119 a\u017c czternastu zawodnik\u00f3w.<\/span><\/p>\n<p>(\u017ar\u00f3d\u0142o: <a href=\"http:\/\/rksrakow.pl\/\" target=\"_blank\" rel=\"noopener\">rak\u00f3wcz\u0119stochowa)<\/a><\/p>\n","protected":false},"excerpt":{"rendered":"<p>&nbsp; &nbsp; Na p\u00f3\u0142metku rozgrywek Rak\u00f3w Cz\u0119stochowa przewodzi stawce dru\u017cyn z Fortuna 1 Ligi. Przedstawiamy wam podsumowanie dotychczasowych wyst\u0119p\u00f3w czerwono-niebieskich w rundzie jesiennej w<\/p>\n","protected":false},"author":3,"featured_media":0,"comment_status":"open","ping_status":"closed","sticky":false,"template":"","format":"standard","meta":{"_monsterinsights_skip_tracking":false,"_monsterinsights_sitenote_active":false,"_monsterinsights_sitenote_note":"","_monsterinsights_sitenote_category":0,"_uf_show_specific_survey":0,"_uf_disable_surveys":false,"footnotes":""},"categories":[5],"tags":[],"class_list":["post-984","post","type-post","status-publish","format-standard","hentry","category-sport"],"_links":{"self":[{"href":"https:\/\/gazetaregionalna.com\/index.php?rest_route=\/wp\/v2\/posts\/984","targetHints":{"allow":["GET"]}}],"collection":[{"href":"https:\/\/gazetaregionalna.com\/index.php?rest_route=\/wp\/v2\/posts"}],"about":[{"href":"https:\/\/gazetaregionalna.com\/index.php?rest_route=\/wp\/v2\/types\/post"}],"author":[{"embeddable":true,"href":"https:\/\/gazetaregionalna.com\/index.php?rest_route=\/wp\/v2\/users\/3"}],"replies":[{"embeddable":true,"href":"https:\/\/gazetaregionalna.com\/index.php?rest_route=%2Fwp%2Fv2%2Fcomments&post=984"}],"version-history":[{"count":3,"href":"https:\/\/gazetaregionalna.com\/index.php?rest_route=\/wp\/v2\/posts\/984\/revisions"}],"predecessor-version":[{"id":1030,"href":"https:\/\/gazetaregionalna.com\/index.php?rest_route=\/wp\/v2\/posts\/984\/revisions\/1030"}],"wp:attachment":[{"href":"https:\/\/gazetaregionalna.com\/index.php?rest_route=%2Fwp%2Fv2%2Fmedia&parent=984"}],"wp:term":[{"taxonomy":"category","embeddable":true,"href":"https:\/\/gazetaregionalna.com\/index.php?rest_route=%2Fwp%2Fv2%2Fcategories&post=984"},{"taxonomy":"post_tag","embeddable":true,"href":"https:\/\/gazetaregionalna.com\/index.php?rest_route=%2Fwp%2Fv2%2Ftags&post=984"}],"curies":[{"name":"wp","href":"https:\/\/api.w.org\/{rel}","templated":true}]}}