{"id":98234,"date":"2022-12-19T09:02:24","date_gmt":"2022-12-19T09:02:24","guid":{"rendered":"https:\/\/gazetaregionalna.com\/?p=98234"},"modified":"2022-12-19T09:02:26","modified_gmt":"2022-12-19T09:02:26","slug":"pogorzelcy-otrzymaja-mieszkanie","status":"publish","type":"post","link":"https:\/\/gazetaregionalna.com\/?p=98234","title":{"rendered":"Pogorzelcy otrzymaj\u0105 mieszkanie zast\u0119pcze od gminy \u017barki"},"content":{"rendered":"\n<h4 class=\"wp-block-heading\">Gmina \u017barki zaproponowa\u0142a mieszkanie zast\u0119pcze dla os\u00f3b, kt\u00f3re w wyniku po\u017caru z dnia 14 grudnia straci\u0142y dach nad g\u0142ow\u0105. <\/h4>\n\n\n\n<p>Spaleniu uleg\u0142a znaczna cz\u0119\u015b\u0107 domu przy ul. Le\u015bniowskiej w \u017barkach oraz samoch\u00f3d osobowy. Nikt nie zgin\u0105\u0142 ani nie odni\u00f3s\u0142 obra\u017ce\u0144. W tej sytuacji, jak stwierdzaj\u0105 sami stra\u017cacy, mo\u017cna m\u00f3wi\u0107 o wielkim szcz\u0119\u015bciu. Skala strat jest jednak olbrzymia. Budynek nie nadaje si\u0119 do zamieszkania. Liczy si\u0119 wsparcie ka\u017cdej osoby i instytucji. Na remont wed\u0142ug wst\u0119pnych szacunk\u00f3w potrzeba 100 tys. z\u0142.<\/p>\n\n\n\n<p>&#8211; Pogorzelcy znale\u017ali bezpieczne schronienie u rodziny. Przyj\u0119li jednak propozycj\u0119 mieszkania zast\u0119pczego od gminy \u2013 informuje Jakub Grabowski, zast\u0119pca burmistrza Miasta i Gminy w \u017barkach.\u00a0\u2013 Otrzymali r\u00f3wnie\u017c wsparcie finansowe. Poprosili o kontener na odpady po po\u017carze i ta pro\u015bba te\u017c jest realizowana. Jeste\u015bmy w sta\u0142ym kontakcie z rodzin\u0105. Reagujemy na bie\u017c\u0105co.<\/p>\n\n\n\n<p>Poszkodowana rodzina zdecydowana jest na remont domu. Potrzebne s\u0105 \u015brodki na nowe okna, drzwi, bram\u0119 do gara\u017cu. Trzeba zamontowa\u0107 nowy piec centralnego ogrzewania, ale wcze\u015bniej wykona\u0107 wszystkie instalacje oraz wyremontowa\u0107 wszystkie pomieszczenia, gdy\u017c zosta\u0142y bardzo uszkodzone.&nbsp;&nbsp;<\/p>\n\n\n\n<figure class=\"wp-block-gallery columns-2 is-cropped wp-block-gallery-1 is-layout-flex wp-block-gallery-is-layout-flex\"><ul class=\"blocks-gallery-grid\"><li class=\"blocks-gallery-item\"><figure><img decoding=\"async\" width=\"720\" height=\"960\" data-src=\"https:\/\/gazetaregionalna.com\/wp-content\/uploads\/2022\/12\/320163802_1254613941754468_6171330519687052392_n.jpg\" alt=\"\" data-id=\"98235\" data-full-url=\"https:\/\/gazetaregionalna.com\/wp-content\/uploads\/2022\/12\/320163802_1254613941754468_6171330519687052392_n.jpg\" data-link=\"https:\/\/gazetaregionalna.com\/?attachment_id=98235\" class=\"wp-image-98235 lazyload\" data-srcset=\"https:\/\/gazetaregionalna.com\/wp-content\/uploads\/2022\/12\/320163802_1254613941754468_6171330519687052392_n.jpg 720w, https:\/\/gazetaregionalna.com\/wp-content\/uploads\/2022\/12\/320163802_1254613941754468_6171330519687052392_n-225x300.jpg 225w, https:\/\/gazetaregionalna.com\/wp-content\/uploads\/2022\/12\/320163802_1254613941754468_6171330519687052392_n-696x928.jpg 696w, https:\/\/gazetaregionalna.com\/wp-content\/uploads\/2022\/12\/320163802_1254613941754468_6171330519687052392_n-315x420.jpg 315w\" data-sizes=\"(max-width: 720px) 100vw, 720px\" src=\"data:image\/svg+xml;base64,PHN2ZyB3aWR0aD0iMSIgaGVpZ2h0PSIxIiB4bWxucz0iaHR0cDovL3d3dy53My5vcmcvMjAwMC9zdmciPjwvc3ZnPg==\" style=\"--smush-placeholder-width: 720px; --smush-placeholder-aspect-ratio: 720\/960;\" \/><\/figure><\/li><li class=\"blocks-gallery-item\"><figure><img decoding=\"async\" width=\"768\" height=\"1024\" data-src=\"https:\/\/gazetaregionalna.com\/wp-content\/uploads\/2022\/12\/320291639_3440127929576178_3913424762772771948_n-768x1024.jpg\" alt=\"\" data-id=\"98236\" data-full-url=\"https:\/\/gazetaregionalna.com\/wp-content\/uploads\/2022\/12\/320291639_3440127929576178_3913424762772771948_n.jpg\" data-link=\"https:\/\/gazetaregionalna.com\/?attachment_id=98236\" class=\"wp-image-98236 lazyload\" data-srcset=\"https:\/\/gazetaregionalna.com\/wp-content\/uploads\/2022\/12\/320291639_3440127929576178_3913424762772771948_n-768x1024.jpg 768w, https:\/\/gazetaregionalna.com\/wp-content\/uploads\/2022\/12\/320291639_3440127929576178_3913424762772771948_n-225x300.jpg 225w, https:\/\/gazetaregionalna.com\/wp-content\/uploads\/2022\/12\/320291639_3440127929576178_3913424762772771948_n-1152x1536.jpg 1152w, https:\/\/gazetaregionalna.com\/wp-content\/uploads\/2022\/12\/320291639_3440127929576178_3913424762772771948_n-696x928.jpg 696w, https:\/\/gazetaregionalna.com\/wp-content\/uploads\/2022\/12\/320291639_3440127929576178_3913424762772771948_n-1068x1424.jpg 1068w, https:\/\/gazetaregionalna.com\/wp-content\/uploads\/2022\/12\/320291639_3440127929576178_3913424762772771948_n-315x420.jpg 315w, https:\/\/gazetaregionalna.com\/wp-content\/uploads\/2022\/12\/320291639_3440127929576178_3913424762772771948_n.jpg 1200w\" data-sizes=\"(max-width: 768px) 100vw, 768px\" src=\"data:image\/svg+xml;base64,PHN2ZyB3aWR0aD0iMSIgaGVpZ2h0PSIxIiB4bWxucz0iaHR0cDovL3d3dy53My5vcmcvMjAwMC9zdmciPjwvc3ZnPg==\" style=\"--smush-placeholder-width: 768px; --smush-placeholder-aspect-ratio: 768\/1024;\" \/><\/figure><\/li><\/ul><\/figure>\n\n\n\n<p>Prosimy o wp\u0142aty i udost\u0119pnianie <a href=\"https:\/\/zrzutka.pl\/r26buc?fbclid=IwAR2BpjokZIhvxoSsY9fN9OXgv9cmEqBWhr-9AIURvsJbMRicMeFywg1BaC4\" target=\"_blank\" rel=\"noopener\">zrzutki<\/a>.<\/p>\n","protected":false},"excerpt":{"rendered":"<p>Gmina \u017barki zaproponowa\u0142a mieszkanie zast\u0119pcze dla os\u00f3b, kt\u00f3re w wyniku po\u017caru z dnia 14 grudnia straci\u0142y dach nad g\u0142ow\u0105. Spaleniu uleg\u0142a znaczna cz\u0119\u015b\u0107 domu<\/p>\n","protected":false},"author":26,"featured_media":98237,"comment_status":"closed","ping_status":"open","sticky":false,"template":"","format":"standard","meta":{"_monsterinsights_skip_tracking":false,"_monsterinsights_sitenote_active":false,"_monsterinsights_sitenote_note":"","_monsterinsights_sitenote_category":0,"_uf_show_specific_survey":0,"_uf_disable_surveys":false,"footnotes":""},"categories":[44,4,2],"tags":[2590,7167,7166,467,3540,1135],"class_list":["post-98234","post","type-post","status-publish","format-standard","has-post-thumbnail","hentry","category-bezpieczenstwo","category-region","category-wiadomosci","tag-miasto-i-gmina-zarki","tag-mieszkanie-zastepcze","tag-pogorzelcy","tag-pomoc","tag-pozar","tag-zbiorka"],"_links":{"self":[{"href":"https:\/\/gazetaregionalna.com\/index.php?rest_route=\/wp\/v2\/posts\/98234","targetHints":{"allow":["GET"]}}],"collection":[{"href":"https:\/\/gazetaregionalna.com\/index.php?rest_route=\/wp\/v2\/posts"}],"about":[{"href":"https:\/\/gazetaregionalna.com\/index.php?rest_route=\/wp\/v2\/types\/post"}],"author":[{"embeddable":true,"href":"https:\/\/gazetaregionalna.com\/index.php?rest_route=\/wp\/v2\/users\/26"}],"replies":[{"embeddable":true,"href":"https:\/\/gazetaregionalna.com\/index.php?rest_route=%2Fwp%2Fv2%2Fcomments&post=98234"}],"version-history":[{"count":1,"href":"https:\/\/gazetaregionalna.com\/index.php?rest_route=\/wp\/v2\/posts\/98234\/revisions"}],"predecessor-version":[{"id":98238,"href":"https:\/\/gazetaregionalna.com\/index.php?rest_route=\/wp\/v2\/posts\/98234\/revisions\/98238"}],"wp:featuredmedia":[{"embeddable":true,"href":"https:\/\/gazetaregionalna.com\/index.php?rest_route=\/wp\/v2\/media\/98237"}],"wp:attachment":[{"href":"https:\/\/gazetaregionalna.com\/index.php?rest_route=%2Fwp%2Fv2%2Fmedia&parent=98234"}],"wp:term":[{"taxonomy":"category","embeddable":true,"href":"https:\/\/gazetaregionalna.com\/index.php?rest_route=%2Fwp%2Fv2%2Fcategories&post=98234"},{"taxonomy":"post_tag","embeddable":true,"href":"https:\/\/gazetaregionalna.com\/index.php?rest_route=%2Fwp%2Fv2%2Ftags&post=98234"}],"curies":[{"name":"wp","href":"https:\/\/api.w.org\/{rel}","templated":true}]}}