{"id":9807,"date":"2020-02-05T08:28:37","date_gmt":"2020-02-05T08:28:37","guid":{"rendered":"https:\/\/gazetaregionalna.com\/?p=9807"},"modified":"2020-02-05T08:28:41","modified_gmt":"2020-02-05T08:28:41","slug":"dwiescie-lat-dla-pani-marianny","status":"publish","type":"post","link":"https:\/\/gazetaregionalna.com\/?p=9807","title":{"rendered":"Dwie\u015bcie lat dla Pani Marianny"},"content":{"rendered":"\n<p>Sto lat sko\u0144czy\u0142a mieszkanka gminy Kozieg\u0142owy \u2014 pani Marianna Szkop. Z tej okazji dostojn\u0105 jubilatk\u0119 odwiedzi\u0142a delegacja z Gminy i Miasta Kozieg\u0142owy: burmistrz Jacek \u015al\u0119czka, wiceprzewodnicz\u0105cy Rady Gminy i Miasta Kozieg\u0142owy Dariusz Stu\u0142a, dyrektor Miejsko \u2013 Gminnego O\u015brodka Pomocy Spo\u0142ecznej w Kozieg\u0142owach Agnieszka K\u0142ys oraz so\u0142tys Glinianej G\u00f3ry Ma\u0142gorzata Fr\u0105czek. By\u0142y \u017cyczenia, kwiaty, urodzinowy tort, a zamiast tradycyjnego &#8222;Sto lat&#8221; go\u015bcie od\u015bpiewali jubilatce &#8222;Dwie\u015bcie lat&#8221;.<\/p>\n\n\n\n<figure class=\"wp-block-image\"><img decoding=\"async\" width=\"960\" height=\"641\" data-src=\"https:\/\/gazetaregionalna.com\/wp-content\/uploads\/2020\/02\/sto1.jpg\" alt=\"\" class=\"wp-image-9808 lazyload\" data-srcset=\"https:\/\/gazetaregionalna.com\/wp-content\/uploads\/2020\/02\/sto1.jpg 960w, https:\/\/gazetaregionalna.com\/wp-content\/uploads\/2020\/02\/sto1-300x200.jpg 300w, https:\/\/gazetaregionalna.com\/wp-content\/uploads\/2020\/02\/sto1-768x513.jpg 768w, https:\/\/gazetaregionalna.com\/wp-content\/uploads\/2020\/02\/sto1-696x465.jpg 696w, https:\/\/gazetaregionalna.com\/wp-content\/uploads\/2020\/02\/sto1-629x420.jpg 629w\" data-sizes=\"(max-width: 960px) 100vw, 960px\" src=\"data:image\/svg+xml;base64,PHN2ZyB3aWR0aD0iMSIgaGVpZ2h0PSIxIiB4bWxucz0iaHR0cDovL3d3dy53My5vcmcvMjAwMC9zdmciPjwvc3ZnPg==\" style=\"--smush-placeholder-width: 960px; --smush-placeholder-aspect-ratio: 960\/641;\" \/><\/figure>\n\n\n\n<p><br> Pani Marianna urodzi\u0142a si\u0119 24 stycznia 1920 r. w rodzinie rolniczej. Jej ojciec walczy\u0142 podczas I wojny \u015bwiatowej. Wojenna zawierucha sprawi\u0142a, \u017ce po powrocie z wojny zasta\u0142 spustoszony dom i pola uprawne. Stopniowo dzi\u0119ki znajomo\u015bci stolarki i ciesielstwa stara\u0142 si\u0119 poprawi\u0107 warunki \u017cyciowe swoje i sze\u015bciorga dzieci.<br> W 1941 r. Pani Marianna wysz\u0142a za m\u0105\u017c. Prze\u017cy\u0142a z nim 70 lat. Ma 2 c\u00f3rki, 3 wnuk\u00f3w, 1 wnuczk\u0119, 6 prawnuk\u00f3w i czeka na prawnuczk\u0119.<\/p>\n\n\n\n<p>(\u0179r\u00f3d\u0142o: UG Kozieg\u0142owy)<\/p>\n\n\n\n<figure class=\"wp-block-image\"><img decoding=\"async\" width=\"646\" height=\"960\" data-src=\"https:\/\/gazetaregionalna.com\/wp-content\/uploads\/2020\/02\/sto3.jpg\" alt=\"\" class=\"wp-image-9809 lazyload\" data-srcset=\"https:\/\/gazetaregionalna.com\/wp-content\/uploads\/2020\/02\/sto3.jpg 646w, https:\/\/gazetaregionalna.com\/wp-content\/uploads\/2020\/02\/sto3-202x300.jpg 202w, https:\/\/gazetaregionalna.com\/wp-content\/uploads\/2020\/02\/sto3-283x420.jpg 283w\" data-sizes=\"(max-width: 646px) 100vw, 646px\" src=\"data:image\/svg+xml;base64,PHN2ZyB3aWR0aD0iMSIgaGVpZ2h0PSIxIiB4bWxucz0iaHR0cDovL3d3dy53My5vcmcvMjAwMC9zdmciPjwvc3ZnPg==\" style=\"--smush-placeholder-width: 646px; --smush-placeholder-aspect-ratio: 646\/960;\" \/><\/figure>\n","protected":false},"excerpt":{"rendered":"<p>Sto lat sko\u0144czy\u0142a mieszkanka gminy Kozieg\u0142owy \u2014 pani Marianna Szkop. Z tej okazji dostojn\u0105 jubilatk\u0119 odwiedzi\u0142a delegacja z Gminy i Miasta Kozieg\u0142owy: burmistrz Jacek<\/p>\n","protected":false},"author":7,"featured_media":9810,"comment_status":"open","ping_status":"open","sticky":false,"template":"","format":"standard","meta":{"_monsterinsights_skip_tracking":false,"_monsterinsights_sitenote_active":false,"_monsterinsights_sitenote_note":"","_monsterinsights_sitenote_category":0,"_uf_show_specific_survey":0,"_uf_disable_surveys":false,"footnotes":""},"categories":[26,94,2],"tags":[],"class_list":["post-9807","post","type-post","status-publish","format-standard","has-post-thumbnail","hentry","category-myszkow","category-polecane","category-wiadomosci"],"_links":{"self":[{"href":"https:\/\/gazetaregionalna.com\/index.php?rest_route=\/wp\/v2\/posts\/9807","targetHints":{"allow":["GET"]}}],"collection":[{"href":"https:\/\/gazetaregionalna.com\/index.php?rest_route=\/wp\/v2\/posts"}],"about":[{"href":"https:\/\/gazetaregionalna.com\/index.php?rest_route=\/wp\/v2\/types\/post"}],"author":[{"embeddable":true,"href":"https:\/\/gazetaregionalna.com\/index.php?rest_route=\/wp\/v2\/users\/7"}],"replies":[{"embeddable":true,"href":"https:\/\/gazetaregionalna.com\/index.php?rest_route=%2Fwp%2Fv2%2Fcomments&post=9807"}],"version-history":[{"count":1,"href":"https:\/\/gazetaregionalna.com\/index.php?rest_route=\/wp\/v2\/posts\/9807\/revisions"}],"predecessor-version":[{"id":9811,"href":"https:\/\/gazetaregionalna.com\/index.php?rest_route=\/wp\/v2\/posts\/9807\/revisions\/9811"}],"wp:featuredmedia":[{"embeddable":true,"href":"https:\/\/gazetaregionalna.com\/index.php?rest_route=\/wp\/v2\/media\/9810"}],"wp:attachment":[{"href":"https:\/\/gazetaregionalna.com\/index.php?rest_route=%2Fwp%2Fv2%2Fmedia&parent=9807"}],"wp:term":[{"taxonomy":"category","embeddable":true,"href":"https:\/\/gazetaregionalna.com\/index.php?rest_route=%2Fwp%2Fv2%2Fcategories&post=9807"},{"taxonomy":"post_tag","embeddable":true,"href":"https:\/\/gazetaregionalna.com\/index.php?rest_route=%2Fwp%2Fv2%2Ftags&post=9807"}],"curies":[{"name":"wp","href":"https:\/\/api.w.org\/{rel}","templated":true}]}}