{"id":9793,"date":"2020-02-04T12:56:12","date_gmt":"2020-02-04T12:56:12","guid":{"rendered":"https:\/\/gazetaregionalna.com\/?p=9793"},"modified":"2020-02-04T12:56:14","modified_gmt":"2020-02-04T12:56:14","slug":"zaczarowany-swiat-operetki-i-muzyki-pop","status":"publish","type":"post","link":"https:\/\/gazetaregionalna.com\/?p=9793","title":{"rendered":"Zaczarowany \u015bwiat operetki i muzyki pop"},"content":{"rendered":"\n<p>W najbli\u017cszy pi\u0105tek, 7 lutego, Filharmonia Cz\u0119stochowska zaprasza na niezwyk\u0142e wydarzenie &#8211; &#8222;Koncert wiede\u0144ski&#8221;. Na scenie wyst\u0105pi Narodowa Orkiestry Filharmonii Lwowskiej wraz z solistami. W koncercie udzia\u0142 wezm\u0105: Agata Sava, wybitna, polska mezzosopranistka, solistka opery w Pradze, Karolina Leszko &#8211; absolwentka Akademii Muzycznej w Katowicach. Wyst\u0119powa\u0142a na koncertach u boku Jacka W\u00f3jcickiego, Hanny Banaszak, Justyny Steczkowskiej oraz Daniel Cebula-Orynicz solista Teatru Rozrywki w Chorzowie. W posta\u0107 Johanna Straussa wcieli si\u0119 Johann Kruk, wirtuoz skrzypiec koncertuj\u0105cy w najwi\u0119kszych salach koncertowych Europy takich, jak: Filharmonia Berli\u0144ska, Concertgebouw w Amsterdamie, czy Royal Albert Hall w Londynie.<br>\nNiespodziank\u0105 wieczoru b\u0119d\u0105 niezwyk\u0142e osobowo\u015bci grupy QuattroVoci, kt\u00f3ra w styczniu 2019 po raz pierwszy pobi\u0142a serca polskiej publiczno\u015bci. QuattroVoci wracaja do Polski w 2020 roku i zaprezentuje sw\u00f3j nowy repertuar, jak\u017ce lubiany przez meloman\u00f3w operetki, musicalu i muzyki filmowej. QuattroVoci to Evelina Liubonko sopran, Lilia Nikitchuk mezzosopran, Serhii Kutepov tenor i Volodymir Shynkarenko bas. <br>\nPubliczno\u015b\u0107 wys\u0142ucha najwi\u0119ksze przeboje Kr\u00f3la Johanna Straussa. Nie zabraknie tak\u017ce popisowych arii i duet\u00f3w z najs\u0142ynniejszych operetek takich, jak: Zemsta Nietoperza, Ksi\u0119\u017cniczka Czardasza, Baron Cyga\u0144ski, Weso\u0142a Wd\u00f3wka, Kraina U\u015bmiechu, czy walca Nad pi\u0119knym modrym Dunajem oraz Marsz Radeckiego. Dodatkow\u0105 atrakcj\u0105 wieczoru b\u0119d\u0105 wsp\u00f3\u0142czesne, \u015bwiatowe hity grupy ABBA \u2013 Mamma mia, Dancing Queen, Whitney Houston \u2013 All at once, czy duetu Shallow Lady Gaga i Bradleya Coopera, a tak\u017ce New Jork \u2013 New Jork Sinatry, Dumka na dwa serca &#8211; K. D\u0119bskiego, Dalilah &#8211; Toma Jonesa, Tell Him Barbary Straisand i Celine Dion i wiele innych muzycznych niespodzianek.<br>\nPocz\u0105tek koncertu godzina 19.<\/p>\n","protected":false},"excerpt":{"rendered":"<p>W najbli\u017cszy pi\u0105tek, 7 lutego, Filharmonia Cz\u0119stochowska zaprasza na niezwyk\u0142e wydarzenie &#8211; &#8222;Koncert wiede\u0144ski&#8221;. Na scenie wyst\u0105pi Narodowa Orkiestry Filharmonii Lwowskiej wraz z solistami.<\/p>\n","protected":false},"author":7,"featured_media":9794,"comment_status":"open","ping_status":"open","sticky":false,"template":"","format":"standard","meta":{"_monsterinsights_skip_tracking":false,"_monsterinsights_sitenote_active":false,"_monsterinsights_sitenote_note":"","_monsterinsights_sitenote_category":0,"_uf_show_specific_survey":0,"_uf_disable_surveys":false,"footnotes":""},"categories":[3,12,94,2,13],"tags":[],"class_list":["post-9793","post","type-post","status-publish","format-standard","has-post-thumbnail","hentry","category-czestochowa-informacje","category-kultura-i-rozrywka","category-polecane","category-wiadomosci","category-wydarzenia"],"_links":{"self":[{"href":"https:\/\/gazetaregionalna.com\/index.php?rest_route=\/wp\/v2\/posts\/9793","targetHints":{"allow":["GET"]}}],"collection":[{"href":"https:\/\/gazetaregionalna.com\/index.php?rest_route=\/wp\/v2\/posts"}],"about":[{"href":"https:\/\/gazetaregionalna.com\/index.php?rest_route=\/wp\/v2\/types\/post"}],"author":[{"embeddable":true,"href":"https:\/\/gazetaregionalna.com\/index.php?rest_route=\/wp\/v2\/users\/7"}],"replies":[{"embeddable":true,"href":"https:\/\/gazetaregionalna.com\/index.php?rest_route=%2Fwp%2Fv2%2Fcomments&post=9793"}],"version-history":[{"count":1,"href":"https:\/\/gazetaregionalna.com\/index.php?rest_route=\/wp\/v2\/posts\/9793\/revisions"}],"predecessor-version":[{"id":9795,"href":"https:\/\/gazetaregionalna.com\/index.php?rest_route=\/wp\/v2\/posts\/9793\/revisions\/9795"}],"wp:featuredmedia":[{"embeddable":true,"href":"https:\/\/gazetaregionalna.com\/index.php?rest_route=\/wp\/v2\/media\/9794"}],"wp:attachment":[{"href":"https:\/\/gazetaregionalna.com\/index.php?rest_route=%2Fwp%2Fv2%2Fmedia&parent=9793"}],"wp:term":[{"taxonomy":"category","embeddable":true,"href":"https:\/\/gazetaregionalna.com\/index.php?rest_route=%2Fwp%2Fv2%2Fcategories&post=9793"},{"taxonomy":"post_tag","embeddable":true,"href":"https:\/\/gazetaregionalna.com\/index.php?rest_route=%2Fwp%2Fv2%2Ftags&post=9793"}],"curies":[{"name":"wp","href":"https:\/\/api.w.org\/{rel}","templated":true}]}}