{"id":97922,"date":"2022-12-12T21:49:57","date_gmt":"2022-12-12T21:49:57","guid":{"rendered":"https:\/\/gazetaregionalna.com\/?p=97922"},"modified":"2022-12-12T21:51:37","modified_gmt":"2022-12-12T21:51:37","slug":"wyniki-miedzynarodowego-konkursu","status":"publish","type":"post","link":"https:\/\/gazetaregionalna.com\/?p=97922","title":{"rendered":"Znamy wyniki Mi\u0119dzynarodowego Konkursu Fotografii Fujifilm Moment Street Photo Awards"},"content":{"rendered":"\n<h2 class=\"wp-block-heading\">W sobot\u0119, 10 grudnia og\u0142oszono wyniki 4. edycji tego mi\u0119dzynarodowego konkursu fotografii ulicznej, do kt\u00f3rego zg\u0142osi\u0142o si\u0119 w tym roku 594 autor\u00f3w z ca\u0142ego \u015bwiata. Wystawa pokonkursowa dost\u0119pna jest w O\u015brodku Promocji Kultury &#8222;Gaude Mater&#8221;.<\/h2>\n\n\n\n<p>Tak jak<a href=\"https:\/\/gazetaregionalna.com\/final-konkursu-fujifilm-moment-street-photo\/\"> zapowiadali\u015bmy<\/a>, 10 grudnia w O\u015brodku Promocji Kultury &#8222;Gaude Mater&#8221; pryz ul. D\u0105browskiego 1 odby\u0142 si\u0119 fina\u0142 Mi\u0119dzynarodowego Konkursu Fotografii Fujifilm Moment Street Photo Awards.<\/p>\n\n\n\n<p>Konkurs narodzi\u0142 si\u0119 w 2019 r. Adresowano go do os\u00f3b wykonuj\u0105cych zdj\u0119cia w stylu ulicznym. Uczestnikami mog\u0105 by\u0107 wszyscy, kt\u00f3rzy przy pomocy obiektywu aparatu fotograficznego potrafi\u0105 uchwyci\u0107 najciekawsze uliczne momenty.<\/p>\n\n\n\n<p>Tegoroczna edycja jest ju\u017c czwart\u0105 z kolei. Organizatorzy, czyli O\u015brodek Promocji Kultury \u201eGaude Mater\u201d oraz Wydzia\u0142 Kultury, Promocji i Sportu Urz\u0119du Miasta Cz\u0119stochowy, przyj\u0119li w sumie 2838 nades\u0142anych zdj\u0119\u0107. Oceni\u0142o je jury w sk\u0142adzie: Wojciech Barczy\u0144ski, Taras Bychko, Maciej Jeziorek, Ania K\u0142osek i Karolina Trapp. Obrady juror\u00f3w odby\u0142y si\u0119 22 listopada. W efekcie do pokonkursowej wystawy zakwalifikowano 55 fotografii 50 autor\u00f3w.<\/p>\n\n\n\n<figure class=\"wp-block-image size-large\"><img decoding=\"async\" width=\"1024\" height=\"683\" data-src=\"https:\/\/gazetaregionalna.com\/wp-content\/uploads\/2022\/12\/63000-1024x683.jpg\" alt=\"\" class=\"wp-image-97928 lazyload\" data-srcset=\"https:\/\/gazetaregionalna.com\/wp-content\/uploads\/2022\/12\/63000-1024x683.jpg 1024w, https:\/\/gazetaregionalna.com\/wp-content\/uploads\/2022\/12\/63000-300x200.jpg 300w, https:\/\/gazetaregionalna.com\/wp-content\/uploads\/2022\/12\/63000-768x512.jpg 768w, https:\/\/gazetaregionalna.com\/wp-content\/uploads\/2022\/12\/63000-1536x1024.jpg 1536w, https:\/\/gazetaregionalna.com\/wp-content\/uploads\/2022\/12\/63000-696x464.jpg 696w, https:\/\/gazetaregionalna.com\/wp-content\/uploads\/2022\/12\/63000-1068x712.jpg 1068w, https:\/\/gazetaregionalna.com\/wp-content\/uploads\/2022\/12\/63000-630x420.jpg 630w, https:\/\/gazetaregionalna.com\/wp-content\/uploads\/2022\/12\/63000-scaled.jpg 1600w\" data-sizes=\"(max-width: 1024px) 100vw, 1024px\" src=\"data:image\/svg+xml;base64,PHN2ZyB3aWR0aD0iMSIgaGVpZ2h0PSIxIiB4bWxucz0iaHR0cDovL3d3dy53My5vcmcvMjAwMC9zdmciPjwvc3ZnPg==\" style=\"--smush-placeholder-width: 1024px; --smush-placeholder-aspect-ratio: 1024\/683;\" \/><figcaption>Fina\u0142 Mi\u0119dzynarodowego Konkursu Fotografii Fujifilm Moment Street Photo Awards<\/figcaption><\/figure>\n\n\n\n<p><br>\u2013 Zestaw jest r\u00f3\u017cnorodny, odzwierciedlaj\u0105cy to, jak szerokie s\u0105 granice street photo i jak daleko odbiegaj\u0105 od \u201eulicy\u201d w nazwie. Widzimy wyra\u017anie, \u017ce streetu nie definiuje miejsce wykonania, a spos\u00f3b patrzenia i zestawiania ze sob\u0105 os\u00f3b, przedmiot\u00f3w, miejsc i zdarze\u0144 oraz uchwycenie interakcji mi\u0119dzy nimi \u2013 podkre\u015bla Ania K\u0142osek.<\/p>\n\n\n\n<p>Finali\u015bci reprezentuj\u0105 nie tylko Polsk\u0119, ale te\u017c Turcj\u0119, W\u0142ochy, Sri Lank\u0119, Ukrain\u0119, Chile, Indonezj\u0119, Wielk\u0105 Brytani\u0119, Niemcy, Stany Zjednoczone, Tajlandi\u0119, Malezj\u0119, Australi\u0119, Francj\u0119, Wietnam, Filipiny, Norwegi\u0119 i Kazachstan.<\/p>\n\n\n\n<p>Oto oni: Kuba Abramowicz, Ma\u0142gorzata Adamczyk, Bartosz Ba\u0144ka, Latife Baudet, Emre \u00c7akmak, Alessandro Deluigi, Stan De Zoysa, Adriana Dovha, Francesco Fantin, Massimiliano Faralli, Nicola Ferrara, Matias Fuentes, Erry Ginandjar, Max Gor, Chris Harrison, Peter Hilden, Maciej Holy, Alessandro Iasevoli, Jonathan Jasberg, Pawe\u0142 J\u0119drusik, Krongrat Jindapol, Janusz Jurek, Edmond Leong, Gavin Libotte, Wenpeng Lu, Filip Macha\u010d, Fabio Magara, Simone Mantia, Thanh Kim Nguyen, Patryk Ogorza\u0142ek, Nita Olan, Sai Min Htet Oo, Aungkoon Payungrus, Jan Thomas Pettersen, Alexey Poptsov, Piotr Przytula, Tanakorn Saetia, Emir Sevim, David Shokouhbeen, Sakulchai Sikitikul, Dmitry Stepanenko, Max Sturgeon, Jasper Julius Tejano, Tomasz Topczewski, Antonio Trogu, Sami U\u00e7an, Tommaso Vaccarezza, Gian Marco Venturi oraz Chalermporn Yuthongdee.<\/p>\n\n\n\n<p>Wystaw\u0119 pokonkursow\u0105 mo\u017cna ogl\u0105da\u0107 w OPK &#8222;Gaude Mater&#8221;. Wi\u0119cej na: <a href=\"https:\/\/gaudemater.pl\/\" target=\"_blank\" rel=\"noopener\">gaudemater.pl<\/a>.<\/p>\n\n\n\n<h4 class=\"wp-block-heading\"><strong>Lista nagrodzonych i wyr\u00f3\u017cnionych w 4. edycji Fujifilm Moment Street Photo Awards:<\/strong><\/h4>\n\n\n\n<p>I nagroda &#8211; Massimiliano Faralli z W\u0142och<br>II nagroda &#8211; Chalermporn Yuthongdee z Tajlandii<br>III nagroda &#8211; Alessandro Deluigi z W\u0142och<\/p>\n\n\n\n<figure class=\"wp-block-gallery columns-3 is-cropped wp-block-gallery-1 is-layout-flex wp-block-gallery-is-layout-flex\"><ul class=\"blocks-gallery-grid\"><li class=\"blocks-gallery-item\"><figure><a href=\"https:\/\/gazetaregionalna.com\/wp-content\/uploads\/2022\/12\/62988-scaled.jpg\"><img decoding=\"async\" width=\"1024\" height=\"683\" data-src=\"https:\/\/gazetaregionalna.com\/wp-content\/uploads\/2022\/12\/62988-1024x683.jpg\" alt=\"\" data-id=\"97925\" data-full-url=\"https:\/\/gazetaregionalna.com\/wp-content\/uploads\/2022\/12\/62988-scaled.jpg\" data-link=\"https:\/\/gazetaregionalna.com\/?attachment_id=97925\" class=\"wp-image-97925 lazyload\" data-srcset=\"https:\/\/gazetaregionalna.com\/wp-content\/uploads\/2022\/12\/62988-1024x683.jpg 1024w, https:\/\/gazetaregionalna.com\/wp-content\/uploads\/2022\/12\/62988-300x200.jpg 300w, https:\/\/gazetaregionalna.com\/wp-content\/uploads\/2022\/12\/62988-768x512.jpg 768w, https:\/\/gazetaregionalna.com\/wp-content\/uploads\/2022\/12\/62988-1536x1024.jpg 1536w, https:\/\/gazetaregionalna.com\/wp-content\/uploads\/2022\/12\/62988-696x464.jpg 696w, https:\/\/gazetaregionalna.com\/wp-content\/uploads\/2022\/12\/62988-1068x712.jpg 1068w, https:\/\/gazetaregionalna.com\/wp-content\/uploads\/2022\/12\/62988-1920x1280.jpg 1920w, https:\/\/gazetaregionalna.com\/wp-content\/uploads\/2022\/12\/62988-630x420.jpg 630w, https:\/\/gazetaregionalna.com\/wp-content\/uploads\/2022\/12\/62988-scaled.jpg 1600w\" data-sizes=\"(max-width: 1024px) 100vw, 1024px\" src=\"data:image\/svg+xml;base64,PHN2ZyB3aWR0aD0iMSIgaGVpZ2h0PSIxIiB4bWxucz0iaHR0cDovL3d3dy53My5vcmcvMjAwMC9zdmciPjwvc3ZnPg==\" style=\"--smush-placeholder-width: 1024px; --smush-placeholder-aspect-ratio: 1024\/683;\" \/><\/a><figcaption class=\"blocks-gallery-item__caption\">I nagroda &#8211; Massimiliano Faralli z W\u0142och<\/figcaption><\/figure><\/li><li class=\"blocks-gallery-item\"><figure><a href=\"https:\/\/gazetaregionalna.com\/wp-content\/uploads\/2022\/12\/62989-scaled.jpeg\"><img decoding=\"async\" width=\"1024\" height=\"683\" data-src=\"https:\/\/gazetaregionalna.com\/wp-content\/uploads\/2022\/12\/62989-1024x683.jpeg\" alt=\"\" data-id=\"97926\" data-full-url=\"https:\/\/gazetaregionalna.com\/wp-content\/uploads\/2022\/12\/62989-scaled.jpeg\" data-link=\"https:\/\/gazetaregionalna.com\/?attachment_id=97926\" class=\"wp-image-97926 lazyload\" data-srcset=\"https:\/\/gazetaregionalna.com\/wp-content\/uploads\/2022\/12\/62989-1024x683.jpeg 1024w, https:\/\/gazetaregionalna.com\/wp-content\/uploads\/2022\/12\/62989-300x200.jpeg 300w, https:\/\/gazetaregionalna.com\/wp-content\/uploads\/2022\/12\/62989-768x512.jpeg 768w, https:\/\/gazetaregionalna.com\/wp-content\/uploads\/2022\/12\/62989-1536x1024.jpeg 1536w, https:\/\/gazetaregionalna.com\/wp-content\/uploads\/2022\/12\/62989-696x464.jpeg 696w, https:\/\/gazetaregionalna.com\/wp-content\/uploads\/2022\/12\/62989-1068x712.jpeg 1068w, https:\/\/gazetaregionalna.com\/wp-content\/uploads\/2022\/12\/62989-1920x1280.jpeg 1920w, https:\/\/gazetaregionalna.com\/wp-content\/uploads\/2022\/12\/62989-630x420.jpeg 630w, https:\/\/gazetaregionalna.com\/wp-content\/uploads\/2022\/12\/62989-scaled.jpeg 1600w\" data-sizes=\"(max-width: 1024px) 100vw, 1024px\" src=\"data:image\/svg+xml;base64,PHN2ZyB3aWR0aD0iMSIgaGVpZ2h0PSIxIiB4bWxucz0iaHR0cDovL3d3dy53My5vcmcvMjAwMC9zdmciPjwvc3ZnPg==\" style=\"--smush-placeholder-width: 1024px; --smush-placeholder-aspect-ratio: 1024\/683;\" \/><\/a><figcaption class=\"blocks-gallery-item__caption\">II nagroda &#8211; Chalermporn Yuthongdee z Tajlandii<\/figcaption><\/figure><\/li><li class=\"blocks-gallery-item\"><figure><a href=\"https:\/\/gazetaregionalna.com\/wp-content\/uploads\/2022\/12\/62990-scaled.jpg\"><img decoding=\"async\" width=\"1024\" height=\"683\" data-src=\"https:\/\/gazetaregionalna.com\/wp-content\/uploads\/2022\/12\/62990-1024x683.jpg\" alt=\"\" data-id=\"97927\" data-full-url=\"https:\/\/gazetaregionalna.com\/wp-content\/uploads\/2022\/12\/62990-scaled.jpg\" data-link=\"https:\/\/gazetaregionalna.com\/?attachment_id=97927\" class=\"wp-image-97927 lazyload\" data-srcset=\"https:\/\/gazetaregionalna.com\/wp-content\/uploads\/2022\/12\/62990-1024x683.jpg 1024w, https:\/\/gazetaregionalna.com\/wp-content\/uploads\/2022\/12\/62990-300x200.jpg 300w, https:\/\/gazetaregionalna.com\/wp-content\/uploads\/2022\/12\/62990-768x512.jpg 768w, https:\/\/gazetaregionalna.com\/wp-content\/uploads\/2022\/12\/62990-1536x1024.jpg 1536w, https:\/\/gazetaregionalna.com\/wp-content\/uploads\/2022\/12\/62990-696x464.jpg 696w, https:\/\/gazetaregionalna.com\/wp-content\/uploads\/2022\/12\/62990-1068x712.jpg 1068w, https:\/\/gazetaregionalna.com\/wp-content\/uploads\/2022\/12\/62990-1920x1280.jpg 1920w, https:\/\/gazetaregionalna.com\/wp-content\/uploads\/2022\/12\/62990-630x420.jpg 630w, https:\/\/gazetaregionalna.com\/wp-content\/uploads\/2022\/12\/62990-scaled.jpg 1600w\" data-sizes=\"(max-width: 1024px) 100vw, 1024px\" src=\"data:image\/svg+xml;base64,PHN2ZyB3aWR0aD0iMSIgaGVpZ2h0PSIxIiB4bWxucz0iaHR0cDovL3d3dy53My5vcmcvMjAwMC9zdmciPjwvc3ZnPg==\" style=\"--smush-placeholder-width: 1024px; --smush-placeholder-aspect-ratio: 1024\/683;\" \/><\/a><figcaption class=\"blocks-gallery-item__caption\">III nagroda &#8211; Alessandro Deluigi z W\u0142och<\/figcaption><\/figure><\/li><\/ul><\/figure>\n\n\n\n<p><strong>Wyr\u00f3\u017cnienia:<\/strong><\/p>\n\n\n\n<p>Emre Cakmak, Turcja<br>Stan De Zoysa, Sri Lanka<br>Chris Harrison, Wielka Brytania<br>Filip Macha\u010d, Niemcy<br>Fabio Magara, W\u0142ochy<br>Gian Marco Venturi, W\u0142ochy<br>Aungkoon Payungrus, Tajlandia<br>Tommaso Vaccarezza, W\u0142ochy<\/p>\n\n\n\n<p><strong>red., UM Cz\u0119stochowy<\/strong><\/p>\n","protected":false},"excerpt":{"rendered":"<p>W sobot\u0119, 10 grudnia og\u0142oszono wyniki 4. edycji tego mi\u0119dzynarodowego konkursu fotografii ulicznej, do kt\u00f3rego zg\u0142osi\u0142o si\u0119 w tym roku 594 autor\u00f3w z ca\u0142ego<\/p>\n","protected":false},"author":11,"featured_media":97924,"comment_status":"closed","ping_status":"open","sticky":false,"template":"","format":"standard","meta":{"_monsterinsights_skip_tracking":false,"_monsterinsights_sitenote_active":false,"_monsterinsights_sitenote_note":"","_monsterinsights_sitenote_category":0,"_uf_show_specific_survey":0,"_uf_disable_surveys":false,"footnotes":""},"categories":[12,3,2],"tags":[89,1037,1039],"class_list":["post-97922","post","type-post","status-publish","format-standard","has-post-thumbnail","hentry","category-kultura-i-rozrywka","category-czestochowa-informacje","category-wiadomosci","tag-konkurs","tag-miedzynarodowy-konkurs-fujifilm-moment-street-photo-awards","tag-osrodek-promocji-kultury-gaude-mater"],"_links":{"self":[{"href":"https:\/\/gazetaregionalna.com\/index.php?rest_route=\/wp\/v2\/posts\/97922","targetHints":{"allow":["GET"]}}],"collection":[{"href":"https:\/\/gazetaregionalna.com\/index.php?rest_route=\/wp\/v2\/posts"}],"about":[{"href":"https:\/\/gazetaregionalna.com\/index.php?rest_route=\/wp\/v2\/types\/post"}],"author":[{"embeddable":true,"href":"https:\/\/gazetaregionalna.com\/index.php?rest_route=\/wp\/v2\/users\/11"}],"replies":[{"embeddable":true,"href":"https:\/\/gazetaregionalna.com\/index.php?rest_route=%2Fwp%2Fv2%2Fcomments&post=97922"}],"version-history":[{"count":3,"href":"https:\/\/gazetaregionalna.com\/index.php?rest_route=\/wp\/v2\/posts\/97922\/revisions"}],"predecessor-version":[{"id":97943,"href":"https:\/\/gazetaregionalna.com\/index.php?rest_route=\/wp\/v2\/posts\/97922\/revisions\/97943"}],"wp:featuredmedia":[{"embeddable":true,"href":"https:\/\/gazetaregionalna.com\/index.php?rest_route=\/wp\/v2\/media\/97924"}],"wp:attachment":[{"href":"https:\/\/gazetaregionalna.com\/index.php?rest_route=%2Fwp%2Fv2%2Fmedia&parent=97922"}],"wp:term":[{"taxonomy":"category","embeddable":true,"href":"https:\/\/gazetaregionalna.com\/index.php?rest_route=%2Fwp%2Fv2%2Fcategories&post=97922"},{"taxonomy":"post_tag","embeddable":true,"href":"https:\/\/gazetaregionalna.com\/index.php?rest_route=%2Fwp%2Fv2%2Ftags&post=97922"}],"curies":[{"name":"wp","href":"https:\/\/api.w.org\/{rel}","templated":true}]}}