{"id":97912,"date":"2022-12-12T08:43:39","date_gmt":"2022-12-12T08:43:39","guid":{"rendered":"https:\/\/gazetaregionalna.com\/?p=97912"},"modified":"2022-12-12T08:44:06","modified_gmt":"2022-12-12T08:44:06","slug":"specjalistyczny-sprzet-pojawil-sie-na-al-wojska-polskiego","status":"publish","type":"post","link":"https:\/\/gazetaregionalna.com\/?p=97912","title":{"rendered":"Specjalistyczny sprz\u0119t pojawi\u0142 si\u0119 na al. Wojska Polskiego  &#8211; pos\u0142u\u017cy do budowy dwupoziomowych skrzy\u017cowa\u0144"},"content":{"rendered":"\n<h3 class=\"wp-block-heading\">Na nowej alei Wojska Polskiego w Cz\u0119stochowie pojawi\u0142 si\u0119 specjalistyczny sprz\u0119t pozwalaj\u0105cy na budow\u0119 fundament\u00f3w obiekt\u00f3w na dwupoziomowych skrzy\u017cowaniach.<\/h3>\n\n\n\n<p>Roboty s\u0105 realizowane u zbiegu ulicy Legion\u00f3w z al. Wojska Polskiego oraz na krzy\u017c\u00f3wce Wojska Polskiego \u2013 Rejtana \u2013 Krakowska i b\u0119d\u0105 kontynuowane przez najbli\u017csze miesi\u0105ce.<\/p>\n\n\n\n<p>Post\u0119puje budowa obiekt\u00f3w z przej\u015bciami dla pieszych na wysoko\u015bci ulic: Papierowej i Weso\u0142ej. W tym tygodniu na budowie rozpocznie si\u0119 rozbi\u00f3rka stacji benzynowej i budynk\u00f3w przy ul. R\u00f3wnoleg\u0142ej. Po nowym roku natomiast rusz\u0105 kolejne prace w obr\u0119bie budowy skrzy\u017cowania w miejscu starej estakady na Rakowie.<\/p>\n\n\n\n<figure class=\"wp-block-image size-large\"><img decoding=\"async\" width=\"1024\" height=\"768\" data-src=\"https:\/\/gazetaregionalna.com\/wp-content\/uploads\/2022\/12\/62957-1024x768.jpg\" alt=\"sprz\u0119t\" class=\"wp-image-97914 lazyload\" data-srcset=\"https:\/\/gazetaregionalna.com\/wp-content\/uploads\/2022\/12\/62957-1024x768.jpg 1024w, https:\/\/gazetaregionalna.com\/wp-content\/uploads\/2022\/12\/62957-300x225.jpg 300w, https:\/\/gazetaregionalna.com\/wp-content\/uploads\/2022\/12\/62957-768x576.jpg 768w, https:\/\/gazetaregionalna.com\/wp-content\/uploads\/2022\/12\/62957-1536x1152.jpg 1536w, https:\/\/gazetaregionalna.com\/wp-content\/uploads\/2022\/12\/62957-696x522.jpg 696w, https:\/\/gazetaregionalna.com\/wp-content\/uploads\/2022\/12\/62957-1068x801.jpg 1068w, https:\/\/gazetaregionalna.com\/wp-content\/uploads\/2022\/12\/62957-1920x1440.jpg 1920w, https:\/\/gazetaregionalna.com\/wp-content\/uploads\/2022\/12\/62957-560x420.jpg 560w, https:\/\/gazetaregionalna.com\/wp-content\/uploads\/2022\/12\/62957-80x60.jpg 80w, https:\/\/gazetaregionalna.com\/wp-content\/uploads\/2022\/12\/62957-265x198.jpg 265w, https:\/\/gazetaregionalna.com\/wp-content\/uploads\/2022\/12\/62957-scaled.jpg 1600w\" data-sizes=\"(max-width: 1024px) 100vw, 1024px\" src=\"data:image\/svg+xml;base64,PHN2ZyB3aWR0aD0iMSIgaGVpZ2h0PSIxIiB4bWxucz0iaHR0cDovL3d3dy53My5vcmcvMjAwMC9zdmciPjwvc3ZnPg==\" style=\"--smush-placeholder-width: 1024px; --smush-placeholder-aspect-ratio: 1024\/768;\" \/><figcaption>\u017ar\u00f3d\u0142o: UM Cz\u0119stochowy<\/figcaption><\/figure>\n\n\n\n<p>Zgodnie z za\u0142o\u017ceniem budowa pe\u0142nej infrastruktury podziemnej i naziemnej wraz z trzema bezkolizyjnymi skrzy\u017cowaniami od al. Jana Paw\u0142a II do ul. Rakowskiej ma mie\u0107 sw\u00f3j fina\u0142 z ko\u0144cem przysz\u0142ego roku.<\/p>\n\n\n\n<p>LN\/UM Cz\u0119stochowy<\/p>\n","protected":false},"excerpt":{"rendered":"<p>Na nowej alei Wojska Polskiego w Cz\u0119stochowie pojawi\u0142 si\u0119 specjalistyczny sprz\u0119t pozwalaj\u0105cy na budow\u0119 fundament\u00f3w obiekt\u00f3w na dwupoziomowych skrzy\u017cowaniach. Roboty s\u0105 realizowane u zbiegu<\/p>\n","protected":false},"author":26,"featured_media":97913,"comment_status":"closed","ping_status":"open","sticky":false,"template":"","format":"standard","meta":{"_monsterinsights_skip_tracking":false,"_monsterinsights_sitenote_active":false,"_monsterinsights_sitenote_note":"","_monsterinsights_sitenote_category":0,"_uf_show_specific_survey":0,"_uf_disable_surveys":false,"footnotes":""},"categories":[20,3,33,2],"tags":[5627,624,5707,4570],"class_list":["post-97912","post","type-post","status-publish","format-standard","has-post-thumbnail","hentry","category-budownictwo","category-czestochowa-informacje","category-inwestycje","category-wiadomosci","tag-infrastruktura","tag-inwestycja","tag-przebudowa-al-wojska-polskiego","tag-sprzet"],"_links":{"self":[{"href":"https:\/\/gazetaregionalna.com\/index.php?rest_route=\/wp\/v2\/posts\/97912","targetHints":{"allow":["GET"]}}],"collection":[{"href":"https:\/\/gazetaregionalna.com\/index.php?rest_route=\/wp\/v2\/posts"}],"about":[{"href":"https:\/\/gazetaregionalna.com\/index.php?rest_route=\/wp\/v2\/types\/post"}],"author":[{"embeddable":true,"href":"https:\/\/gazetaregionalna.com\/index.php?rest_route=\/wp\/v2\/users\/26"}],"replies":[{"embeddable":true,"href":"https:\/\/gazetaregionalna.com\/index.php?rest_route=%2Fwp%2Fv2%2Fcomments&post=97912"}],"version-history":[{"count":1,"href":"https:\/\/gazetaregionalna.com\/index.php?rest_route=\/wp\/v2\/posts\/97912\/revisions"}],"predecessor-version":[{"id":97915,"href":"https:\/\/gazetaregionalna.com\/index.php?rest_route=\/wp\/v2\/posts\/97912\/revisions\/97915"}],"wp:featuredmedia":[{"embeddable":true,"href":"https:\/\/gazetaregionalna.com\/index.php?rest_route=\/wp\/v2\/media\/97913"}],"wp:attachment":[{"href":"https:\/\/gazetaregionalna.com\/index.php?rest_route=%2Fwp%2Fv2%2Fmedia&parent=97912"}],"wp:term":[{"taxonomy":"category","embeddable":true,"href":"https:\/\/gazetaregionalna.com\/index.php?rest_route=%2Fwp%2Fv2%2Fcategories&post=97912"},{"taxonomy":"post_tag","embeddable":true,"href":"https:\/\/gazetaregionalna.com\/index.php?rest_route=%2Fwp%2Fv2%2Ftags&post=97912"}],"curies":[{"name":"wp","href":"https:\/\/api.w.org\/{rel}","templated":true}]}}