{"id":9783,"date":"2020-02-04T11:33:22","date_gmt":"2020-02-04T11:33:22","guid":{"rendered":"https:\/\/gazetaregionalna.com\/?p=9783"},"modified":"2020-02-04T11:33:25","modified_gmt":"2020-02-04T11:33:25","slug":"oscarowe-filmy-w-kinie-karolinka","status":"publish","type":"post","link":"https:\/\/gazetaregionalna.com\/?p=9783","title":{"rendered":"Oscarowe filmy w Kinie \u201eKarolinka\u201d"},"content":{"rendered":"\n<p>Luty to oczywi\u015bcie Walentynki! Dla wszystkich zakochanych, kochaj\u0105cych i \u015bwi\u0119tuj\u0105cych oczywi\u015bcie Kino \u201eKarolinka\u201d przygotowa\u0142o wyj\u0105tkow\u0105 propozycj\u0119. Wcze\u015bniej jednak czeka nas gala rozdania najwa\u017cniejszych filmowych nagr\u00f3d \u2013 Oscar\u00f3w. Z tej okazji w lublinieckim kinie b\u0119dzie mo\u017cna obejrze\u0107 nominowane filmy.  <br>\nDo Oscarowego repertuaru trafi\u0142y filmy, kt\u00f3re uzyska\u0142y wiele nominacji. Pierwszy z nich to \u201eParasite\u201d \u2013 film wprost z Korei Po\u0142udniowej. Kierowca bez pracy, gospodyni bez domu, student bez kasy i dziewczyna bez perspektyw wsp\u00f3lnie stworz\u0105 perfekcyjny plan: jak w najkr\u00f3tszym czasie sta\u0107 si\u0119 kim\u015b i zaj\u0105\u0107 miejsce bogaczy. Nawet je\u015bli trzeba przekroczy\u0107 wszelkie granice. Film odbi\u0142 si\u0119 w kinowym \u015bwiecie wielkim echem, zdoby\u0142 6 nominacji do Oscara \u2013 warto wi\u0119c, by i lublinieccy widzowie skorzystali z okazji, by ten film obejrze\u0107. <br>\nW\u015br\u00f3d Oscarowych propozycji znajduje si\u0119 r\u00f3wnie\u017c film \u201eGor\u0105cy temat\u201d \u2013 opowiadaj\u0105cy o g\u0142o\u015bnym skandalu w najwi\u0119kszej telewizji informacyjnej USA. W g\u0142\u00f3wnych rolach Nicole Kidman, Charlize Theron, Margot Robbie.  Dwie ostatnie aktorki otrzyma\u0142y nominacj\u0119 do nagr\u00f3d. <br>\nWarto te\u017c zwr\u00f3ci\u0107 uwag\u0119 na filmy \u201eLe Mans\u2019 66\u201d oraz \u201e1917\u201d. Ten pierwszy po\u015bwi\u0119cony jest rywalizacji mi\u0119dzy markami samochodowymi \u2013 Ford i Ferrari \u2013 w 24-godzinnym wy\u015bcigu. To opowie\u015b\u0107 o pasji, odwadze, my\u015bli konstruktorskiej w znakomitej obsadzie. W rolach g\u0142\u00f3wnych: Christian Bale oraz Matt Damon.  Film zdoby\u0142 4 nominacje do Oscar\u00f3w. <br>\n\u201e1917\u201d jest absolutnym rekordzist\u0105 je\u015bli chodzi o nominacje \u2013 otrzyma\u0142 ich a\u017c 10! Film przenosi widz\u00f3w w czasy I Wojny \u015awiatowej. Dwaj brytyjscy szeregowcy otrzymuj\u0105 misj\u0119 przekazania rozkazu odwo\u0142uj\u0105cego atak. Je\u015bli nie wype\u0142ni\u0105 misji \u2013 zginie ponad 1600 \u017co\u0142nierzy. Warto obejrze\u0107 nie tylko dla \u015bwietnego scenariusza, ale i zdj\u0119\u0107 oraz efekt\u00f3w specjalnych. <br>\nKina \u201eKarolinka\u201d zaprasza r\u00f3wnie\u017c na filmy dla ca\u0142ej rodziny i walentynkowe propozycje. Pe\u0142ny repertuar dost\u0119pny jest na stronie www.mdk.lubliniec.pl oraz w MDK. <\/p>\n","protected":false},"excerpt":{"rendered":"<p>Luty to oczywi\u015bcie Walentynki! Dla wszystkich zakochanych, kochaj\u0105cych i \u015bwi\u0119tuj\u0105cych oczywi\u015bcie Kino \u201eKarolinka\u201d przygotowa\u0142o wyj\u0105tkow\u0105 propozycj\u0119. Wcze\u015bniej jednak czeka nas gala rozdania najwa\u017cniejszych filmowych<\/p>\n","protected":false},"author":7,"featured_media":9784,"comment_status":"open","ping_status":"open","sticky":false,"template":"","format":"standard","meta":{"_monsterinsights_skip_tracking":false,"_monsterinsights_sitenote_active":false,"_monsterinsights_sitenote_note":"","_monsterinsights_sitenote_category":0,"_uf_show_specific_survey":0,"_uf_disable_surveys":false,"footnotes":""},"categories":[12,25,94,2,13],"tags":[],"class_list":["post-9783","post","type-post","status-publish","format-standard","has-post-thumbnail","hentry","category-kultura-i-rozrywka","category-lubliniec","category-polecane","category-wiadomosci","category-wydarzenia"],"_links":{"self":[{"href":"https:\/\/gazetaregionalna.com\/index.php?rest_route=\/wp\/v2\/posts\/9783","targetHints":{"allow":["GET"]}}],"collection":[{"href":"https:\/\/gazetaregionalna.com\/index.php?rest_route=\/wp\/v2\/posts"}],"about":[{"href":"https:\/\/gazetaregionalna.com\/index.php?rest_route=\/wp\/v2\/types\/post"}],"author":[{"embeddable":true,"href":"https:\/\/gazetaregionalna.com\/index.php?rest_route=\/wp\/v2\/users\/7"}],"replies":[{"embeddable":true,"href":"https:\/\/gazetaregionalna.com\/index.php?rest_route=%2Fwp%2Fv2%2Fcomments&post=9783"}],"version-history":[{"count":1,"href":"https:\/\/gazetaregionalna.com\/index.php?rest_route=\/wp\/v2\/posts\/9783\/revisions"}],"predecessor-version":[{"id":9785,"href":"https:\/\/gazetaregionalna.com\/index.php?rest_route=\/wp\/v2\/posts\/9783\/revisions\/9785"}],"wp:featuredmedia":[{"embeddable":true,"href":"https:\/\/gazetaregionalna.com\/index.php?rest_route=\/wp\/v2\/media\/9784"}],"wp:attachment":[{"href":"https:\/\/gazetaregionalna.com\/index.php?rest_route=%2Fwp%2Fv2%2Fmedia&parent=9783"}],"wp:term":[{"taxonomy":"category","embeddable":true,"href":"https:\/\/gazetaregionalna.com\/index.php?rest_route=%2Fwp%2Fv2%2Fcategories&post=9783"},{"taxonomy":"post_tag","embeddable":true,"href":"https:\/\/gazetaregionalna.com\/index.php?rest_route=%2Fwp%2Fv2%2Ftags&post=9783"}],"curies":[{"name":"wp","href":"https:\/\/api.w.org\/{rel}","templated":true}]}}