{"id":97552,"date":"2022-12-05T08:24:36","date_gmt":"2022-12-05T08:24:36","guid":{"rendered":"https:\/\/gazetaregionalna.com\/?p=97552"},"modified":"2022-12-05T08:24:38","modified_gmt":"2022-12-05T08:24:38","slug":"mobilne-pluca-w-czestochowie","status":"publish","type":"post","link":"https:\/\/gazetaregionalna.com\/?p=97552","title":{"rendered":",,Zobacz, czym oddychasz. Zmie\u0144 to\u201d &#8211; mobilne p\u0142uca stan\u0119\u0142y w Cz\u0119stochowie"},"content":{"rendered":"\n<h3 class=\"wp-block-heading\"><strong>Kampania Polskiego Alarmu Smogowego zainstalowa\u0142a tzw. mobilne p\u0142uca w wielu lokalizacjach Polski. Stan\u0119\u0142y te\u017c w Cz\u0119stochowie.<\/strong><\/h3>\n\n\n\n<p>W tym sezonie grzewczym instalacja zostanie ustawiona w 63 lokalizacjach w dziewi\u0119ciu wojew\u00f3dztwach. Na tej trasie znalaz\u0142a si\u0119 r\u00f3wnie\u017c Cz\u0119stochowa, dzi\u0119ki staraniom Cz\u0119stochowskiego Alarmu Smogowego oraz przy wsparciu SARP o. Cz\u0119stochowa, K\u0142obuckiego Alarmu Smogowego i innych organizacji.<\/p>\n\n\n\n<p>W Dniu Czystego Powietrza Polski Alarm Smogowy rozpocz\u0105\u0142 czwart\u0105 edycj\u0119 kampanii \u201eZobacz, czym oddychasz. Zmie\u0144 to\u201d. W tej akcji wykorzystane b\u0119dzie a\u017c siedem instalacji. Tegoroczna kampania jest realizowana we wsp\u00f3\u0142pracy ze Stowarzyszeniem Program Czysta Polska.<\/p>\n\n\n\n<p>Mobilne p\u0142uca mo\u017cna by\u0142o ju\u017c zobaczy\u0107 w Wejherowie na Pomorzu,&nbsp;Kcyni \u2013 Kujawsko-Pomorskie, Otwocku na Mazowszu, Strzelinie na Dolnym \u015al\u0105sku, Nowym Targu na Podhalu oraz Rybniku i Czerwionce-Leszczynach w wojew\u00f3dztwie \u015bl\u0105skim. W Cz\u0119stochowie platform\u0119 zainstalowano na placu Rady Europy.&nbsp;Instalacj\u0119 zasilania uruchomi\u0142 Tauron.<\/p>\n\n\n\n<p>Model ludzkich p\u0142uc \u201eoddycha\u201d, poch\u0142aniaj\u0105c zanieczyszczenia powietrza, kt\u00f3re osiadaj\u0105 na bia\u0142ej materii pokrywaj\u0105cej instalacj\u0119.&nbsp;Bada powietrze przez dwa tygodnie. Instalacja pokrywa si\u0119 py\u0142em i &#8211; zale\u017cnie od poziomu zanieczyszczenia powietrza &#8211; przybiera grafitowy, a nawet czarny kolor. Wi\u0119cej informacji na&nbsp;stronie&nbsp;<a href=\"https:\/\/jurabezsmogu.pl\/pluca\/\" target=\"_blank\" rel=\"noopener\">Jura bez Smogu<\/a>.<\/p>\n","protected":false},"excerpt":{"rendered":"<p>Kampania Polskiego Alarmu Smogowego zainstalowa\u0142a tzw. mobilne p\u0142uca w wielu lokalizacjach Polski. Stan\u0119\u0142y te\u017c w Cz\u0119stochowie. W tym sezonie grzewczym instalacja zostanie ustawiona w<\/p>\n","protected":false},"author":26,"featured_media":97554,"comment_status":"closed","ping_status":"open","sticky":false,"template":"","format":"standard","meta":{"_monsterinsights_skip_tracking":false,"_monsterinsights_sitenote_active":false,"_monsterinsights_sitenote_note":"","_monsterinsights_sitenote_category":0,"_uf_show_specific_survey":0,"_uf_disable_surveys":false,"footnotes":""},"categories":[44,3,29,94,2],"tags":[7060,7058,7057,7059,7061,213,4747],"class_list":["post-97552","post","type-post","status-publish","format-standard","has-post-thumbnail","hentry","category-bezpieczenstwo","category-czestochowa-informacje","category-ekologia","category-polecane","category-wiadomosci","tag-dzien-czystego-powietrza","tag-jura-bez-smogu","tag-kampania-polskiego-alarmu-smogowego","tag-mobilne-pluca","tag-polski-alarm-smogowy","tag-smog","tag-um-czestochowy"],"_links":{"self":[{"href":"https:\/\/gazetaregionalna.com\/index.php?rest_route=\/wp\/v2\/posts\/97552","targetHints":{"allow":["GET"]}}],"collection":[{"href":"https:\/\/gazetaregionalna.com\/index.php?rest_route=\/wp\/v2\/posts"}],"about":[{"href":"https:\/\/gazetaregionalna.com\/index.php?rest_route=\/wp\/v2\/types\/post"}],"author":[{"embeddable":true,"href":"https:\/\/gazetaregionalna.com\/index.php?rest_route=\/wp\/v2\/users\/26"}],"replies":[{"embeddable":true,"href":"https:\/\/gazetaregionalna.com\/index.php?rest_route=%2Fwp%2Fv2%2Fcomments&post=97552"}],"version-history":[{"count":2,"href":"https:\/\/gazetaregionalna.com\/index.php?rest_route=\/wp\/v2\/posts\/97552\/revisions"}],"predecessor-version":[{"id":97560,"href":"https:\/\/gazetaregionalna.com\/index.php?rest_route=\/wp\/v2\/posts\/97552\/revisions\/97560"}],"wp:featuredmedia":[{"embeddable":true,"href":"https:\/\/gazetaregionalna.com\/index.php?rest_route=\/wp\/v2\/media\/97554"}],"wp:attachment":[{"href":"https:\/\/gazetaregionalna.com\/index.php?rest_route=%2Fwp%2Fv2%2Fmedia&parent=97552"}],"wp:term":[{"taxonomy":"category","embeddable":true,"href":"https:\/\/gazetaregionalna.com\/index.php?rest_route=%2Fwp%2Fv2%2Fcategories&post=97552"},{"taxonomy":"post_tag","embeddable":true,"href":"https:\/\/gazetaregionalna.com\/index.php?rest_route=%2Fwp%2Fv2%2Ftags&post=97552"}],"curies":[{"name":"wp","href":"https:\/\/api.w.org\/{rel}","templated":true}]}}