{"id":97472,"date":"2022-12-02T15:46:01","date_gmt":"2022-12-02T15:46:01","guid":{"rendered":"https:\/\/gazetaregionalna.com\/?p=97472"},"modified":"2022-12-02T15:46:02","modified_gmt":"2022-12-02T15:46:02","slug":"szykuje-sie-kolejny-trudny-mecz-siatkarzy-exact-systems-norwid","status":"publish","type":"post","link":"https:\/\/gazetaregionalna.com\/?p=97472","title":{"rendered":"Szykuje si\u0119 kolejny trudny mecz siatkarzy Exact Systems Norwid"},"content":{"rendered":"\n<p>Siatkarze Exact Systems Norwid w najbli\u017csz\u0105 sobot\u0119 zagraj\u0105 w \u015awidniku z Avi\u0105. Mo\u017cna spodziewa\u0107 si\u0119 zaci\u0119tego spotkania, bo spotkaj\u0105 si\u0119 dru\u017cyny z 3. i 4. miejsca w tabeli Tauron 1 Ligi.<\/p>\n\n\n\n<p>Siatkarze Exact Systems Norwid od zmiany trenera krocz\u0105 od zwyci\u0119stwa do zwyci\u0119stwa. Dru\u017cyna trenera Leszka Hudziaka jest ju\u017c na wysokim 4. miejscu w tabeli, a do prowadz\u0105cego Mickiewicza Kluczbork traci tylko 3 punkty.<\/p>\n\n\n\n<p>W sobot\u0119 cz\u0119stochowianie jad\u0105 do \u015awidnika na mecz z Avi\u0105. Zapowiada si\u0119 ciekawe spotkanie, bo Avia to 3. zesp\u00f3\u0142 w tabeli. Dru\u017cyna ze \u015awidnika w dotychczasowych 11 spotkaniach wywalczy\u0142a 24 punkty i o 1 punkt wyprzedza 4. Exact Systems Norwid.<\/p>\n\n\n\n<p>Cz\u0119stochowianie s\u0105 \u201ena fali\u201d i ich kibice wierz\u0105, \u017ce ze \u015awidnika dru\u017cyna wr\u00f3ci z 9 zwyci\u0119stwem w sezonie.<\/p>\n\n\n\n<p>AK, fot: AK<\/p>\n\n\n\n<figure class=\"wp-block-image size-large\"><img decoding=\"async\" width=\"1024\" height=\"683\" data-src=\"https:\/\/gazetaregionalna.com\/wp-content\/uploads\/2022\/09\/Norwid-Astra-4-1024x683.jpg\" alt=\"\" class=\"wp-image-93606 lazyload\" data-srcset=\"https:\/\/gazetaregionalna.com\/wp-content\/uploads\/2022\/09\/Norwid-Astra-4-1024x683.jpg 1024w, https:\/\/gazetaregionalna.com\/wp-content\/uploads\/2022\/09\/Norwid-Astra-4-300x200.jpg 300w, https:\/\/gazetaregionalna.com\/wp-content\/uploads\/2022\/09\/Norwid-Astra-4-768x512.jpg 768w, https:\/\/gazetaregionalna.com\/wp-content\/uploads\/2022\/09\/Norwid-Astra-4-1536x1024.jpg 1536w, https:\/\/gazetaregionalna.com\/wp-content\/uploads\/2022\/09\/Norwid-Astra-4-2048x1365.jpg 2048w, https:\/\/gazetaregionalna.com\/wp-content\/uploads\/2022\/09\/Norwid-Astra-4-696x464.jpg 696w, https:\/\/gazetaregionalna.com\/wp-content\/uploads\/2022\/09\/Norwid-Astra-4-1068x712.jpg 1068w, https:\/\/gazetaregionalna.com\/wp-content\/uploads\/2022\/09\/Norwid-Astra-4-1920x1280.jpg 1920w, https:\/\/gazetaregionalna.com\/wp-content\/uploads\/2022\/09\/Norwid-Astra-4-630x420.jpg 630w, https:\/\/gazetaregionalna.com\/wp-content\/uploads\/2022\/09\/Norwid-Astra-4-scaled.jpg 1600w\" data-sizes=\"(max-width: 1024px) 100vw, 1024px\" src=\"data:image\/svg+xml;base64,PHN2ZyB3aWR0aD0iMSIgaGVpZ2h0PSIxIiB4bWxucz0iaHR0cDovL3d3dy53My5vcmcvMjAwMC9zdmciPjwvc3ZnPg==\" style=\"--smush-placeholder-width: 1024px; --smush-placeholder-aspect-ratio: 1024\/683;\" \/><\/figure>\n\n\n\n<figure class=\"wp-block-image size-large\"><img decoding=\"async\" width=\"300\" height=\"250\" data-src=\"https:\/\/gazetaregionalna.com\/wp-content\/uploads\/2022\/04\/DMK-9.jpg\" alt=\"\" class=\"wp-image-77216 lazyload\" src=\"data:image\/svg+xml;base64,PHN2ZyB3aWR0aD0iMSIgaGVpZ2h0PSIxIiB4bWxucz0iaHR0cDovL3d3dy53My5vcmcvMjAwMC9zdmciPjwvc3ZnPg==\" style=\"--smush-placeholder-width: 300px; --smush-placeholder-aspect-ratio: 300\/250;\"><\/figure>\n","protected":false},"excerpt":{"rendered":"<p>Siatkarze Exact Systems Norwid w najbli\u017csz\u0105 sobot\u0119 zagraj\u0105 w \u015awidniku z Avi\u0105. Mo\u017cna spodziewa\u0107 si\u0119 zaci\u0119tego spotkania, bo spotkaj\u0105 si\u0119 dru\u017cyny z 3. i<\/p>\n","protected":false},"author":15,"featured_media":93606,"comment_status":"closed","ping_status":"open","sticky":false,"template":"","format":"standard","meta":{"_monsterinsights_skip_tracking":false,"_monsterinsights_sitenote_active":false,"_monsterinsights_sitenote_note":"","_monsterinsights_sitenote_category":0,"_uf_show_specific_survey":0,"_uf_disable_surveys":false,"footnotes":""},"categories":[5,8],"tags":[],"class_list":["post-97472","post","type-post","status-publish","format-standard","has-post-thumbnail","hentry","category-sport","category-siatkowka"],"_links":{"self":[{"href":"https:\/\/gazetaregionalna.com\/index.php?rest_route=\/wp\/v2\/posts\/97472","targetHints":{"allow":["GET"]}}],"collection":[{"href":"https:\/\/gazetaregionalna.com\/index.php?rest_route=\/wp\/v2\/posts"}],"about":[{"href":"https:\/\/gazetaregionalna.com\/index.php?rest_route=\/wp\/v2\/types\/post"}],"author":[{"embeddable":true,"href":"https:\/\/gazetaregionalna.com\/index.php?rest_route=\/wp\/v2\/users\/15"}],"replies":[{"embeddable":true,"href":"https:\/\/gazetaregionalna.com\/index.php?rest_route=%2Fwp%2Fv2%2Fcomments&post=97472"}],"version-history":[{"count":1,"href":"https:\/\/gazetaregionalna.com\/index.php?rest_route=\/wp\/v2\/posts\/97472\/revisions"}],"predecessor-version":[{"id":97473,"href":"https:\/\/gazetaregionalna.com\/index.php?rest_route=\/wp\/v2\/posts\/97472\/revisions\/97473"}],"wp:featuredmedia":[{"embeddable":true,"href":"https:\/\/gazetaregionalna.com\/index.php?rest_route=\/wp\/v2\/media\/93606"}],"wp:attachment":[{"href":"https:\/\/gazetaregionalna.com\/index.php?rest_route=%2Fwp%2Fv2%2Fmedia&parent=97472"}],"wp:term":[{"taxonomy":"category","embeddable":true,"href":"https:\/\/gazetaregionalna.com\/index.php?rest_route=%2Fwp%2Fv2%2Fcategories&post=97472"},{"taxonomy":"post_tag","embeddable":true,"href":"https:\/\/gazetaregionalna.com\/index.php?rest_route=%2Fwp%2Fv2%2Ftags&post=97472"}],"curies":[{"name":"wp","href":"https:\/\/api.w.org\/{rel}","templated":true}]}}