{"id":97470,"date":"2022-12-02T15:34:05","date_gmt":"2022-12-02T15:34:05","guid":{"rendered":"https:\/\/gazetaregionalna.com\/?p=97470"},"modified":"2022-12-02T15:34:05","modified_gmt":"2022-12-02T15:34:05","slug":"siatkarki-silesia-czestochowa-jada-do-zor","status":"publish","type":"post","link":"https:\/\/gazetaregionalna.com\/?p=97470","title":{"rendered":"Siatkarki Silesia Cz\u0119stochowa jad\u0105 do \u017bor"},"content":{"rendered":"\n<p>Siatkarki KS Silesia Cz\u0119stochowa w najbli\u017cszy weekend zagraj\u0105 na wyje\u017adzie. Cz\u0119stochowianki jad\u0105 do \u017bor na mecz z MUKS Sari.<\/p>\n\n\n\n<p>Po ostatniej kolejce siatkarki KS Silesia Cz\u0119stochowa straci\u0142y pozycje lidera w 3 grupie 2 ligi. Teraz cz\u0119stochowianki jad\u0105 do \u017bor po zwyci\u0119stwo i 3 punkty. Dru\u017cyna MUKS Sari w 8 meczach wywalczy\u0142a 7 punkt\u00f3w. KS Silesia ma ich 18 i w \u017borach b\u0119dzie faworytem spotkania.<\/p>\n\n\n\n<p>AK, fot: Marcin Haberko <\/p>\n","protected":false},"excerpt":{"rendered":"<p>Siatkarki KS Silesia Cz\u0119stochowa w najbli\u017cszy weekend zagraj\u0105 na wyje\u017adzie. Cz\u0119stochowianki jad\u0105 do \u017bor na mecz z MUKS Sari. Po ostatniej kolejce siatkarki KS<\/p>\n","protected":false},"author":15,"featured_media":94230,"comment_status":"closed","ping_status":"open","sticky":false,"template":"","format":"standard","meta":{"_monsterinsights_skip_tracking":false,"_monsterinsights_sitenote_active":false,"_monsterinsights_sitenote_note":"","_monsterinsights_sitenote_category":0,"_uf_show_specific_survey":0,"_uf_disable_surveys":false,"footnotes":""},"categories":[5,8],"tags":[],"class_list":["post-97470","post","type-post","status-publish","format-standard","has-post-thumbnail","hentry","category-sport","category-siatkowka"],"_links":{"self":[{"href":"https:\/\/gazetaregionalna.com\/index.php?rest_route=\/wp\/v2\/posts\/97470","targetHints":{"allow":["GET"]}}],"collection":[{"href":"https:\/\/gazetaregionalna.com\/index.php?rest_route=\/wp\/v2\/posts"}],"about":[{"href":"https:\/\/gazetaregionalna.com\/index.php?rest_route=\/wp\/v2\/types\/post"}],"author":[{"embeddable":true,"href":"https:\/\/gazetaregionalna.com\/index.php?rest_route=\/wp\/v2\/users\/15"}],"replies":[{"embeddable":true,"href":"https:\/\/gazetaregionalna.com\/index.php?rest_route=%2Fwp%2Fv2%2Fcomments&post=97470"}],"version-history":[{"count":1,"href":"https:\/\/gazetaregionalna.com\/index.php?rest_route=\/wp\/v2\/posts\/97470\/revisions"}],"predecessor-version":[{"id":97471,"href":"https:\/\/gazetaregionalna.com\/index.php?rest_route=\/wp\/v2\/posts\/97470\/revisions\/97471"}],"wp:featuredmedia":[{"embeddable":true,"href":"https:\/\/gazetaregionalna.com\/index.php?rest_route=\/wp\/v2\/media\/94230"}],"wp:attachment":[{"href":"https:\/\/gazetaregionalna.com\/index.php?rest_route=%2Fwp%2Fv2%2Fmedia&parent=97470"}],"wp:term":[{"taxonomy":"category","embeddable":true,"href":"https:\/\/gazetaregionalna.com\/index.php?rest_route=%2Fwp%2Fv2%2Fcategories&post=97470"},{"taxonomy":"post_tag","embeddable":true,"href":"https:\/\/gazetaregionalna.com\/index.php?rest_route=%2Fwp%2Fv2%2Ftags&post=97470"}],"curies":[{"name":"wp","href":"https:\/\/api.w.org\/{rel}","templated":true}]}}