{"id":96991,"date":"2022-11-22T12:24:59","date_gmt":"2022-11-22T12:24:59","guid":{"rendered":"https:\/\/gazetaregionalna.com\/?p=96991"},"modified":"2022-11-22T12:25:00","modified_gmt":"2022-11-22T12:25:00","slug":"zst-otrzymal-nagrode-za-innowacyjnosc-w-nauczaniu","status":"publish","type":"post","link":"https:\/\/gazetaregionalna.com\/?p=96991","title":{"rendered":"Cz\u0119stochowski ZST otrzyma\u0142 nagrod\u0119 za innowacyjno\u015b\u0107 w nauczaniu"},"content":{"rendered":"\n<h4 class=\"wp-block-heading\"><strong>Zesp\u00f3\u0142 Szk\u00f3\u0142 Technicznych otrzyma\u0142 nagrod\u0119 za innowacyjno\u015b\u0107 w nauczaniu, nadan\u0105 przez Komisj\u0119 Europejsk\u0105.<\/strong> <strong>To ogromne wyr\u00f3\u017cnienie dla cz\u0119stochowskiej plac\u00f3wki.<\/strong><\/h4>\n\n\n\n<p>Europejska nagroda Eita jest nadawana za wyr\u00f3\u017cniaj\u0105ce si\u0119 praktyki dydaktyczne, opracowane w ramach programu Erasmus+. Nagrody przyznawane s\u0105 wyj\u0105tkowym projektom, realizowanym w obszarach edukacji szkolnej oraz kszta\u0142cenia i szkole\u0144 zawodowych w czterech kategoriach (edukacja wczesnoszkolna, szko\u0142y podstawowe, szko\u0142y ponadpodstawowe, szko\u0142y bran\u017cowe i techniczne).<\/p>\n\n\n\n<p><a href=\"https:\/\/zst.czest.pl\/\" target=\"_blank\" rel=\"noopener\">Zesp\u00f3\u0142 Szk\u00f3\u0142 Technicznych<\/a> otrzyma\u0142 nagrod\u0119 w kategorii szko\u0142y bran\u017cowe i techniczne za projekt ,,Europejscy zawodowcy\u2019\u2019 realizowany w latach 2017-2019. Plac\u00f3wka zosta\u0142a wyr\u00f3\u017cniona jako jedyna szko\u0142a techniczna w Polsce i znalaz\u0142a si\u0119 w\u015br\u00f3d 25 laureat\u00f3w w Europie w swojej kategorii.<\/p>\n\n\n\n<p>Wr\u0119czenie nagr\u00f3d odby\u0142o si\u0119 27 pa\u017adziernika, podczas uroczystej gali na Uniwersytecie Warszawskim, w ramach V Kongresu Edukacji. W imieniu Zespo\u0142u Szk\u00f3\u0142 Technicznych nagrod\u0119 odebra\u0142a koordynator projektu Aleksandra Barasi\u0144ska. Kilka dni wcze\u015bniej mia\u0142a miejsce konferencja podsumowuj\u0105ca konkurs, kt\u00f3ra odby\u0142a si\u0119 w Brukseli. Szko\u0142\u0119 reprezentowa\u0142a wicedyrektor Agnieszka Tomaszewska.<\/p>\n\n\n\n<p>LN\/UM Cz\u0119stochowy<\/p>\n","protected":false},"excerpt":{"rendered":"<p>Zesp\u00f3\u0142 Szk\u00f3\u0142 Technicznych otrzyma\u0142 nagrod\u0119 za innowacyjno\u015b\u0107 w nauczaniu, nadan\u0105 przez Komisj\u0119 Europejsk\u0105. To ogromne wyr\u00f3\u017cnienie dla cz\u0119stochowskiej plac\u00f3wki. Europejska nagroda Eita jest nadawana<\/p>\n","protected":false},"author":26,"featured_media":96992,"comment_status":"closed","ping_status":"open","sticky":false,"template":"","format":"standard","meta":{"_monsterinsights_skip_tracking":false,"_monsterinsights_sitenote_active":false,"_monsterinsights_sitenote_note":"","_monsterinsights_sitenote_category":0,"_uf_show_specific_survey":0,"_uf_disable_surveys":false,"footnotes":""},"categories":[3,2],"tags":[6954,6952,4682,3950,6953,6951,3674],"class_list":["post-96991","post","type-post","status-publish","format-standard","has-post-thumbnail","hentry","category-czestochowa-informacje","category-wiadomosci","tag-erasmus-2","tag-innowacyjnosc-w-nauczaniu","tag-komisja-europejska","tag-nagroda","tag-nagroda-eita","tag-zespol-szkol-technicznych-2","tag-zst"],"_links":{"self":[{"href":"https:\/\/gazetaregionalna.com\/index.php?rest_route=\/wp\/v2\/posts\/96991","targetHints":{"allow":["GET"]}}],"collection":[{"href":"https:\/\/gazetaregionalna.com\/index.php?rest_route=\/wp\/v2\/posts"}],"about":[{"href":"https:\/\/gazetaregionalna.com\/index.php?rest_route=\/wp\/v2\/types\/post"}],"author":[{"embeddable":true,"href":"https:\/\/gazetaregionalna.com\/index.php?rest_route=\/wp\/v2\/users\/26"}],"replies":[{"embeddable":true,"href":"https:\/\/gazetaregionalna.com\/index.php?rest_route=%2Fwp%2Fv2%2Fcomments&post=96991"}],"version-history":[{"count":1,"href":"https:\/\/gazetaregionalna.com\/index.php?rest_route=\/wp\/v2\/posts\/96991\/revisions"}],"predecessor-version":[{"id":96993,"href":"https:\/\/gazetaregionalna.com\/index.php?rest_route=\/wp\/v2\/posts\/96991\/revisions\/96993"}],"wp:featuredmedia":[{"embeddable":true,"href":"https:\/\/gazetaregionalna.com\/index.php?rest_route=\/wp\/v2\/media\/96992"}],"wp:attachment":[{"href":"https:\/\/gazetaregionalna.com\/index.php?rest_route=%2Fwp%2Fv2%2Fmedia&parent=96991"}],"wp:term":[{"taxonomy":"category","embeddable":true,"href":"https:\/\/gazetaregionalna.com\/index.php?rest_route=%2Fwp%2Fv2%2Fcategories&post=96991"},{"taxonomy":"post_tag","embeddable":true,"href":"https:\/\/gazetaregionalna.com\/index.php?rest_route=%2Fwp%2Fv2%2Ftags&post=96991"}],"curies":[{"name":"wp","href":"https:\/\/api.w.org\/{rel}","templated":true}]}}