{"id":96968,"date":"2022-11-21T16:06:34","date_gmt":"2022-11-21T16:06:34","guid":{"rendered":"https:\/\/gazetaregionalna.com\/?p=96968"},"modified":"2022-11-21T16:06:38","modified_gmt":"2022-11-21T16:06:38","slug":"pilkarze-rakowa-poznali-rywala-w-cwiercfinale-pucharu-polski","status":"publish","type":"post","link":"https:\/\/gazetaregionalna.com\/?p=96968","title":{"rendered":"Pi\u0142karze Rakowa poznali rywala w \u0107wier\u0107finale Pucharu Polski"},"content":{"rendered":"\n<p>Pi\u0142karze Rakowa w 1\/4 Fortuna Puchar Polski zmierz\u0105 si\u0119 w Lublinie z Motorem, kt\u00f3rego trenerem jest by\u0142y asystent trenera Marka Papszuna Goncalo Feio.<\/p>\n\n\n\n<p>W Katarze rozlosowano pary \u0107wier\u0107fina\u0142owe Fortuna Puchar Polski. Obro\u0144ca tytu\u0142u i lider PKO BP Ekstraklasy Rakowa Cz\u0119stochowa trafi\u0142 na 2-ligowy Motor Lublin. Walk\u0119 o awans do p\u00f3\u0142fina\u0142\u00f3w PP dru\u017cyny rozpoczn\u0105 dopiero w marcu.<\/p>\n\n\n\n<p>W pozosta\u0142ych trzech parach \u0107wier\u0107fina\u0142u zagraj\u0105\u201d Lechia Zielona G\u00f3ra \u2013 Legia warszawa, KKS 1925 Kalisz \u2013 \u015al\u0105sk Wroc\u0142aw i Pogo\u0144 Siedlce \u2013 G\u00f3rnik \u0141\u0119czna.<\/p>\n\n\n\n<p>Co ciekawe, pierwszym trenerem Motoru Lublin jest Goncalo Feio, kt\u00f3ry pracowa\u0142 w Rakowie i by\u0142 asystentem trenera Marka Papszuna.<\/p>\n\n\n\n<p>Lublin dobrze kojarzy si\u0119 pi\u0142karzom i kibicom Rakowa. To w\u0142a\u015bnie na stadionie w Lublinie w 2021 roku Rak\u00f3w wywalczy\u0142 sw\u00f3j pierwszy Puchar Polski.<\/p>\n\n\n\n<p>AK, fot: AK<\/p>\n\n\n\n<figure class=\"wp-block-image size-large\"><img decoding=\"async\" width=\"1024\" height=\"560\" data-src=\"https:\/\/gazetaregionalna.com\/wp-content\/uploads\/2021\/05\/Rakow-Arka-63-1024x560.jpg\" alt=\"\" class=\"wp-image-40239 lazyload\" data-srcset=\"https:\/\/gazetaregionalna.com\/wp-content\/uploads\/2021\/05\/Rakow-Arka-63-1024x560.jpg 1024w, https:\/\/gazetaregionalna.com\/wp-content\/uploads\/2021\/05\/Rakow-Arka-63-300x164.jpg 300w, https:\/\/gazetaregionalna.com\/wp-content\/uploads\/2021\/05\/Rakow-Arka-63-768x420.jpg 768w, https:\/\/gazetaregionalna.com\/wp-content\/uploads\/2021\/05\/Rakow-Arka-63-1536x840.jpg 1536w, https:\/\/gazetaregionalna.com\/wp-content\/uploads\/2021\/05\/Rakow-Arka-63-2048x1120.jpg 2048w, https:\/\/gazetaregionalna.com\/wp-content\/uploads\/2021\/05\/Rakow-Arka-63-696x381.jpg 696w, https:\/\/gazetaregionalna.com\/wp-content\/uploads\/2021\/05\/Rakow-Arka-63-1068x584.jpg 1068w, https:\/\/gazetaregionalna.com\/wp-content\/uploads\/2021\/05\/Rakow-Arka-63-1920x1050.jpg 1920w, https:\/\/gazetaregionalna.com\/wp-content\/uploads\/2021\/05\/Rakow-Arka-63-scaled.jpg 1200w\" data-sizes=\"(max-width: 1024px) 100vw, 1024px\" src=\"data:image\/svg+xml;base64,PHN2ZyB3aWR0aD0iMSIgaGVpZ2h0PSIxIiB4bWxucz0iaHR0cDovL3d3dy53My5vcmcvMjAwMC9zdmciPjwvc3ZnPg==\" style=\"--smush-placeholder-width: 1024px; --smush-placeholder-aspect-ratio: 1024\/560;\" \/><\/figure>\n\n\n\n<figure class=\"wp-block-image size-large\"><img decoding=\"async\" width=\"300\" height=\"250\" data-src=\"https:\/\/gazetaregionalna.com\/wp-content\/uploads\/2022\/04\/DMK-9.jpg\" alt=\"\" class=\"wp-image-77216 lazyload\" src=\"data:image\/svg+xml;base64,PHN2ZyB3aWR0aD0iMSIgaGVpZ2h0PSIxIiB4bWxucz0iaHR0cDovL3d3dy53My5vcmcvMjAwMC9zdmciPjwvc3ZnPg==\" style=\"--smush-placeholder-width: 300px; --smush-placeholder-aspect-ratio: 300\/250;\"><\/figure>\n","protected":false},"excerpt":{"rendered":"<p>Pi\u0142karze Rakowa w 1\/4 Fortuna Puchar Polski zmierz\u0105 si\u0119 w Lublinie z Motorem, kt\u00f3rego trenerem jest by\u0142y asystent trenera Marka Papszuna Goncalo Feio. W<\/p>\n","protected":false},"author":15,"featured_media":40239,"comment_status":"closed","ping_status":"open","sticky":false,"template":"","format":"standard","meta":{"_monsterinsights_skip_tracking":false,"_monsterinsights_sitenote_active":false,"_monsterinsights_sitenote_note":"","_monsterinsights_sitenote_category":0,"_uf_show_specific_survey":0,"_uf_disable_surveys":false,"footnotes":""},"categories":[5,6],"tags":[],"class_list":["post-96968","post","type-post","status-publish","format-standard","has-post-thumbnail","hentry","category-sport","category-pilka-nozna"],"_links":{"self":[{"href":"https:\/\/gazetaregionalna.com\/index.php?rest_route=\/wp\/v2\/posts\/96968","targetHints":{"allow":["GET"]}}],"collection":[{"href":"https:\/\/gazetaregionalna.com\/index.php?rest_route=\/wp\/v2\/posts"}],"about":[{"href":"https:\/\/gazetaregionalna.com\/index.php?rest_route=\/wp\/v2\/types\/post"}],"author":[{"embeddable":true,"href":"https:\/\/gazetaregionalna.com\/index.php?rest_route=\/wp\/v2\/users\/15"}],"replies":[{"embeddable":true,"href":"https:\/\/gazetaregionalna.com\/index.php?rest_route=%2Fwp%2Fv2%2Fcomments&post=96968"}],"version-history":[{"count":1,"href":"https:\/\/gazetaregionalna.com\/index.php?rest_route=\/wp\/v2\/posts\/96968\/revisions"}],"predecessor-version":[{"id":96969,"href":"https:\/\/gazetaregionalna.com\/index.php?rest_route=\/wp\/v2\/posts\/96968\/revisions\/96969"}],"wp:featuredmedia":[{"embeddable":true,"href":"https:\/\/gazetaregionalna.com\/index.php?rest_route=\/wp\/v2\/media\/40239"}],"wp:attachment":[{"href":"https:\/\/gazetaregionalna.com\/index.php?rest_route=%2Fwp%2Fv2%2Fmedia&parent=96968"}],"wp:term":[{"taxonomy":"category","embeddable":true,"href":"https:\/\/gazetaregionalna.com\/index.php?rest_route=%2Fwp%2Fv2%2Fcategories&post=96968"},{"taxonomy":"post_tag","embeddable":true,"href":"https:\/\/gazetaregionalna.com\/index.php?rest_route=%2Fwp%2Fv2%2Ftags&post=96968"}],"curies":[{"name":"wp","href":"https:\/\/api.w.org\/{rel}","templated":true}]}}