{"id":96953,"date":"2022-11-21T10:32:35","date_gmt":"2022-11-21T10:32:35","guid":{"rendered":"https:\/\/gazetaregionalna.com\/?p=96953"},"modified":"2022-11-21T10:40:34","modified_gmt":"2022-11-21T10:40:34","slug":"sedzia-anna-maria-wesolowska","status":"publish","type":"post","link":"https:\/\/gazetaregionalna.com\/?p=96953","title":{"rendered":"S\u0119dzia Anna Maria Weso\u0142owska z wizyt\u0105 w Myszkowie"},"content":{"rendered":"\n<h4 class=\"wp-block-heading\"><strong>S\u0119dzia Anna Maria Weso\u0142owska spotka\u0142a si\u0119 z myszkowsk\u0105 m\u0142odzie\u017c\u0105. Wydarzenie odby\u0142o si\u0119 w ramach prowadzonej przez myszkowskich policjant\u00f3w szeroko rozumianej profilaktyki spo\u0142ecznej.<\/strong><\/h4>\n\n\n\n<p>S\u0119dzia Anna Maria Weso\u0142owska spotka\u0142a si\u0119 z m\u0142odzie\u017c\u0105, licz\u0105c\u0105 kilkuset uczni\u00f3w z powiatu myszkowskiego. By\u0142o to spotkanie, kt\u00f3re mia\u0142o na celu u\u015bwiadomienie m\u0142odym ludziom czym jest odpowiedzialno\u015b\u0107 prawna.<\/p>\n\n\n\n<p>S\u0119dzia w roli eksperta u\u015bwiadamia\u0142a te\u017c o zagro\u017ceniach zwi\u0105zanych z za\u017cywaniem narkotyk\u00f3w, dopalaczy oraz innych \u015brodk\u00f3w psychoaktywnych. Opr\u00f3cz myszkowskich policjant\u00f3w w spotkaniu uczestniczyli r\u00f3wnie\u017c policjanci z Wydzia\u0142u Prewencji Komendy Wojew\u00f3dzkiej Policji z Katowic.<\/p>\n\n\n\n<p>Podczas prelekcji nie zabrak\u0142o r\u00f3wnie\u017c informacji dotycz\u0105cych konsekwencji zar\u00f3wno zdrowotnych i spo\u0142ecznych ale i prawnych zwi\u0105zanych z tymi substancjami. Godzinny wyk\u0142ad s\u0119dzi cieszy\u0142 si\u0119 ogromnym zainteresowaniem.<\/p>\n\n\n\n<p>S\u0119dzia, podaj\u0105c rzeczywiste przyk\u0142ady, dotycz\u0105ce rozpatrywanych przez ni\u0105 spraw na sali s\u0105dowej, u\u015bwiadamia\u0142a m\u0142odzie\u017c, \u017ce narkotyki, dopalacze i inne \u015brodki psychoaktywne to powa\u017cne zagro\u017cenie dla zdrowia i \u017cycia.<\/p>\n\n\n\n<p>W trakcie spotkania om\u00f3wi\u0142a r\u00f3wnie\u017c odpowiedzialno\u015b\u0107 prawn\u0105 nieletnich. Nie zabrak\u0142o bardzo cennych informacji dotycz\u0105cych zagro\u017ce\u0144 jakie niesie ze sob\u0105 internet. Weso\u0142owska du\u017c\u0105 uwag\u0119 skupi\u0142a na tzw. hejcie. Przestrzega\u0142a m\u0142odzie\u017c przed tego typu zachowaniami i uwra\u017cliwia\u0142a m\u0142odych ludzi, \u017ce po drugiej stronie zawsze jest cz\u0142owiek.<\/p>\n\n\n\n<figure class=\"wp-block-image size-large\"><img decoding=\"async\" width=\"1024\" height=\"462\" data-src=\"https:\/\/gazetaregionalna.com\/wp-content\/uploads\/2022\/11\/52-734809-1024x462.jpg\" alt=\"s\u0119dzia Anna Maria Weso\u0142owska\" class=\"wp-image-96954 lazyload\" data-srcset=\"https:\/\/gazetaregionalna.com\/wp-content\/uploads\/2022\/11\/52-734809-1024x462.jpg 1024w, https:\/\/gazetaregionalna.com\/wp-content\/uploads\/2022\/11\/52-734809-300x135.jpg 300w, https:\/\/gazetaregionalna.com\/wp-content\/uploads\/2022\/11\/52-734809-768x346.jpg 768w, https:\/\/gazetaregionalna.com\/wp-content\/uploads\/2022\/11\/52-734809-696x314.jpg 696w, https:\/\/gazetaregionalna.com\/wp-content\/uploads\/2022\/11\/52-734809-1068x481.jpg 1068w, https:\/\/gazetaregionalna.com\/wp-content\/uploads\/2022\/11\/52-734809-932x420.jpg 932w, https:\/\/gazetaregionalna.com\/wp-content\/uploads\/2022\/11\/52-734809.jpg 1200w\" data-sizes=\"(max-width: 1024px) 100vw, 1024px\" src=\"data:image\/svg+xml;base64,PHN2ZyB3aWR0aD0iMSIgaGVpZ2h0PSIxIiB4bWxucz0iaHR0cDovL3d3dy53My5vcmcvMjAwMC9zdmciPjwvc3ZnPg==\" style=\"--smush-placeholder-width: 1024px; --smush-placeholder-aspect-ratio: 1024\/462;\" \/><figcaption>\u017ar\u00f3d\u0142o: KMP Myszk\u00f3w<\/figcaption><\/figure>\n\n\n\n<p>LN\/KMP Myszk\u00f3w<\/p>\n","protected":false},"excerpt":{"rendered":"<p>S\u0119dzia Anna Maria Weso\u0142owska spotka\u0142a si\u0119 z myszkowsk\u0105 m\u0142odzie\u017c\u0105. Wydarzenie odby\u0142o si\u0119 w ramach prowadzonej przez myszkowskich policjant\u00f3w szeroko rozumianej profilaktyki spo\u0142ecznej. S\u0119dzia Anna<\/p>\n","protected":false},"author":26,"featured_media":96955,"comment_status":"closed","ping_status":"open","sticky":false,"template":"","format":"standard","meta":{"_monsterinsights_skip_tracking":false,"_monsterinsights_sitenote_active":false,"_monsterinsights_sitenote_note":"","_monsterinsights_sitenote_category":0,"_uf_show_specific_survey":0,"_uf_disable_surveys":false,"footnotes":""},"categories":[44,26,94,2],"tags":[4604,6943,3556,6945,818,6944,6942],"class_list":["post-96953","post","type-post","status-publish","format-standard","has-post-thumbnail","hentry","category-bezpieczenstwo","category-myszkow","category-polecane","category-wiadomosci","tag-kmp-myszkow","tag-myszkowscy-policjanci","tag-mlodziez","tag-odpowiedzialnosc-prawna","tag-powiat-myszkowski","tag-profilaktyka-spoleczna","tag-sedzia-anna-maria-wesolowska"],"_links":{"self":[{"href":"https:\/\/gazetaregionalna.com\/index.php?rest_route=\/wp\/v2\/posts\/96953","targetHints":{"allow":["GET"]}}],"collection":[{"href":"https:\/\/gazetaregionalna.com\/index.php?rest_route=\/wp\/v2\/posts"}],"about":[{"href":"https:\/\/gazetaregionalna.com\/index.php?rest_route=\/wp\/v2\/types\/post"}],"author":[{"embeddable":true,"href":"https:\/\/gazetaregionalna.com\/index.php?rest_route=\/wp\/v2\/users\/26"}],"replies":[{"embeddable":true,"href":"https:\/\/gazetaregionalna.com\/index.php?rest_route=%2Fwp%2Fv2%2Fcomments&post=96953"}],"version-history":[{"count":1,"href":"https:\/\/gazetaregionalna.com\/index.php?rest_route=\/wp\/v2\/posts\/96953\/revisions"}],"predecessor-version":[{"id":96956,"href":"https:\/\/gazetaregionalna.com\/index.php?rest_route=\/wp\/v2\/posts\/96953\/revisions\/96956"}],"wp:featuredmedia":[{"embeddable":true,"href":"https:\/\/gazetaregionalna.com\/index.php?rest_route=\/wp\/v2\/media\/96955"}],"wp:attachment":[{"href":"https:\/\/gazetaregionalna.com\/index.php?rest_route=%2Fwp%2Fv2%2Fmedia&parent=96953"}],"wp:term":[{"taxonomy":"category","embeddable":true,"href":"https:\/\/gazetaregionalna.com\/index.php?rest_route=%2Fwp%2Fv2%2Fcategories&post=96953"},{"taxonomy":"post_tag","embeddable":true,"href":"https:\/\/gazetaregionalna.com\/index.php?rest_route=%2Fwp%2Fv2%2Ftags&post=96953"}],"curies":[{"name":"wp","href":"https:\/\/api.w.org\/{rel}","templated":true}]}}