{"id":96900,"date":"2022-11-19T13:16:25","date_gmt":"2022-11-19T13:16:25","guid":{"rendered":"https:\/\/gazetaregionalna.com\/?p=96900"},"modified":"2022-11-19T13:16:25","modified_gmt":"2022-11-19T13:16:25","slug":"pomaranczowa-trasa-kult-spodek","status":"publish","type":"post","link":"https:\/\/gazetaregionalna.com\/?p=96900","title":{"rendered":"&#8222;Pomara\u0144czowa trasa 2022&#8221; Kultu. Przed nami koncert w katowickim Spodku"},"content":{"rendered":"\n<h2 class=\"wp-block-heading\">Trwa &#8222;Pomara\u0144czowa trasa 2022&#8221;. Na jej mapie nie mog\u0142o zabrakn\u0105\u0107 Katowic i Spodka. Kult zagra tam ju\u017c w sobot\u0119, 26 listopada.<\/h2>\n\n\n\n<p>Jesienna &#8222;Pomara\u0144czowa trasa&#8221; koncertowa nierozerwalnie \u0142\u0105czy si\u0119 z histori\u0105 zespo\u0142u Kult. Przypomnijmy, \u017ce podobnie jak T.Love, tak i zesp\u00f3\u0142 Kazika Staszewskiego, fetuje w tym roku swoje 40-lecie. <\/p>\n\n\n\n<p>Prowokacyjne teksty dosadnie punktuj\u0105ce rzeczywisto\u015b\u0107, charakterystyczne brzmienie, sceniczna zadziorno\u015b\u0107\u2026 to wszystko sprawia, \u017ce muzyczny przekaz doceniaj\u0105 kolejne pokolenia. Ich szacunek wzbudzi\u0142a r\u00f3wnie\u017c \u201cOstatnia p\u0142yta\u201d, kt\u00f3r\u0105 S.P. Records wyda\u0142o w maju 2021 r. Pierwszy od blisko pi\u0119ciu lat studyjny kr\u0105\u017cek Kultu pokry\u0142 si\u0119 z\u0142otem. Premierowe piosenki (takie jak np. \u201cWiara\u201d, \u201cPrawo si\u0119 wali\u201d, \u201cZiemia obiecana\u201d czy \u201cZulus Czaka czeka na Bura\u201d) przeplatane s\u0105 fragmentami pami\u0119tnika, kt\u00f3ry Kazik Staszewski pisa\u0142 w 1979 r., czyli w czasach formowania si\u0119  zespo\u0142u Poland (na bazie kt\u00f3rego narodzi\u0142 si\u0119 Kult).<\/p>\n\n\n\n<figure class=\"wp-block-image size-large\"><img decoding=\"async\" width=\"1024\" height=\"683\" data-src=\"https:\/\/gazetaregionalna.com\/wp-content\/uploads\/2022\/01\/Kult2-1024x683.jpg\" alt=\"\" class=\"wp-image-70477 lazyload\" data-srcset=\"https:\/\/gazetaregionalna.com\/wp-content\/uploads\/2022\/01\/Kult2-1024x683.jpg 1024w, https:\/\/gazetaregionalna.com\/wp-content\/uploads\/2022\/01\/Kult2-300x200.jpg 300w, https:\/\/gazetaregionalna.com\/wp-content\/uploads\/2022\/01\/Kult2-768x512.jpg 768w, https:\/\/gazetaregionalna.com\/wp-content\/uploads\/2022\/01\/Kult2-1536x1025.jpg 1536w, https:\/\/gazetaregionalna.com\/wp-content\/uploads\/2022\/01\/Kult2-2048x1367.jpg 2048w, https:\/\/gazetaregionalna.com\/wp-content\/uploads\/2022\/01\/Kult2-696x464.jpg 696w, https:\/\/gazetaregionalna.com\/wp-content\/uploads\/2022\/01\/Kult2-1068x713.jpg 1068w, https:\/\/gazetaregionalna.com\/wp-content\/uploads\/2022\/01\/Kult2-1920x1281.jpg 1920w, https:\/\/gazetaregionalna.com\/wp-content\/uploads\/2022\/01\/Kult2-629x420.jpg 629w, https:\/\/gazetaregionalna.com\/wp-content\/uploads\/2022\/01\/Kult2-scaled.jpg 1600w\" data-sizes=\"(max-width: 1024px) 100vw, 1024px\" src=\"data:image\/svg+xml;base64,PHN2ZyB3aWR0aD0iMSIgaGVpZ2h0PSIxIiB4bWxucz0iaHR0cDovL3d3dy53My5vcmcvMjAwMC9zdmciPjwvc3ZnPg==\" style=\"--smush-placeholder-width: 1024px; --smush-placeholder-aspect-ratio: 1024\/683;\" \/><figcaption>Koncert zespo\u0142u Kult na Festiwalu Czochraj Bobra 2021 (fot. Robert Jod\u0142owski)<\/figcaption><\/figure>\n\n\n\n<p>Obecny sk\u0142ad tworz\u0105: Kazik Staszewski (wokal), Wojciech Jab\u0142o\u0144ski (gitara), Piotr Morawiec (gitara), Ireneusz Were\u0144ski (bas), Tomasz Goehs (perkusja), Janusz Zdunek (tr\u0105bka), Jaros\u0142aw Wa\u017cny (puzon), Mariusz Godzina (saksofony) oraz Konrad Wantrych (klawisze). Ostatni dwaj z wymienionych do\u0142\u0105czyli do Kultu w 2020 r.<\/p>\n\n\n\n<p>I w\u0142a\u015bnie w takiej ekipie muzycy wyruszyli w tegoroczn\u0105 &#8222;Pomara\u0144czow\u0105 tras\u0119&#8221;. Rozpocz\u0119\u0142a si\u0119 ona pod koniec wrze\u015bnia koncertem w Oslo. Potem zesp\u00f3\u0142 wyst\u0105pi\u0142 m.in. w Londynie, Dublinie, Wroc\u0142awiu, Krakowie i czterokrotnie w warszawskiej Stodole.<\/p>\n\n\n\n<figure class=\"wp-block-image size-large\"><img decoding=\"async\" width=\"576\" height=\"1024\" data-src=\"https:\/\/gazetaregionalna.com\/wp-content\/uploads\/2022\/10\/Kult_Spodek-576x1024.png\" alt=\"\" class=\"wp-image-95573 lazyload\" data-srcset=\"https:\/\/gazetaregionalna.com\/wp-content\/uploads\/2022\/10\/Kult_Spodek-576x1024.png 576w, https:\/\/gazetaregionalna.com\/wp-content\/uploads\/2022\/10\/Kult_Spodek-169x300.png 169w, https:\/\/gazetaregionalna.com\/wp-content\/uploads\/2022\/10\/Kult_Spodek-768x1365.png 768w, https:\/\/gazetaregionalna.com\/wp-content\/uploads\/2022\/10\/Kult_Spodek-864x1536.png 864w, https:\/\/gazetaregionalna.com\/wp-content\/uploads\/2022\/10\/Kult_Spodek-696x1237.png 696w, https:\/\/gazetaregionalna.com\/wp-content\/uploads\/2022\/10\/Kult_Spodek-1068x1899.png 1068w, https:\/\/gazetaregionalna.com\/wp-content\/uploads\/2022\/10\/Kult_Spodek-236x420.png 236w, https:\/\/gazetaregionalna.com\/wp-content\/uploads\/2022\/10\/Kult_Spodek.png 900w\" data-sizes=\"(max-width: 576px) 100vw, 576px\" src=\"data:image\/svg+xml;base64,PHN2ZyB3aWR0aD0iMSIgaGVpZ2h0PSIxIiB4bWxucz0iaHR0cDovL3d3dy53My5vcmcvMjAwMC9zdmciPjwvc3ZnPg==\" style=\"--smush-placeholder-width: 576px; --smush-placeholder-aspect-ratio: 576\/1024;\" \/><figcaption>&#8222;Pomara\u0144czowa trasa 2022&#8221;<\/figcaption><\/figure>\n\n\n\n<p>Planowo trasa mia\u0142a zako\u0144czy\u0107 si\u0119 26 listopada tradycyjnym koncertem w katowickim Spodku (informowali\u015bmy o tym <a href=\"https:\/\/gazetaregionalna.com\/kult-wyruszyl-w-pomaranczowa-trase-2022\/\">TUTAJ<\/a>). Jednak z przyczyn zdrowotnych dwa terminy musia\u0142y ulec zmianie, st\u0105d Kult 16 grudnia zagra w Zielonej G\u00f3rze, a dzie\u0144 p\u00f3\u017aniej &#8211; w Koszalinie. <\/p>\n\n\n\n<p>Wracaj\u0105c do Spodka, czyli miejsca, do kt\u00f3rego co roku pod\u0105\u017caj\u0105 mieszka\u0144cy Cz\u0119stochowy i regionu. Koncert rozpocznie si\u0119 o godz. 19. Otwarcie bramek zaplanowano od godz. 17.30. Bilety kosztuj\u0105 od 100 do 130 z\u0142. Mo\u017cna je kupi\u0107 za po\u015brednictwem: <a href=\"https:\/\/ticketclub.pl\/koncerty\/kult-trasa-pomaranczowa-2022-hala-spodek-katowice-katowice-1984\/?fbclid=IwAR2fC0JnNbqNT_toZY1CUrhJoRgbRbmeHciULXlGGCyKYf_56Ll4CsHzSg8\" target=\"_blank\" rel=\"noreferrer noopener\">ticketclub.pl<\/a> oraz <a href=\"https:\/\/ticketclub.pl\/koncerty\/kult-trasa-pomaranczowa-2022-hala-spodek-katowice-katowice-1984\/\" target=\"_blank\" rel=\"noreferrer noopener\"><strong>www.stodola.pl<\/strong><\/a>. <\/p>\n\n\n\n<p>Organizatorem trasy jest <a href=\"https:\/\/www.facebook.com\/klub.stodola\" target=\"_blank\" rel=\"noreferrer noopener\">klub Stodo\u0142a<\/a>.<\/p>\n\n\n\n<p><strong>ZS<\/strong><\/p>\n\n\n\n<p><strong><a href=\"https:\/\/gazetaregionalna.com\/kult-akustik-galeria-zdjec\/\">Czytaj tak\u017ce: Kult Akustik. Tego koncertu Cz\u0119stochowa nie zapomni: 39 piosenek i blisko trzy godziny grania [GALERIA ZDJ\u0118\u0106]<\/a><\/strong><\/p>\n","protected":false},"excerpt":{"rendered":"<p>Trwa &#8222;Pomara\u0144czowa trasa 2022&#8221;. Na jej mapie nie mog\u0142o zabrakn\u0105\u0107 Katowic i Spodka. Kult zagra tam ju\u017c w sobot\u0119, 26 listopada. Jesienna &#8222;Pomara\u0144czowa trasa&#8221;<\/p>\n","protected":false},"author":18,"featured_media":70479,"comment_status":"closed","ping_status":"open","sticky":false,"template":"","format":"standard","meta":{"_monsterinsights_skip_tracking":false,"_monsterinsights_sitenote_active":false,"_monsterinsights_sitenote_note":"","_monsterinsights_sitenote_category":0,"_uf_show_specific_survey":0,"_uf_disable_surveys":false,"footnotes":""},"categories":[12,2],"tags":[3387,1171,6747,3818],"class_list":["post-96900","post","type-post","status-publish","format-standard","has-post-thumbnail","hentry","category-kultura-i-rozrywka","category-wiadomosci","tag-katowice","tag-kult","tag-pomaranczowa-trasa","tag-spodek"],"_links":{"self":[{"href":"https:\/\/gazetaregionalna.com\/index.php?rest_route=\/wp\/v2\/posts\/96900","targetHints":{"allow":["GET"]}}],"collection":[{"href":"https:\/\/gazetaregionalna.com\/index.php?rest_route=\/wp\/v2\/posts"}],"about":[{"href":"https:\/\/gazetaregionalna.com\/index.php?rest_route=\/wp\/v2\/types\/post"}],"author":[{"embeddable":true,"href":"https:\/\/gazetaregionalna.com\/index.php?rest_route=\/wp\/v2\/users\/18"}],"replies":[{"embeddable":true,"href":"https:\/\/gazetaregionalna.com\/index.php?rest_route=%2Fwp%2Fv2%2Fcomments&post=96900"}],"version-history":[{"count":2,"href":"https:\/\/gazetaregionalna.com\/index.php?rest_route=\/wp\/v2\/posts\/96900\/revisions"}],"predecessor-version":[{"id":96902,"href":"https:\/\/gazetaregionalna.com\/index.php?rest_route=\/wp\/v2\/posts\/96900\/revisions\/96902"}],"wp:featuredmedia":[{"embeddable":true,"href":"https:\/\/gazetaregionalna.com\/index.php?rest_route=\/wp\/v2\/media\/70479"}],"wp:attachment":[{"href":"https:\/\/gazetaregionalna.com\/index.php?rest_route=%2Fwp%2Fv2%2Fmedia&parent=96900"}],"wp:term":[{"taxonomy":"category","embeddable":true,"href":"https:\/\/gazetaregionalna.com\/index.php?rest_route=%2Fwp%2Fv2%2Fcategories&post=96900"},{"taxonomy":"post_tag","embeddable":true,"href":"https:\/\/gazetaregionalna.com\/index.php?rest_route=%2Fwp%2Fv2%2Ftags&post=96900"}],"curies":[{"name":"wp","href":"https:\/\/api.w.org\/{rel}","templated":true}]}}