{"id":96686,"date":"2022-11-14T20:06:49","date_gmt":"2022-11-14T20:06:49","guid":{"rendered":"https:\/\/gazetaregionalna.com\/?p=96686"},"modified":"2022-11-14T20:06:50","modified_gmt":"2022-11-14T20:06:50","slug":"rakow-ma-miec-dwa-zimowe-zgrupowania-pierwsze-w-holandii-drugie-w-turcji","status":"publish","type":"post","link":"https:\/\/gazetaregionalna.com\/?p=96686","title":{"rendered":"Rak\u00f3w ma mie\u0107 dwa zimowe zgrupowania. Pierwsze w Holandii, drugie w Turcji"},"content":{"rendered":"\n<p>Pi\u0142karze Rakowa Cz\u0119stochowa podczas okresu przygotowawczego maj\u0105 przygotowywa\u0107 si\u0119 w Holandii i w Turcji.<\/p>\n\n\n\n<p>Pi\u0142karze Rakowa w miniony weekend rozegrali ostatni mecz rundy jesiennej. Cz\u0119stochowianie wygrali w Lubinie z Zag\u0142\u0119biem i zostali mistrzem p\u00f3\u0142metka w PKO BP Ekstraklasie. Rak\u00f3w po 17 kolejkach ma a\u017c 9 punkt\u00f3w przewagi nad wiceliderem Legi\u0105 Warszawa.<\/p>\n\n\n\n<p>Pi\u0142karze Rakowa najbli\u017csze tygodnie b\u0119d\u0105 mie\u0107 wolne. Z urlop\u00f3w wr\u00f3c\u0105 na pocz\u0105tku grudnia i udadz\u0105 si\u0119 na pierwsze zgrupowanie do Europy Zachodniej. Czerwono-niebiescy maj\u0105 przez kilka dni zamieszka\u0107 w Holandii i rozegra\u0107 sparingi z czo\u0142owymi zespo\u0142ami holenderskimi. By\u0107 mo\u017ce Rak\u00f3w rozegra te\u017c mecz kontrolny z kt\u00f3rym\u015b z belgijskich zespo\u0142\u00f3w&#8230; Wszystko jest w trakcie ustalania, klub nie ma jeszcze podpisanych um\u00f3w.<\/p>\n\n\n\n<p>Pewne jest te\u017c to, \u017ce po przerwie \u015bwi\u0105teczno-noworocznej pi\u0142karze Rakowa udadz\u0105 si\u0119 na drugie zgrupowanie do Turcji, gdzie b\u0119d\u0105 szlifowa\u0107 form\u0119 przed rozpocz\u0119ciem rundy wiosennej, kt\u00f3ra planowana jest na ostatni weekend stycznia 2023 roku.<\/p>\n\n\n\n<p>AK, fot: AK<\/p>\n\n\n\n<figure class=\"wp-block-image size-large\"><img decoding=\"async\" width=\"1024\" height=\"683\" data-src=\"https:\/\/gazetaregionalna.com\/wp-content\/uploads\/2022\/10\/Sosnowiec-Rakow-34-1024x683.jpg\" alt=\"\" class=\"wp-image-95169 lazyload\" data-srcset=\"https:\/\/gazetaregionalna.com\/wp-content\/uploads\/2022\/10\/Sosnowiec-Rakow-34-1024x683.jpg 1024w, https:\/\/gazetaregionalna.com\/wp-content\/uploads\/2022\/10\/Sosnowiec-Rakow-34-300x200.jpg 300w, https:\/\/gazetaregionalna.com\/wp-content\/uploads\/2022\/10\/Sosnowiec-Rakow-34-768x512.jpg 768w, https:\/\/gazetaregionalna.com\/wp-content\/uploads\/2022\/10\/Sosnowiec-Rakow-34-1536x1024.jpg 1536w, https:\/\/gazetaregionalna.com\/wp-content\/uploads\/2022\/10\/Sosnowiec-Rakow-34-2048x1365.jpg 2048w, https:\/\/gazetaregionalna.com\/wp-content\/uploads\/2022\/10\/Sosnowiec-Rakow-34-696x464.jpg 696w, https:\/\/gazetaregionalna.com\/wp-content\/uploads\/2022\/10\/Sosnowiec-Rakow-34-1068x712.jpg 1068w, https:\/\/gazetaregionalna.com\/wp-content\/uploads\/2022\/10\/Sosnowiec-Rakow-34-1920x1280.jpg 1920w, https:\/\/gazetaregionalna.com\/wp-content\/uploads\/2022\/10\/Sosnowiec-Rakow-34-630x420.jpg 630w, https:\/\/gazetaregionalna.com\/wp-content\/uploads\/2022\/10\/Sosnowiec-Rakow-34-scaled.jpg 1600w\" data-sizes=\"(max-width: 1024px) 100vw, 1024px\" src=\"data:image\/svg+xml;base64,PHN2ZyB3aWR0aD0iMSIgaGVpZ2h0PSIxIiB4bWxucz0iaHR0cDovL3d3dy53My5vcmcvMjAwMC9zdmciPjwvc3ZnPg==\" style=\"--smush-placeholder-width: 1024px; --smush-placeholder-aspect-ratio: 1024\/683;\" \/><\/figure>\n\n\n\n<figure class=\"wp-block-image size-large\"><img decoding=\"async\" width=\"1024\" height=\"683\" data-src=\"https:\/\/gazetaregionalna.com\/wp-content\/uploads\/2022\/10\/Sosnowiec-Rakow-38-1024x683.jpg\" alt=\"\" class=\"wp-image-95172 lazyload\" data-srcset=\"https:\/\/gazetaregionalna.com\/wp-content\/uploads\/2022\/10\/Sosnowiec-Rakow-38-1024x683.jpg 1024w, https:\/\/gazetaregionalna.com\/wp-content\/uploads\/2022\/10\/Sosnowiec-Rakow-38-300x200.jpg 300w, https:\/\/gazetaregionalna.com\/wp-content\/uploads\/2022\/10\/Sosnowiec-Rakow-38-768x512.jpg 768w, https:\/\/gazetaregionalna.com\/wp-content\/uploads\/2022\/10\/Sosnowiec-Rakow-38-1536x1024.jpg 1536w, https:\/\/gazetaregionalna.com\/wp-content\/uploads\/2022\/10\/Sosnowiec-Rakow-38-2048x1365.jpg 2048w, https:\/\/gazetaregionalna.com\/wp-content\/uploads\/2022\/10\/Sosnowiec-Rakow-38-696x464.jpg 696w, https:\/\/gazetaregionalna.com\/wp-content\/uploads\/2022\/10\/Sosnowiec-Rakow-38-1068x712.jpg 1068w, https:\/\/gazetaregionalna.com\/wp-content\/uploads\/2022\/10\/Sosnowiec-Rakow-38-1920x1280.jpg 1920w, https:\/\/gazetaregionalna.com\/wp-content\/uploads\/2022\/10\/Sosnowiec-Rakow-38-630x420.jpg 630w, https:\/\/gazetaregionalna.com\/wp-content\/uploads\/2022\/10\/Sosnowiec-Rakow-38-scaled.jpg 1600w\" data-sizes=\"(max-width: 1024px) 100vw, 1024px\" src=\"data:image\/svg+xml;base64,PHN2ZyB3aWR0aD0iMSIgaGVpZ2h0PSIxIiB4bWxucz0iaHR0cDovL3d3dy53My5vcmcvMjAwMC9zdmciPjwvc3ZnPg==\" style=\"--smush-placeholder-width: 1024px; --smush-placeholder-aspect-ratio: 1024\/683;\" \/><\/figure>\n\n\n\n<figure class=\"wp-block-image size-large\"><img decoding=\"async\" width=\"1024\" height=\"683\" data-src=\"https:\/\/gazetaregionalna.com\/wp-content\/uploads\/2022\/10\/Sosnowiec-Rakow-32-1024x683.jpg\" alt=\"\" class=\"wp-image-95168 lazyload\" data-srcset=\"https:\/\/gazetaregionalna.com\/wp-content\/uploads\/2022\/10\/Sosnowiec-Rakow-32-1024x683.jpg 1024w, https:\/\/gazetaregionalna.com\/wp-content\/uploads\/2022\/10\/Sosnowiec-Rakow-32-300x200.jpg 300w, https:\/\/gazetaregionalna.com\/wp-content\/uploads\/2022\/10\/Sosnowiec-Rakow-32-768x512.jpg 768w, https:\/\/gazetaregionalna.com\/wp-content\/uploads\/2022\/10\/Sosnowiec-Rakow-32-1536x1024.jpg 1536w, https:\/\/gazetaregionalna.com\/wp-content\/uploads\/2022\/10\/Sosnowiec-Rakow-32-2048x1366.jpg 2048w, https:\/\/gazetaregionalna.com\/wp-content\/uploads\/2022\/10\/Sosnowiec-Rakow-32-696x464.jpg 696w, https:\/\/gazetaregionalna.com\/wp-content\/uploads\/2022\/10\/Sosnowiec-Rakow-32-1068x712.jpg 1068w, https:\/\/gazetaregionalna.com\/wp-content\/uploads\/2022\/10\/Sosnowiec-Rakow-32-1920x1280.jpg 1920w, https:\/\/gazetaregionalna.com\/wp-content\/uploads\/2022\/10\/Sosnowiec-Rakow-32-630x420.jpg 630w, https:\/\/gazetaregionalna.com\/wp-content\/uploads\/2022\/10\/Sosnowiec-Rakow-32-scaled.jpg 1600w\" data-sizes=\"(max-width: 1024px) 100vw, 1024px\" src=\"data:image\/svg+xml;base64,PHN2ZyB3aWR0aD0iMSIgaGVpZ2h0PSIxIiB4bWxucz0iaHR0cDovL3d3dy53My5vcmcvMjAwMC9zdmciPjwvc3ZnPg==\" style=\"--smush-placeholder-width: 1024px; --smush-placeholder-aspect-ratio: 1024\/683;\" \/><\/figure>\n\n\n\n<figure class=\"wp-block-image size-large\"><img decoding=\"async\" width=\"300\" height=\"250\" data-src=\"https:\/\/gazetaregionalna.com\/wp-content\/uploads\/2022\/10\/DMK11.jpg\" alt=\"\" class=\"wp-image-95727 lazyload\" src=\"data:image\/svg+xml;base64,PHN2ZyB3aWR0aD0iMSIgaGVpZ2h0PSIxIiB4bWxucz0iaHR0cDovL3d3dy53My5vcmcvMjAwMC9zdmciPjwvc3ZnPg==\" style=\"--smush-placeholder-width: 300px; --smush-placeholder-aspect-ratio: 300\/250;\"><\/figure>\n","protected":false},"excerpt":{"rendered":"<p>Pi\u0142karze Rakowa Cz\u0119stochowa podczas okresu przygotowawczego maj\u0105 przygotowywa\u0107 si\u0119 w Holandii i w Turcji. Pi\u0142karze Rakowa w miniony weekend rozegrali ostatni mecz rundy jesiennej.<\/p>\n","protected":false},"author":15,"featured_media":95166,"comment_status":"closed","ping_status":"open","sticky":false,"template":"","format":"standard","meta":{"_monsterinsights_skip_tracking":false,"_monsterinsights_sitenote_active":false,"_monsterinsights_sitenote_note":"","_monsterinsights_sitenote_category":0,"_uf_show_specific_survey":0,"_uf_disable_surveys":false,"footnotes":""},"categories":[94,6,5],"tags":[],"class_list":["post-96686","post","type-post","status-publish","format-standard","has-post-thumbnail","hentry","category-polecane","category-pilka-nozna","category-sport"],"_links":{"self":[{"href":"https:\/\/gazetaregionalna.com\/index.php?rest_route=\/wp\/v2\/posts\/96686","targetHints":{"allow":["GET"]}}],"collection":[{"href":"https:\/\/gazetaregionalna.com\/index.php?rest_route=\/wp\/v2\/posts"}],"about":[{"href":"https:\/\/gazetaregionalna.com\/index.php?rest_route=\/wp\/v2\/types\/post"}],"author":[{"embeddable":true,"href":"https:\/\/gazetaregionalna.com\/index.php?rest_route=\/wp\/v2\/users\/15"}],"replies":[{"embeddable":true,"href":"https:\/\/gazetaregionalna.com\/index.php?rest_route=%2Fwp%2Fv2%2Fcomments&post=96686"}],"version-history":[{"count":1,"href":"https:\/\/gazetaregionalna.com\/index.php?rest_route=\/wp\/v2\/posts\/96686\/revisions"}],"predecessor-version":[{"id":96687,"href":"https:\/\/gazetaregionalna.com\/index.php?rest_route=\/wp\/v2\/posts\/96686\/revisions\/96687"}],"wp:featuredmedia":[{"embeddable":true,"href":"https:\/\/gazetaregionalna.com\/index.php?rest_route=\/wp\/v2\/media\/95166"}],"wp:attachment":[{"href":"https:\/\/gazetaregionalna.com\/index.php?rest_route=%2Fwp%2Fv2%2Fmedia&parent=96686"}],"wp:term":[{"taxonomy":"category","embeddable":true,"href":"https:\/\/gazetaregionalna.com\/index.php?rest_route=%2Fwp%2Fv2%2Fcategories&post=96686"},{"taxonomy":"post_tag","embeddable":true,"href":"https:\/\/gazetaregionalna.com\/index.php?rest_route=%2Fwp%2Fv2%2Ftags&post=96686"}],"curies":[{"name":"wp","href":"https:\/\/api.w.org\/{rel}","templated":true}]}}