{"id":96649,"date":"2022-11-14T08:15:07","date_gmt":"2022-11-14T08:15:07","guid":{"rendered":"https:\/\/gazetaregionalna.com\/?p=96649"},"modified":"2022-11-14T08:15:07","modified_gmt":"2022-11-14T08:15:07","slug":"opakowania-wielokrotnego-uzytku-zyskuja-na-popularnosci","status":"publish","type":"post","link":"https:\/\/gazetaregionalna.com\/?p=96649","title":{"rendered":"Opakowania wielokrotnego u\u017cytku zyskuj\u0105 na popularno\u015bci. Dlaczego warto z nich korzysta\u0107?"},"content":{"rendered":"\n<h4 class=\"wp-block-heading\"><strong>Plastik nietrudno znale\u017a\u0107 w wielu rzeczach, kt\u00f3re s\u0142u\u017c\u0105 do konsumpcji, przechowywania i transportu \u017cywno\u015bci. Chocia\u017c klienci coraz ch\u0119tniej si\u0119gaj\u0105 po torby wielokrotnego u\u017cytku, to ca\u0142y czas popularne kubki czy opakowania na wynos zawieraj\u0105 w sobie tworzywa sztuczne. Tymczasem bardziej ekologiczne i op\u0142acalne s\u0105 opakowania, z kt\u00f3rych mo\u017cna korzysta\u0107 wiele razy. Dlaczego warto je wybiera\u0107?<\/strong><\/h4>\n\n\n\n<p>Jednym z najpopularniejszych napoj\u00f3w sprzedawanych na wynos jest kawa. Zazwyczaj wydawana do wypicia poza lokalem w kubku papierowym, kt\u00f3ry jednak, aby m\u00f3g\u0142 spe\u0142nia\u0107 swoj\u0105 funkcj\u0119, musi zosta\u0107 powleczony najcz\u0119\u015bciej sztucznym tworzywem.<\/p>\n\n\n\n<p>Dlatego opakowania z popularnych kawiarni, sklep\u00f3w i stacji benzynowych musz\u0105 trafia\u0107 do pojemnika na odpady zmieszane, a w efekcie nie s\u0105 poddawane recyklingowi. Niestety podobnie dzieje si\u0119 z torbami do transportu da\u0144, kt\u00f3re wydaj\u0105 si\u0119 papierowe, a zawieraj\u0105 w sobie plastik.<\/p>\n\n\n\n<p>\u2013 Polietylen wykorzystywany do powlekania jednorazowych kubk\u00f3w i innych opakowa\u0144 bardzo trudno oddzieli\u0107 od papieru. W\u0142a\u015bnie dlatego bardzo cz\u0119sto nie nadaje si\u0119 do recyklingu, a jego rozk\u0142ad w niekontrolowanych warunkach, np. w lesie lub rzece wi\u0105\u017ce si\u0119 z ryzykiem powstawania gro\u017anego mikroplastiku. To substancja, kt\u00f3ra jest niezmiernie trudna do usuni\u0119cia z ekosystemu, ze wzgl\u0119du na jej wszechobecno\u015b\u0107 i niewielki rozmiar <em><\/em>\u2013 m\u00f3wi Felice Scoccimarro, prezes Amest Otwock Sp. z o.o., dzia\u0142aj\u0105cej w bran\u017cy gospodarowania odpadami i lider Akademii Ekologicznej Amest Otwock.<\/p>\n\n\n\n<p>Jak wskazuje G\u0142\u00f3wny Urz\u0105d Statystyczny, z roku na rok w ramach selektywnej zbi\u00f3rki opad\u00f3w gromadzi si\u0119 coraz wi\u0119cej plastiku. W 2021 r. zebrano a\u017c 522 602 tony tego surowca. To o ponad 30 tys. ton wi\u0119cej ni\u017c w roku poprzedzaj\u0105cym i a\u017c 126&nbsp;tys. ton wi\u0119cej ni\u017c w 2019. Tymczasem szacuje si\u0119, w Europie odzyskiwane jest zaledwie 30-40% zebranych tworzyw sztucznych. To pokazuje, \u017ce nale\u017cy podej\u015b\u0107 do problemu r\u00f3wnie\u017c z innej strony \u2013 ograniczaj\u0105c ich u\u017cycie do niezb\u0119dnego minimum.<\/p>\n\n\n\n<p><strong>Dania i napoje na wynos we w\u0142asnym opakowaniu<\/strong><\/p>\n\n\n\n<p>Wiele miejsc oferuj\u0105cych kaw\u0119 i herbat\u0119 na wynos przygotowuje ciep\u0142y nap\u00f3j na pro\u015bb\u0119 klienta do jego kubka albo termosu. Niekiedy wi\u0105\u017ce si\u0119 to nawet z mo\u017cliwo\u015bci\u0105 uzyskania rabatu. Tak\u017ce w sklepach i na targowiskach mo\u017cna zazwyczaj korzysta\u0107 z w\u0142asnych opakowa\u0144, np. toreb materia\u0142owych lub biodegradowalnych, czy pojemnik\u00f3w. To sprzyja ograniczaniu produkcji plastiku, a przy tym wspiera odpowiedzialn\u0105 konsumpcj\u0119 i pomaga lepiej planowa\u0107 zakupy. W og\u00f3lnym rozrachunku jest to r\u00f3wnie\u017c bardziej op\u0142acalne finansowo.<\/p>\n\n\n\n<p>\u2013 Opakowania wielorazowe s\u0105 wygodnym i korzystne nie tylko dla planety, ale te\u017c dla naszych portfeli. Wytrzyma\u0142a torba potrafi kosztowa\u0107 zaledwie kilka-kilkana\u015bcie z\u0142otych, tymczasem ka\u017cda jednoraz\u00f3wka to zazwyczaj koszt od kilkudziesi\u0119ciu groszy do nawet kilku z\u0142otych. W ci\u0105gu roku oszcz\u0119dno\u015bci mog\u0105 by\u0107 zatem dosy\u0107 znacz\u0105ce. Dobrym pomys\u0142em s\u0105 ekologiczne torby materia\u0142owe, kt\u00f3re opr\u00f3cz funkcji u\u017cytkowych, charakteryzuj\u0105 si\u0119 z regu\u0142y ciekawym wygl\u0105dem. To rozwi\u0105zanie warte uwagi, ze r\u00f3wnie\u017c wzgl\u0119du na ich wysok\u0105 trwa\u0142o\u015b\u0107. W przeciwie\u0144stwie do jednoraz\u00f3wek, min\u0105 miesi\u0105ce, a nawet lata, zanim taka torba stanie si\u0119 niezdatnym do u\u017cytku i wymagaj\u0105cym unieszkodliwienia odpadem \u2013 zaznacza Felice Scoccimarro.<\/p>\n\n\n\n<p><strong>Plastik zagro\u017ceniem dla mieszka\u0144c\u00f3w las\u00f3w<\/strong><\/p>\n\n\n\n<p>Ograniczenie u\u017cywania plastiku ma tak\u017ce inny wymiar. Ka\u017cde ekodzia\u0142anie mo\u017ce spowolni\u0107 post\u0119puj\u0105c\u0105 degradacj\u0119 \u015brodowiska naturalnego. Ju\u017c dzi\u015b odwiedzaj\u0105c parki i lasy nietrudno natrafi\u0107 na porozrzucane plastikowe butelki, torebki i inne \u015bmieci. To \u015bmiertelne zagro\u017cenie dla okolicznej fauny.<\/p>\n\n\n\n<p>Po\u0142kni\u0119ta foli\u00f3wka mo\u017ce doprowadzi\u0107 do uduszenia b\u0105d\u017a wype\u0142ni\u0107 \u017co\u0142\u0105dek zwierz\u0119cia, przez co nie b\u0119dzie mog\u0142o przyjmowa\u0107 pokarmu. Rozk\u0142adaj\u0105ce si\u0119 w niekontrolowany spos\u00f3b tworzywa sztuczne sprzyjaj\u0105 r\u00f3wnie\u017c uwalnianiu si\u0119 mikroplastiku do ekosystemu. Dlatego tak wa\u017cne jest, aby nie za\u015bmieca\u0107 teren\u00f3w zielonych, a w miar\u0119 mo\u017cliwo\u015bci zabiera\u0107 ze sob\u0105 znalezione odpadki.<\/p>\n\n\n\n<p>red.<\/p>\n","protected":false},"excerpt":{"rendered":"<p>Plastik nietrudno znale\u017a\u0107 w wielu rzeczach, kt\u00f3re s\u0142u\u017c\u0105 do konsumpcji, przechowywania i transportu \u017cywno\u015bci. Chocia\u017c klienci coraz ch\u0119tniej si\u0119gaj\u0105 po torby wielokrotnego u\u017cytku, to<\/p>\n","protected":false},"author":26,"featured_media":96650,"comment_status":"closed","ping_status":"open","sticky":false,"template":"","format":"standard","meta":{"_monsterinsights_skip_tracking":false,"_monsterinsights_sitenote_active":false,"_monsterinsights_sitenote_note":"","_monsterinsights_sitenote_category":0,"_uf_show_specific_survey":0,"_uf_disable_surveys":false,"footnotes":""},"categories":[29,2,37],"tags":[109,6877,6874,6876,6878,6875],"class_list":["post-96649","post","type-post","status-publish","format-standard","has-post-thumbnail","hentry","category-ekologia","category-wiadomosci","category-zdrowie","tag-ekologia","tag-klienci","tag-opakowania-wielokrotnego-uzytku","tag-plastik","tag-torby-wielokrotnego-uzytku","tag-tworzywa-sztuczne"],"_links":{"self":[{"href":"https:\/\/gazetaregionalna.com\/index.php?rest_route=\/wp\/v2\/posts\/96649","targetHints":{"allow":["GET"]}}],"collection":[{"href":"https:\/\/gazetaregionalna.com\/index.php?rest_route=\/wp\/v2\/posts"}],"about":[{"href":"https:\/\/gazetaregionalna.com\/index.php?rest_route=\/wp\/v2\/types\/post"}],"author":[{"embeddable":true,"href":"https:\/\/gazetaregionalna.com\/index.php?rest_route=\/wp\/v2\/users\/26"}],"replies":[{"embeddable":true,"href":"https:\/\/gazetaregionalna.com\/index.php?rest_route=%2Fwp%2Fv2%2Fcomments&post=96649"}],"version-history":[{"count":1,"href":"https:\/\/gazetaregionalna.com\/index.php?rest_route=\/wp\/v2\/posts\/96649\/revisions"}],"predecessor-version":[{"id":96651,"href":"https:\/\/gazetaregionalna.com\/index.php?rest_route=\/wp\/v2\/posts\/96649\/revisions\/96651"}],"wp:featuredmedia":[{"embeddable":true,"href":"https:\/\/gazetaregionalna.com\/index.php?rest_route=\/wp\/v2\/media\/96650"}],"wp:attachment":[{"href":"https:\/\/gazetaregionalna.com\/index.php?rest_route=%2Fwp%2Fv2%2Fmedia&parent=96649"}],"wp:term":[{"taxonomy":"category","embeddable":true,"href":"https:\/\/gazetaregionalna.com\/index.php?rest_route=%2Fwp%2Fv2%2Fcategories&post=96649"},{"taxonomy":"post_tag","embeddable":true,"href":"https:\/\/gazetaregionalna.com\/index.php?rest_route=%2Fwp%2Fv2%2Ftags&post=96649"}],"curies":[{"name":"wp","href":"https:\/\/api.w.org\/{rel}","templated":true}]}}