{"id":96624,"date":"2022-11-13T21:25:18","date_gmt":"2022-11-13T21:25:18","guid":{"rendered":"https:\/\/gazetaregionalna.com\/?p=96624"},"modified":"2022-11-13T21:25:19","modified_gmt":"2022-11-13T21:25:19","slug":"rakow-spedzi-przerwe-zimowa-z-9-punktami-przewagi-nad-wiceliderem","status":"publish","type":"post","link":"https:\/\/gazetaregionalna.com\/?p=96624","title":{"rendered":"Rak\u00f3w sp\u0119dzi przerw\u0119 zimow\u0105 z 9 punktami przewagi nad wiceliderem!!!"},"content":{"rendered":"\n<p>17. i ostatnia w 2022 roku kolejka w PKO BP Ekstraklasie by\u0142a udana dla pi\u0142karzy Rakowa Cz\u0119stochowa. Cz\u0119stochowianie zostali mistrzami p\u00f3\u0142metka i przerw\u0119 zimow\u0105 sp\u0119dz\u0105 na 1. miejscu w tabeli z a\u017c 9 punktow\u0105 przewag\u0105 nad wiceliderem Legia Warszawa.<\/p>\n\n\n\n<p>W niedziel\u0119 zako\u0144czy\u0142a si\u0119 17. kolejka spotka\u0144 w PKO BP Ekstraklasie. Dobre wie\u015bci dla kibic\u00f3w Rakowa nap\u0142yn\u0119\u0142y z Wroc\u0142awia, gdzie \u015al\u0105sk zremisowa\u0142 z Legi\u0105 Warszawa 0:0. Wicelider straci\u0142 dwa punkty i ma ju\u017c do Rakowa a\u017c 9 punkt\u00f3w straty.<\/p>\n\n\n\n<p>Przypomnijmy, \u017ce cz\u0119stochowscy pi\u0142karze w sobot\u0119 wygrali w Lubinie z Zag\u0142\u0119biem 2:1. Rak\u00f3w zosta\u0142 mistrzem na p\u00f3\u0142metku rozgrywek, a przerw\u0119 zimow\u0105 sp\u0119dzi z a\u017c 9-punktow\u0105 przewag\u0105 nad wiceliderem. Tak du\u017cej przewagi w PKO BP Ekstraklasie pi\u0142karze Rakowa jeszcze nigdy nie mieli.<\/p>\n\n\n\n<p>Rozgrywki w PKO BP Ekstraklasie zostan\u0105 wznowione w ostatni weekend stycznia 2023 roku. Tym samym pi\u0142karze Rakowa sprawili sobie i swoim kibicom wspania\u0142y prezent na \u015awi\u0119ta Bo\u017cego Narodzenia i Nowy Rok.<\/p>\n\n\n\n<figure class=\"wp-block-image size-large\"><img decoding=\"async\" width=\"1024\" height=\"683\" data-src=\"https:\/\/gazetaregionalna.com\/wp-content\/uploads\/2022\/11\/Lubin-Rakow-105-1024x683.jpg\" alt=\"\" class=\"wp-image-96625 lazyload\" data-srcset=\"https:\/\/gazetaregionalna.com\/wp-content\/uploads\/2022\/11\/Lubin-Rakow-105-1024x683.jpg 1024w, https:\/\/gazetaregionalna.com\/wp-content\/uploads\/2022\/11\/Lubin-Rakow-105-300x200.jpg 300w, https:\/\/gazetaregionalna.com\/wp-content\/uploads\/2022\/11\/Lubin-Rakow-105-768x512.jpg 768w, https:\/\/gazetaregionalna.com\/wp-content\/uploads\/2022\/11\/Lubin-Rakow-105-1536x1024.jpg 1536w, https:\/\/gazetaregionalna.com\/wp-content\/uploads\/2022\/11\/Lubin-Rakow-105-2048x1365.jpg 2048w, https:\/\/gazetaregionalna.com\/wp-content\/uploads\/2022\/11\/Lubin-Rakow-105-696x464.jpg 696w, https:\/\/gazetaregionalna.com\/wp-content\/uploads\/2022\/11\/Lubin-Rakow-105-1068x712.jpg 1068w, https:\/\/gazetaregionalna.com\/wp-content\/uploads\/2022\/11\/Lubin-Rakow-105-1920x1280.jpg 1920w, https:\/\/gazetaregionalna.com\/wp-content\/uploads\/2022\/11\/Lubin-Rakow-105-630x420.jpg 630w, https:\/\/gazetaregionalna.com\/wp-content\/uploads\/2022\/11\/Lubin-Rakow-105-scaled.jpg 1600w\" data-sizes=\"(max-width: 1024px) 100vw, 1024px\" src=\"data:image\/svg+xml;base64,PHN2ZyB3aWR0aD0iMSIgaGVpZ2h0PSIxIiB4bWxucz0iaHR0cDovL3d3dy53My5vcmcvMjAwMC9zdmciPjwvc3ZnPg==\" style=\"--smush-placeholder-width: 1024px; --smush-placeholder-aspect-ratio: 1024\/683;\" \/><\/figure>\n\n\n\n<figure class=\"wp-block-image size-large\"><img decoding=\"async\" width=\"1024\" height=\"683\" data-src=\"https:\/\/gazetaregionalna.com\/wp-content\/uploads\/2022\/11\/Lubin-Rakow-107-1024x683.jpg\" alt=\"\" class=\"wp-image-96627 lazyload\" data-srcset=\"https:\/\/gazetaregionalna.com\/wp-content\/uploads\/2022\/11\/Lubin-Rakow-107-1024x683.jpg 1024w, https:\/\/gazetaregionalna.com\/wp-content\/uploads\/2022\/11\/Lubin-Rakow-107-300x200.jpg 300w, https:\/\/gazetaregionalna.com\/wp-content\/uploads\/2022\/11\/Lubin-Rakow-107-768x512.jpg 768w, https:\/\/gazetaregionalna.com\/wp-content\/uploads\/2022\/11\/Lubin-Rakow-107-1536x1024.jpg 1536w, https:\/\/gazetaregionalna.com\/wp-content\/uploads\/2022\/11\/Lubin-Rakow-107-2048x1365.jpg 2048w, https:\/\/gazetaregionalna.com\/wp-content\/uploads\/2022\/11\/Lubin-Rakow-107-696x464.jpg 696w, https:\/\/gazetaregionalna.com\/wp-content\/uploads\/2022\/11\/Lubin-Rakow-107-1068x712.jpg 1068w, https:\/\/gazetaregionalna.com\/wp-content\/uploads\/2022\/11\/Lubin-Rakow-107-1920x1280.jpg 1920w, https:\/\/gazetaregionalna.com\/wp-content\/uploads\/2022\/11\/Lubin-Rakow-107-630x420.jpg 630w, https:\/\/gazetaregionalna.com\/wp-content\/uploads\/2022\/11\/Lubin-Rakow-107-scaled.jpg 1600w\" data-sizes=\"(max-width: 1024px) 100vw, 1024px\" src=\"data:image\/svg+xml;base64,PHN2ZyB3aWR0aD0iMSIgaGVpZ2h0PSIxIiB4bWxucz0iaHR0cDovL3d3dy53My5vcmcvMjAwMC9zdmciPjwvc3ZnPg==\" style=\"--smush-placeholder-width: 1024px; --smush-placeholder-aspect-ratio: 1024\/683;\" \/><\/figure>\n\n\n\n<figure class=\"wp-block-image size-large\"><img decoding=\"async\" width=\"300\" height=\"250\" data-src=\"https:\/\/gazetaregionalna.com\/wp-content\/uploads\/2022\/04\/DMK-10.jpg\" alt=\"\" class=\"wp-image-77218 lazyload\" src=\"data:image\/svg+xml;base64,PHN2ZyB3aWR0aD0iMSIgaGVpZ2h0PSIxIiB4bWxucz0iaHR0cDovL3d3dy53My5vcmcvMjAwMC9zdmciPjwvc3ZnPg==\" style=\"--smush-placeholder-width: 300px; --smush-placeholder-aspect-ratio: 300\/250;\"><\/figure>\n","protected":false},"excerpt":{"rendered":"<p>17. i ostatnia w 2022 roku kolejka w PKO BP Ekstraklasie by\u0142a udana dla pi\u0142karzy Rakowa Cz\u0119stochowa. Cz\u0119stochowianie zostali mistrzami p\u00f3\u0142metka i przerw\u0119 zimow\u0105<\/p>\n","protected":false},"author":15,"featured_media":96625,"comment_status":"closed","ping_status":"open","sticky":false,"template":"","format":"standard","meta":{"_monsterinsights_skip_tracking":false,"_monsterinsights_sitenote_active":false,"_monsterinsights_sitenote_note":"","_monsterinsights_sitenote_category":0,"_uf_show_specific_survey":0,"_uf_disable_surveys":false,"footnotes":""},"categories":[5,6],"tags":[],"class_list":["post-96624","post","type-post","status-publish","format-standard","has-post-thumbnail","hentry","category-sport","category-pilka-nozna"],"_links":{"self":[{"href":"https:\/\/gazetaregionalna.com\/index.php?rest_route=\/wp\/v2\/posts\/96624","targetHints":{"allow":["GET"]}}],"collection":[{"href":"https:\/\/gazetaregionalna.com\/index.php?rest_route=\/wp\/v2\/posts"}],"about":[{"href":"https:\/\/gazetaregionalna.com\/index.php?rest_route=\/wp\/v2\/types\/post"}],"author":[{"embeddable":true,"href":"https:\/\/gazetaregionalna.com\/index.php?rest_route=\/wp\/v2\/users\/15"}],"replies":[{"embeddable":true,"href":"https:\/\/gazetaregionalna.com\/index.php?rest_route=%2Fwp%2Fv2%2Fcomments&post=96624"}],"version-history":[{"count":1,"href":"https:\/\/gazetaregionalna.com\/index.php?rest_route=\/wp\/v2\/posts\/96624\/revisions"}],"predecessor-version":[{"id":96628,"href":"https:\/\/gazetaregionalna.com\/index.php?rest_route=\/wp\/v2\/posts\/96624\/revisions\/96628"}],"wp:featuredmedia":[{"embeddable":true,"href":"https:\/\/gazetaregionalna.com\/index.php?rest_route=\/wp\/v2\/media\/96625"}],"wp:attachment":[{"href":"https:\/\/gazetaregionalna.com\/index.php?rest_route=%2Fwp%2Fv2%2Fmedia&parent=96624"}],"wp:term":[{"taxonomy":"category","embeddable":true,"href":"https:\/\/gazetaregionalna.com\/index.php?rest_route=%2Fwp%2Fv2%2Fcategories&post=96624"},{"taxonomy":"post_tag","embeddable":true,"href":"https:\/\/gazetaregionalna.com\/index.php?rest_route=%2Fwp%2Fv2%2Ftags&post=96624"}],"curies":[{"name":"wp","href":"https:\/\/api.w.org\/{rel}","templated":true}]}}