{"id":96620,"date":"2022-11-13T16:16:16","date_gmt":"2022-11-13T16:16:16","guid":{"rendered":"https:\/\/gazetaregionalna.com\/?p=96620"},"modified":"2022-11-13T16:16:17","modified_gmt":"2022-11-13T16:16:17","slug":"maksym-drabik-juz-oficjalnie-we-wlokniarzu","status":"publish","type":"post","link":"https:\/\/gazetaregionalna.com\/?p=96620","title":{"rendered":"Maksym Drabik ju\u017c oficjalnie we W\u0142\u00f3kniarzu"},"content":{"rendered":"\n<p>W niedziel\u0119, 13 listopada o godz. 17 W\u0142\u00f3kniarz oficjalnie poinformowa\u0142, \u017ce nowym zawodnikiem cz\u0119stochowskiego klubu b\u0119dzie Maksym Drabik.<\/p>\n\n\n\n<p>Drabik to drugi zawodnik, kt\u00f3ry przechodzi z mistrz\u00f3w Polski Motoru Lublin do cz\u0119stochowskiego W\u0142\u00f3kniarza. Pierwszym by\u0142 Du\u0144czyk Mikkel Michelsen. W jego \u015blady poszed\u0142 Maksym Drabik, kt\u00f3ry jest cz\u0119stochowianinem i synem legendy W\u0142\u00f3kniarza S\u0142awomira Drabika. Ojcowi i synowi jednak nie jest po drodze. Kilka tygodni temu z W\u0142\u00f3kniarzem rozsta\u0142 si\u0119 S\u0142awomir Drabik. A to mog\u0142o jedynie zwiastowa\u0107 to, \u017ce kontrakt z W\u0142\u00f3kniarzem podpisze jego syn Maksym Drabik.<\/p>\n\n\n\n<p>Drabik ma 24 lata. Ostatni sezon sp\u0119dzi\u0142 w Motorze Lublin i przyczyni\u0142 si\u0119 do zdobycia z\u0142otych medali Dru\u017cynowych Mistrzostw Polski w PGE Ekstralidze. Rok 2021 by\u0142 dla m\u0142odego Drabika stracony. W latach 2015-2020 reprezentowa\u0142 barwy Betard Sparty Wroc\u0142aw.<\/p>\n\n\n\n<p>W sezonie 2022 uzyska\u0142 \u015bredni\u0105 biegow\u0105 1,75 i zosta\u0142 sklasyfikowany na 22.miejscu w\u015br\u00f3d zaowdnik\u00f3w PGE Ekstraligi. Na koncie ma m.in. dwa tytu\u0142y Indywidualnego Mistrza \u015awiata Junior\u00f3w, kt\u00f3re wywalczy\u0142 w 2017 i 2019 roku. Ma te\u017c medale DM\u015aJ.<\/p>\n\n\n\n<p>Drabik to wychowanek W\u0142\u00f3kniarza. Ma by\u0107 magnesem dla cz\u0119stochowskiej publiczno\u015bci i wzmocnieniem dru\u017cyny.<\/p>\n\n\n\n<p>Sk\u0142ad W\u0142\u00f3kniarza na 2023 rok krystalizuje si\u0119 nast\u0119puj\u0105co: Leon Madsen, Mikkel Michelsen, Kacper Woryna, Jakub Mi\u015bkowiak, Maksym Drabik, Franciszek Karczewski i Kajetan Kupiec.<\/p>\n\n\n\n<p>AK, fot: AK i materia\u0142y prasowe W\u0142\u00f3kniarza<\/p>\n\n\n\n<figure class=\"wp-block-image size-large\"><img decoding=\"async\" width=\"750\" height=\"330\" data-src=\"https:\/\/gazetaregionalna.com\/wp-content\/uploads\/2022\/11\/MaksymDrabik-fot-Wlokniarz-Czestochowa.png\" alt=\"\" class=\"wp-image-96621 lazyload\" data-srcset=\"https:\/\/gazetaregionalna.com\/wp-content\/uploads\/2022\/11\/MaksymDrabik-fot-Wlokniarz-Czestochowa.png 750w, https:\/\/gazetaregionalna.com\/wp-content\/uploads\/2022\/11\/MaksymDrabik-fot-Wlokniarz-Czestochowa-300x132.png 300w, https:\/\/gazetaregionalna.com\/wp-content\/uploads\/2022\/11\/MaksymDrabik-fot-Wlokniarz-Czestochowa-696x306.png 696w\" data-sizes=\"(max-width: 750px) 100vw, 750px\" src=\"data:image\/svg+xml;base64,PHN2ZyB3aWR0aD0iMSIgaGVpZ2h0PSIxIiB4bWxucz0iaHR0cDovL3d3dy53My5vcmcvMjAwMC9zdmciPjwvc3ZnPg==\" style=\"--smush-placeholder-width: 750px; --smush-placeholder-aspect-ratio: 750\/330;\" \/><\/figure>\n\n\n\n<figure class=\"wp-block-image size-large\"><img decoding=\"async\" width=\"300\" height=\"250\" data-src=\"https:\/\/gazetaregionalna.com\/wp-content\/uploads\/2022\/04\/DMK-7.jpg\" alt=\"\" class=\"wp-image-77214 lazyload\" src=\"data:image\/svg+xml;base64,PHN2ZyB3aWR0aD0iMSIgaGVpZ2h0PSIxIiB4bWxucz0iaHR0cDovL3d3dy53My5vcmcvMjAwMC9zdmciPjwvc3ZnPg==\" style=\"--smush-placeholder-width: 300px; --smush-placeholder-aspect-ratio: 300\/250;\"><\/figure>\n\n\n\n<figure class=\"wp-block-image size-large\"><img decoding=\"async\" width=\"1024\" height=\"683\" data-src=\"https:\/\/gazetaregionalna.com\/wp-content\/uploads\/2022\/11\/CKM-Motor-36-1024x683.jpg\" alt=\"\" class=\"wp-image-95926 lazyload\" data-srcset=\"https:\/\/gazetaregionalna.com\/wp-content\/uploads\/2022\/11\/CKM-Motor-36-1024x683.jpg 1024w, https:\/\/gazetaregionalna.com\/wp-content\/uploads\/2022\/11\/CKM-Motor-36-300x200.jpg 300w, https:\/\/gazetaregionalna.com\/wp-content\/uploads\/2022\/11\/CKM-Motor-36-768x512.jpg 768w, https:\/\/gazetaregionalna.com\/wp-content\/uploads\/2022\/11\/CKM-Motor-36-1536x1024.jpg 1536w, https:\/\/gazetaregionalna.com\/wp-content\/uploads\/2022\/11\/CKM-Motor-36-2048x1365.jpg 2048w, https:\/\/gazetaregionalna.com\/wp-content\/uploads\/2022\/11\/CKM-Motor-36-696x464.jpg 696w, https:\/\/gazetaregionalna.com\/wp-content\/uploads\/2022\/11\/CKM-Motor-36-1068x712.jpg 1068w, https:\/\/gazetaregionalna.com\/wp-content\/uploads\/2022\/11\/CKM-Motor-36-1920x1280.jpg 1920w, https:\/\/gazetaregionalna.com\/wp-content\/uploads\/2022\/11\/CKM-Motor-36-630x420.jpg 630w, https:\/\/gazetaregionalna.com\/wp-content\/uploads\/2022\/11\/CKM-Motor-36-scaled.jpg 1600w\" data-sizes=\"(max-width: 1024px) 100vw, 1024px\" src=\"data:image\/svg+xml;base64,PHN2ZyB3aWR0aD0iMSIgaGVpZ2h0PSIxIiB4bWxucz0iaHR0cDovL3d3dy53My5vcmcvMjAwMC9zdmciPjwvc3ZnPg==\" style=\"--smush-placeholder-width: 1024px; --smush-placeholder-aspect-ratio: 1024\/683;\" \/><\/figure>\n","protected":false},"excerpt":{"rendered":"<p>W niedziel\u0119, 13 listopada o godz. 17 W\u0142\u00f3kniarz oficjalnie poinformowa\u0142, \u017ce nowym zawodnikiem cz\u0119stochowskiego klubu b\u0119dzie Maksym Drabik. Drabik to drugi zawodnik, kt\u00f3ry przechodzi<\/p>\n","protected":false},"author":15,"featured_media":96621,"comment_status":"closed","ping_status":"open","sticky":false,"template":"","format":"standard","meta":{"_monsterinsights_skip_tracking":false,"_monsterinsights_sitenote_active":false,"_monsterinsights_sitenote_note":"","_monsterinsights_sitenote_category":0,"_uf_show_specific_survey":0,"_uf_disable_surveys":false,"footnotes":""},"categories":[94,5,7],"tags":[],"class_list":["post-96620","post","type-post","status-publish","format-standard","has-post-thumbnail","hentry","category-polecane","category-sport","category-zuzel"],"_links":{"self":[{"href":"https:\/\/gazetaregionalna.com\/index.php?rest_route=\/wp\/v2\/posts\/96620","targetHints":{"allow":["GET"]}}],"collection":[{"href":"https:\/\/gazetaregionalna.com\/index.php?rest_route=\/wp\/v2\/posts"}],"about":[{"href":"https:\/\/gazetaregionalna.com\/index.php?rest_route=\/wp\/v2\/types\/post"}],"author":[{"embeddable":true,"href":"https:\/\/gazetaregionalna.com\/index.php?rest_route=\/wp\/v2\/users\/15"}],"replies":[{"embeddable":true,"href":"https:\/\/gazetaregionalna.com\/index.php?rest_route=%2Fwp%2Fv2%2Fcomments&post=96620"}],"version-history":[{"count":1,"href":"https:\/\/gazetaregionalna.com\/index.php?rest_route=\/wp\/v2\/posts\/96620\/revisions"}],"predecessor-version":[{"id":96622,"href":"https:\/\/gazetaregionalna.com\/index.php?rest_route=\/wp\/v2\/posts\/96620\/revisions\/96622"}],"wp:featuredmedia":[{"embeddable":true,"href":"https:\/\/gazetaregionalna.com\/index.php?rest_route=\/wp\/v2\/media\/96621"}],"wp:attachment":[{"href":"https:\/\/gazetaregionalna.com\/index.php?rest_route=%2Fwp%2Fv2%2Fmedia&parent=96620"}],"wp:term":[{"taxonomy":"category","embeddable":true,"href":"https:\/\/gazetaregionalna.com\/index.php?rest_route=%2Fwp%2Fv2%2Fcategories&post=96620"},{"taxonomy":"post_tag","embeddable":true,"href":"https:\/\/gazetaregionalna.com\/index.php?rest_route=%2Fwp%2Fv2%2Ftags&post=96620"}],"curies":[{"name":"wp","href":"https:\/\/api.w.org\/{rel}","templated":true}]}}