{"id":96478,"date":"2022-11-11T09:11:49","date_gmt":"2022-11-11T09:11:49","guid":{"rendered":"https:\/\/gazetaregionalna.com\/?p=96478"},"modified":"2022-11-11T09:11:50","modified_gmt":"2022-11-11T09:11:50","slug":"vladislavs-gutkovskis-przedluzyl-kontrakt-z-rakowem","status":"publish","type":"post","link":"https:\/\/gazetaregionalna.com\/?p=96478","title":{"rendered":"Vladislavs Gutkovskis przed\u0142u\u017cy\u0142 kontrakt z Rakowem"},"content":{"rendered":"\n<p>Dobre informacje docieraj\u0105 do kibic\u00f3w Rakowa. Kontrakt z Rakowem do 2025 roku przed\u0142u\u017cy\u0142 Vladislavs Gutkovskis.<\/p>\n\n\n\n<p>Ostatni tydzie\u0144 to bardzo dobre informacje dla kibic\u00f3w Rakowa. Tydzie\u0144 temu czerwono-niebiescy odnie\u015bli najwy\u017csze zwyci\u0119stwo w PKO BP Ekstraklasie i rozbili Wis\u0142\u0119 P\u0142ock a\u017c 7:1. Cztery gole i to w pierwszej po\u0142owie zdoby\u0142 w\u0142a\u015bnie Vladislavs Gutkovskis.<\/p>\n\n\n\n<p>W \u015brod\u0119 Rak\u00f3w bez \u201eGutka\u201d wygra\u0142 w 1\/8 Pucharu Polski w Szczecinie z bardzo siln\u0105 Pogoni\u0105. A w czwartek dzia\u0142acze Rakowa og\u0142osili, \u017ce Gutkovskis podpisa\u0142 nowy kontrakt do ko\u0144ca czerwca 2025 roku!<\/p>\n\n\n\n<p>Teraz tylko brakuje sobotniego zwyci\u0119stwa w Lubinie z Zag\u0142\u0119biem i tydzie\u0144, a tak\u017ce ca\u0142y 2022 rok b\u0119dzie bardzo udany dla Rakowa.<\/p>\n\n\n\n<p>Przypomnijmy, \u017ce w sobot\u0119, 12 listopada Rak\u00f3w rozegra ostatni mecz rundy jesiennej w PKO BP Ekstraklasie. W Lubinie zmierzy si\u0119 z Zag\u0142\u0119biem.<\/p>\n\n\n\n<p>AK, fot: AK<\/p>\n\n\n\n<figure class=\"wp-block-image size-large\"><img decoding=\"async\" width=\"1024\" height=\"683\" data-src=\"https:\/\/gazetaregionalna.com\/wp-content\/uploads\/2022\/11\/Rakow-Plock-43-1024x683.jpg\" alt=\"\" class=\"wp-image-96479 lazyload\" data-srcset=\"https:\/\/gazetaregionalna.com\/wp-content\/uploads\/2022\/11\/Rakow-Plock-43-1024x683.jpg 1024w, https:\/\/gazetaregionalna.com\/wp-content\/uploads\/2022\/11\/Rakow-Plock-43-300x200.jpg 300w, https:\/\/gazetaregionalna.com\/wp-content\/uploads\/2022\/11\/Rakow-Plock-43-768x512.jpg 768w, https:\/\/gazetaregionalna.com\/wp-content\/uploads\/2022\/11\/Rakow-Plock-43-1536x1024.jpg 1536w, https:\/\/gazetaregionalna.com\/wp-content\/uploads\/2022\/11\/Rakow-Plock-43-2048x1365.jpg 2048w, https:\/\/gazetaregionalna.com\/wp-content\/uploads\/2022\/11\/Rakow-Plock-43-696x464.jpg 696w, https:\/\/gazetaregionalna.com\/wp-content\/uploads\/2022\/11\/Rakow-Plock-43-1068x712.jpg 1068w, https:\/\/gazetaregionalna.com\/wp-content\/uploads\/2022\/11\/Rakow-Plock-43-1920x1280.jpg 1920w, https:\/\/gazetaregionalna.com\/wp-content\/uploads\/2022\/11\/Rakow-Plock-43-630x420.jpg 630w, https:\/\/gazetaregionalna.com\/wp-content\/uploads\/2022\/11\/Rakow-Plock-43-scaled.jpg 1600w\" data-sizes=\"(max-width: 1024px) 100vw, 1024px\" src=\"data:image\/svg+xml;base64,PHN2ZyB3aWR0aD0iMSIgaGVpZ2h0PSIxIiB4bWxucz0iaHR0cDovL3d3dy53My5vcmcvMjAwMC9zdmciPjwvc3ZnPg==\" style=\"--smush-placeholder-width: 1024px; --smush-placeholder-aspect-ratio: 1024\/683;\" \/><\/figure>\n\n\n\n<figure class=\"wp-block-image size-large\"><img decoding=\"async\" width=\"1024\" height=\"683\" data-src=\"https:\/\/gazetaregionalna.com\/wp-content\/uploads\/2022\/11\/Rakow-Plock-00-1024x683.jpg\" alt=\"\" class=\"wp-image-96104 lazyload\" data-srcset=\"https:\/\/gazetaregionalna.com\/wp-content\/uploads\/2022\/11\/Rakow-Plock-00-1024x683.jpg 1024w, https:\/\/gazetaregionalna.com\/wp-content\/uploads\/2022\/11\/Rakow-Plock-00-300x200.jpg 300w, https:\/\/gazetaregionalna.com\/wp-content\/uploads\/2022\/11\/Rakow-Plock-00-768x512.jpg 768w, https:\/\/gazetaregionalna.com\/wp-content\/uploads\/2022\/11\/Rakow-Plock-00-1536x1024.jpg 1536w, https:\/\/gazetaregionalna.com\/wp-content\/uploads\/2022\/11\/Rakow-Plock-00-2048x1365.jpg 2048w, https:\/\/gazetaregionalna.com\/wp-content\/uploads\/2022\/11\/Rakow-Plock-00-696x464.jpg 696w, https:\/\/gazetaregionalna.com\/wp-content\/uploads\/2022\/11\/Rakow-Plock-00-1068x712.jpg 1068w, https:\/\/gazetaregionalna.com\/wp-content\/uploads\/2022\/11\/Rakow-Plock-00-1920x1280.jpg 1920w, https:\/\/gazetaregionalna.com\/wp-content\/uploads\/2022\/11\/Rakow-Plock-00-630x420.jpg 630w, https:\/\/gazetaregionalna.com\/wp-content\/uploads\/2022\/11\/Rakow-Plock-00-scaled.jpg 1600w\" data-sizes=\"(max-width: 1024px) 100vw, 1024px\" src=\"data:image\/svg+xml;base64,PHN2ZyB3aWR0aD0iMSIgaGVpZ2h0PSIxIiB4bWxucz0iaHR0cDovL3d3dy53My5vcmcvMjAwMC9zdmciPjwvc3ZnPg==\" style=\"--smush-placeholder-width: 1024px; --smush-placeholder-aspect-ratio: 1024\/683;\" \/><\/figure>\n\n\n\n<figure class=\"wp-block-image size-large\"><img decoding=\"async\" width=\"300\" height=\"250\" data-src=\"https:\/\/gazetaregionalna.com\/wp-content\/uploads\/2022\/04\/DMK-8.jpg\" alt=\"\" class=\"wp-image-77215 lazyload\" src=\"data:image\/svg+xml;base64,PHN2ZyB3aWR0aD0iMSIgaGVpZ2h0PSIxIiB4bWxucz0iaHR0cDovL3d3dy53My5vcmcvMjAwMC9zdmciPjwvc3ZnPg==\" style=\"--smush-placeholder-width: 300px; --smush-placeholder-aspect-ratio: 300\/250;\"><\/figure>\n\n\n\n<figure class=\"wp-block-image size-large\"><img decoding=\"async\" width=\"1024\" height=\"683\" data-src=\"https:\/\/gazetaregionalna.com\/wp-content\/uploads\/2022\/11\/Rakow-Plock-1-1024x683.jpg\" alt=\"\" class=\"wp-image-96106 lazyload\" data-srcset=\"https:\/\/gazetaregionalna.com\/wp-content\/uploads\/2022\/11\/Rakow-Plock-1-1024x683.jpg 1024w, https:\/\/gazetaregionalna.com\/wp-content\/uploads\/2022\/11\/Rakow-Plock-1-300x200.jpg 300w, https:\/\/gazetaregionalna.com\/wp-content\/uploads\/2022\/11\/Rakow-Plock-1-768x512.jpg 768w, https:\/\/gazetaregionalna.com\/wp-content\/uploads\/2022\/11\/Rakow-Plock-1-1536x1024.jpg 1536w, https:\/\/gazetaregionalna.com\/wp-content\/uploads\/2022\/11\/Rakow-Plock-1-2048x1365.jpg 2048w, https:\/\/gazetaregionalna.com\/wp-content\/uploads\/2022\/11\/Rakow-Plock-1-696x464.jpg 696w, https:\/\/gazetaregionalna.com\/wp-content\/uploads\/2022\/11\/Rakow-Plock-1-1068x712.jpg 1068w, https:\/\/gazetaregionalna.com\/wp-content\/uploads\/2022\/11\/Rakow-Plock-1-1920x1280.jpg 1920w, https:\/\/gazetaregionalna.com\/wp-content\/uploads\/2022\/11\/Rakow-Plock-1-630x420.jpg 630w, https:\/\/gazetaregionalna.com\/wp-content\/uploads\/2022\/11\/Rakow-Plock-1-scaled.jpg 1600w\" data-sizes=\"(max-width: 1024px) 100vw, 1024px\" src=\"data:image\/svg+xml;base64,PHN2ZyB3aWR0aD0iMSIgaGVpZ2h0PSIxIiB4bWxucz0iaHR0cDovL3d3dy53My5vcmcvMjAwMC9zdmciPjwvc3ZnPg==\" style=\"--smush-placeholder-width: 1024px; --smush-placeholder-aspect-ratio: 1024\/683;\" \/><\/figure>\n","protected":false},"excerpt":{"rendered":"<p>Dobre informacje docieraj\u0105 do kibic\u00f3w Rakowa. Kontrakt z Rakowem do 2025 roku przed\u0142u\u017cy\u0142 Vladislavs Gutkovskis. Ostatni tydzie\u0144 to bardzo dobre informacje dla kibic\u00f3w Rakowa.<\/p>\n","protected":false},"author":15,"featured_media":96479,"comment_status":"closed","ping_status":"open","sticky":false,"template":"","format":"standard","meta":{"_monsterinsights_skip_tracking":false,"_monsterinsights_sitenote_active":false,"_monsterinsights_sitenote_note":"","_monsterinsights_sitenote_category":0,"_uf_show_specific_survey":0,"_uf_disable_surveys":false,"footnotes":""},"categories":[94,6,5],"tags":[],"class_list":["post-96478","post","type-post","status-publish","format-standard","has-post-thumbnail","hentry","category-polecane","category-pilka-nozna","category-sport"],"_links":{"self":[{"href":"https:\/\/gazetaregionalna.com\/index.php?rest_route=\/wp\/v2\/posts\/96478","targetHints":{"allow":["GET"]}}],"collection":[{"href":"https:\/\/gazetaregionalna.com\/index.php?rest_route=\/wp\/v2\/posts"}],"about":[{"href":"https:\/\/gazetaregionalna.com\/index.php?rest_route=\/wp\/v2\/types\/post"}],"author":[{"embeddable":true,"href":"https:\/\/gazetaregionalna.com\/index.php?rest_route=\/wp\/v2\/users\/15"}],"replies":[{"embeddable":true,"href":"https:\/\/gazetaregionalna.com\/index.php?rest_route=%2Fwp%2Fv2%2Fcomments&post=96478"}],"version-history":[{"count":1,"href":"https:\/\/gazetaregionalna.com\/index.php?rest_route=\/wp\/v2\/posts\/96478\/revisions"}],"predecessor-version":[{"id":96480,"href":"https:\/\/gazetaregionalna.com\/index.php?rest_route=\/wp\/v2\/posts\/96478\/revisions\/96480"}],"wp:featuredmedia":[{"embeddable":true,"href":"https:\/\/gazetaregionalna.com\/index.php?rest_route=\/wp\/v2\/media\/96479"}],"wp:attachment":[{"href":"https:\/\/gazetaregionalna.com\/index.php?rest_route=%2Fwp%2Fv2%2Fmedia&parent=96478"}],"wp:term":[{"taxonomy":"category","embeddable":true,"href":"https:\/\/gazetaregionalna.com\/index.php?rest_route=%2Fwp%2Fv2%2Fcategories&post=96478"},{"taxonomy":"post_tag","embeddable":true,"href":"https:\/\/gazetaregionalna.com\/index.php?rest_route=%2Fwp%2Fv2%2Ftags&post=96478"}],"curies":[{"name":"wp","href":"https:\/\/api.w.org\/{rel}","templated":true}]}}