{"id":9643,"date":"2020-02-02T12:10:12","date_gmt":"2020-02-02T12:10:12","guid":{"rendered":"https:\/\/gazetaregionalna.com\/?p=9643"},"modified":"2020-02-02T12:10:15","modified_gmt":"2020-02-02T12:10:15","slug":"czwartek-z-tarantino","status":"publish","type":"post","link":"https:\/\/gazetaregionalna.com\/?p=9643","title":{"rendered":"Czwartek z Tarantino"},"content":{"rendered":"\n<p>O\u015brodek Promocji Kultury &#8222;Gaude Mater&#8221; zaprasza na kolejne spotkanie pod has\u0142em: &#8222;Popkulturowe Przyjemno\u015bci&#8221;. W czwartek, 6 lutego bohaterem dyskusji b\u0119dzie posta\u0107 i tw\u00f3rczo\u015b\u0107 Quentina Tarantino.<br> Quentin Tarantino w tym roku ko\u0144czy 57 lat. Trudno w to uwierzy\u0107, \u017ce ten m\u0142ody buntownik &#8211; kt\u00f3rego \u201ePulp Fiction\u201d by\u0142o jak wybuch bomby, totalnie zmieniaj\u0105cy krajobraz \u015bwiatowego kina w latach 90. XX w. &#8211; przeistoczy\u0142 si\u0119 ju\u017c w \u017cywego klasyka i \u201estarego\u201d mistrza. Przecie\u017c wi\u0119kszo\u015b\u0107 fan\u00f3w nadal postrzega go jako nastolatka, kt\u00f3ry w wypo\u017cyczalni video ogl\u0105da ci\u0105giem wszystkie dost\u0119pne produkcje, maj\u0105c przy tym s\u0142abo\u015b\u0107 do kina klasy B i pulpy.<br> Pocz\u0105tek spotkania godzina 17.30.<\/p>\n","protected":false},"excerpt":{"rendered":"<p>O\u015brodek Promocji Kultury &#8222;Gaude Mater&#8221; zaprasza na kolejne spotkanie pod has\u0142em: &#8222;Popkulturowe Przyjemno\u015bci&#8221;. W czwartek, 6 lutego bohaterem dyskusji b\u0119dzie posta\u0107 i tw\u00f3rczo\u015b\u0107 Quentina<\/p>\n","protected":false},"author":7,"featured_media":9644,"comment_status":"open","ping_status":"open","sticky":false,"template":"","format":"standard","meta":{"_monsterinsights_skip_tracking":false,"_monsterinsights_sitenote_active":false,"_monsterinsights_sitenote_note":"","_monsterinsights_sitenote_category":0,"_uf_show_specific_survey":0,"_uf_disable_surveys":false,"footnotes":""},"categories":[3,12,94,2,13],"tags":[],"class_list":["post-9643","post","type-post","status-publish","format-standard","has-post-thumbnail","hentry","category-czestochowa-informacje","category-kultura-i-rozrywka","category-polecane","category-wiadomosci","category-wydarzenia"],"_links":{"self":[{"href":"https:\/\/gazetaregionalna.com\/index.php?rest_route=\/wp\/v2\/posts\/9643","targetHints":{"allow":["GET"]}}],"collection":[{"href":"https:\/\/gazetaregionalna.com\/index.php?rest_route=\/wp\/v2\/posts"}],"about":[{"href":"https:\/\/gazetaregionalna.com\/index.php?rest_route=\/wp\/v2\/types\/post"}],"author":[{"embeddable":true,"href":"https:\/\/gazetaregionalna.com\/index.php?rest_route=\/wp\/v2\/users\/7"}],"replies":[{"embeddable":true,"href":"https:\/\/gazetaregionalna.com\/index.php?rest_route=%2Fwp%2Fv2%2Fcomments&post=9643"}],"version-history":[{"count":1,"href":"https:\/\/gazetaregionalna.com\/index.php?rest_route=\/wp\/v2\/posts\/9643\/revisions"}],"predecessor-version":[{"id":9645,"href":"https:\/\/gazetaregionalna.com\/index.php?rest_route=\/wp\/v2\/posts\/9643\/revisions\/9645"}],"wp:featuredmedia":[{"embeddable":true,"href":"https:\/\/gazetaregionalna.com\/index.php?rest_route=\/wp\/v2\/media\/9644"}],"wp:attachment":[{"href":"https:\/\/gazetaregionalna.com\/index.php?rest_route=%2Fwp%2Fv2%2Fmedia&parent=9643"}],"wp:term":[{"taxonomy":"category","embeddable":true,"href":"https:\/\/gazetaregionalna.com\/index.php?rest_route=%2Fwp%2Fv2%2Fcategories&post=9643"},{"taxonomy":"post_tag","embeddable":true,"href":"https:\/\/gazetaregionalna.com\/index.php?rest_route=%2Fwp%2Fv2%2Ftags&post=9643"}],"curies":[{"name":"wp","href":"https:\/\/api.w.org\/{rel}","templated":true}]}}