{"id":9622,"date":"2020-02-01T16:00:30","date_gmt":"2020-02-01T16:00:30","guid":{"rendered":"https:\/\/gazetaregionalna.com\/?p=9622"},"modified":"2020-02-01T16:00:31","modified_gmt":"2020-02-01T16:00:31","slug":"serce-dla-zakochanych-pomoze-dzieciom-w-spiaczce","status":"publish","type":"post","link":"https:\/\/gazetaregionalna.com\/?p=9622","title":{"rendered":"Serce dla zakochanych pomo\u017ce dzieciom w \u015bpi\u0105czce"},"content":{"rendered":"\n<p>Na Placu Biega\u0144skiego stoi blisko dwumetrowe serce z metalu, do kt\u00f3rego zakochani mog\u0105 przypi\u0105\u0107 k\u0142\u00f3dki z wyznaniem mi\u0142o\u015bci lub przywi\u0105za\u0107 czerwone wst\u0105\u017cki ze swoimi imionami. Wygl\u0105da na to, \u017ce na dobre wpisze si\u0119 ono w krajobraz miasta. W\u0142adze samorz\u0105dowe popar\u0142y pomys\u0142 tej instalacji. By\u0107 mo\u017ce niebawem obok serca stanie tak\u017ce  \u0142aweczka dla zakochanych.<br> Wykonawc\u0105 serca jest znany cz\u0119stochowski \u015blusarz, pomys\u0142odawca og\u00f3lnopolskiej zbi\u00f3rki starych kluczy dla Fundacji Ewy B\u0142aszczyk \u201eBudzik\u201d \u2013 Jan \u0141aczma\u0144ski. Wypo\u017cyczy\u0142 on cz\u0119stochowskiemu sztabowi Wielkiej Orkiestry \u015awi\u0105tecznej Pomocy serca na niedawny fina\u0142. Pomys\u0142 z przypinaniem k\u0142\u00f3dek mi\u0142o\u015bci bardzo si\u0119 spodoba\u0142 i teraz serce b\u0119dzie do dyspozycji zakochanych na sta\u0142e.<\/p>\n\n\n\n<figure class=\"wp-block-image\"><img decoding=\"async\" width=\"576\" height=\"1024\" data-src=\"https:\/\/gazetaregionalna.com\/wp-content\/uploads\/2020\/02\/serce2-576x1024.jpg\" alt=\"\" class=\"wp-image-9623 lazyload\" data-srcset=\"https:\/\/gazetaregionalna.com\/wp-content\/uploads\/2020\/02\/serce2-576x1024.jpg 576w, https:\/\/gazetaregionalna.com\/wp-content\/uploads\/2020\/02\/serce2-169x300.jpg 169w, https:\/\/gazetaregionalna.com\/wp-content\/uploads\/2020\/02\/serce2-768x1365.jpg 768w, https:\/\/gazetaregionalna.com\/wp-content\/uploads\/2020\/02\/serce2-696x1237.jpg 696w, https:\/\/gazetaregionalna.com\/wp-content\/uploads\/2020\/02\/serce2-1068x1899.jpg 1068w, https:\/\/gazetaregionalna.com\/wp-content\/uploads\/2020\/02\/serce2-236x420.jpg 236w, https:\/\/gazetaregionalna.com\/wp-content\/uploads\/2020\/02\/serce2.jpg 900w\" data-sizes=\"(max-width: 576px) 100vw, 576px\" src=\"data:image\/svg+xml;base64,PHN2ZyB3aWR0aD0iMSIgaGVpZ2h0PSIxIiB4bWxucz0iaHR0cDovL3d3dy53My5vcmcvMjAwMC9zdmciPjwvc3ZnPg==\" style=\"--smush-placeholder-width: 576px; --smush-placeholder-aspect-ratio: 576\/1024;\" \/><\/figure>\n\n\n\n<p><br> \u2013\u00a0<em>O tym, aby stworzy\u0107 takie serce, my\u015bla\u0142em ju\u017c dawn<\/em>o\u00a0\u2013 opowiada Jan \u0141aczma\u0144ski. \u2013<em>\u00a0Chcia\u0142em, aby cz\u0119stochowianie oraz odwiedzaj\u0105cy nasze miasto tury\u015bci mieli wzorem innych miejscowo\u015bci mo\u017cliwo\u015b\u0107 takiego romantycznego wyznania mi\u0142o\u015bci. Chcia\u0142em oczywi\u015bcie po\u0142\u0105czy\u0107 przyjemne z po\u017cytecznym i prowadzi\u0107 jednocze\u015bnie zbi\u00f3rk\u0119 kluczy dla \u201eBudzika\u201d<\/em> \u2013 dodaje.<br> Obok serca stan\u0119\u0142a wi\u0119c, tak\u017ce wykonana przez pana Jana, skarbonka na zb\u0119dne klucze. Jak si\u0119 okazuje, klucze wrzucaj\u0105 tam nie tylko ci, kt\u00f3rzy chc\u0105 przypina\u0107 do serca swoje k\u0142\u00f3dki. O to w\u0142a\u015bnie chodzi Janowi \u0141aczma\u0144skiemu. Jak m\u00f3wi, taka sta\u0142a obecno\u015b\u0107 skarbonki na placu przed Ratuszem sk\u0142oni\u0107 mo\u017ce do pomocy dla \u201eBudzika\u201d wiele os\u00f3b.<br> \u2013\u00a0<em>Mam kolejny pomys\u0142, jak rozpropagowa\u0107 ide\u0119 zbi\u00f3rki kluczy, wykorzystuj\u0105c serce na Placu Biega\u0144skiego<\/em>\u00a0\u2013 m\u00f3wi Jan \u0141aczma\u0144ski. \u2013<em>Spotkajmy si\u0119 14 lutego o godzinie 14 pod tym sercem. Razem z Radiem Jura zapraszam zakochanych. Przyjd\u017acie, zawie\u015bcie k\u0142\u00f3dki i zr\u00f3bcie sobie pami\u0105tkowe zdj\u0119cie. Oczywi\u015bcie nie zapomnijcie wrzuci\u0107 do skarbonki zb\u0119dne klucze dla \u201eBudzika<\/em>\u201d &#8211; dodaje.<br> Jan \u0141aczma\u0144ski jest ju\u017c po rozmowach z w\u0142adzami Cz\u0119stochowy. Przedstawiciele cz\u0119stochowskiego samorz\u0105du popieraj\u0105 jego dzia\u0142ania. Teraz panu Janowi marzy si\u0119 jeszcze \u0142aweczka dla zakochanych. Ju\u017c zabra\u0142 si\u0119 za jej wykonanie.<\/p>\n\n\n\n<ul class=\"wp-block-list\"><li><em>Rozmawia\u0142em o ca\u0142ej sprawie z Ew\u0105 B\u0142aszczyk, za\u0142o\u017cycielk\u0105 \u201eBudzika\u201d<\/em> &#8211; opowiada Jan \u0141aczma\u0144ski. <em>&#8211; Spodoba\u0142a si\u0119 jej nasza idea i poprosi\u0142a, aby\u015bmy w jej imieniu przypi\u0119li do serca na Placu Biega\u0144skiego z podzi\u0119kowaniami dla Cz\u0119stochowy. Taka k\u0142\u00f3dka zawi\u015bnie na sercu w najbli\u017cszy weekend.<\/em><\/li><\/ul>\n","protected":false},"excerpt":{"rendered":"<p>Na Placu Biega\u0144skiego stoi blisko dwumetrowe serce z metalu, do kt\u00f3rego zakochani mog\u0105 przypi\u0105\u0107 k\u0142\u00f3dki z wyznaniem mi\u0142o\u015bci lub przywi\u0105za\u0107 czerwone wst\u0105\u017cki ze swoimi<\/p>\n","protected":false},"author":7,"featured_media":9624,"comment_status":"open","ping_status":"open","sticky":false,"template":"","format":"standard","meta":{"_monsterinsights_skip_tracking":false,"_monsterinsights_sitenote_active":false,"_monsterinsights_sitenote_note":"","_monsterinsights_sitenote_category":0,"_uf_show_specific_survey":0,"_uf_disable_surveys":false,"footnotes":""},"categories":[3,94,2],"tags":[],"class_list":["post-9622","post","type-post","status-publish","format-standard","has-post-thumbnail","hentry","category-czestochowa-informacje","category-polecane","category-wiadomosci"],"_links":{"self":[{"href":"https:\/\/gazetaregionalna.com\/index.php?rest_route=\/wp\/v2\/posts\/9622","targetHints":{"allow":["GET"]}}],"collection":[{"href":"https:\/\/gazetaregionalna.com\/index.php?rest_route=\/wp\/v2\/posts"}],"about":[{"href":"https:\/\/gazetaregionalna.com\/index.php?rest_route=\/wp\/v2\/types\/post"}],"author":[{"embeddable":true,"href":"https:\/\/gazetaregionalna.com\/index.php?rest_route=\/wp\/v2\/users\/7"}],"replies":[{"embeddable":true,"href":"https:\/\/gazetaregionalna.com\/index.php?rest_route=%2Fwp%2Fv2%2Fcomments&post=9622"}],"version-history":[{"count":1,"href":"https:\/\/gazetaregionalna.com\/index.php?rest_route=\/wp\/v2\/posts\/9622\/revisions"}],"predecessor-version":[{"id":9625,"href":"https:\/\/gazetaregionalna.com\/index.php?rest_route=\/wp\/v2\/posts\/9622\/revisions\/9625"}],"wp:featuredmedia":[{"embeddable":true,"href":"https:\/\/gazetaregionalna.com\/index.php?rest_route=\/wp\/v2\/media\/9624"}],"wp:attachment":[{"href":"https:\/\/gazetaregionalna.com\/index.php?rest_route=%2Fwp%2Fv2%2Fmedia&parent=9622"}],"wp:term":[{"taxonomy":"category","embeddable":true,"href":"https:\/\/gazetaregionalna.com\/index.php?rest_route=%2Fwp%2Fv2%2Fcategories&post=9622"},{"taxonomy":"post_tag","embeddable":true,"href":"https:\/\/gazetaregionalna.com\/index.php?rest_route=%2Fwp%2Fv2%2Ftags&post=9622"}],"curies":[{"name":"wp","href":"https:\/\/api.w.org\/{rel}","templated":true}]}}