{"id":9615,"date":"2020-01-31T15:30:44","date_gmt":"2020-01-31T15:30:44","guid":{"rendered":"https:\/\/gazetaregionalna.com\/?p=9615"},"modified":"2020-01-31T15:30:47","modified_gmt":"2020-01-31T15:30:47","slug":"policza-samochody-na-drogach","status":"publish","type":"post","link":"https:\/\/gazetaregionalna.com\/?p=9615","title":{"rendered":"Policz\u0105 samochody na drogach"},"content":{"rendered":"\n<p>Rozpocz\u0105\u0142 si\u0119 Generalny Pomiar Ruchu na sieci dr\u00f3g krajowych zarz\u0105dzanych przez Generaln\u0105 Dyrekcj\u0119 Dr\u00f3g Krajowych i Autostrad. Zebrane informacje zostan\u0105 wykorzystane przy podejmowaniu decyzji dotycz\u0105cych m.in. budowy nowych dr\u00f3g i utrzymania sieci drogowej w jak najlepszym stanie. W tym roku pomiary b\u0119d\u0105 wykonywane w 2285 punktach.<\/p>\n\n\n\n<p>Generalny Pomiar Ruchu jest przeprowadzany co pi\u0119\u0107 lat przez Generaln\u0105 Dyrekcj\u0119 Dr\u00f3g Krajowych i Autostrad oraz zarz\u0105dc\u00f3w dr\u00f3g wojew\u00f3dzkich. Pomiar na sieci dr\u00f3g wojew\u00f3dzkich zostanie przeprowadzony wed\u0142ug metody opracowanej przez GDDKiA, zapewniaj\u0105cej por\u00f3wnywalno\u015b\u0107 wynik\u00f3w z drogami krajowymi. Szczeg\u00f3\u0142owe informacje o zasadach, terminach i sposobie przeprowadzenia pomiar\u00f3w na drogach wojew\u00f3dzkich zawieraj\u0105 zaakceptowane przez Ministerstwo Infrastruktury \u201eWytyczne organizacji i przeprowadzenia Generalnego Pomiaru Ruchu w 2020 roku na drogach wojew\u00f3dzkich\u201d.<\/p>\n\n\n\n<figure class=\"wp-block-image\"><img decoding=\"async\" data-src=\"https:\/\/gazetaregionalna.com\/wp-content\/uploads\/2020\/01\/liczenie-samochodow-2-1024x432.jpg\" alt=\"\" class=\"wp-image-9616 lazyload\" src=\"data:image\/svg+xml;base64,PHN2ZyB3aWR0aD0iMSIgaGVpZ2h0PSIxIiB4bWxucz0iaHR0cDovL3d3dy53My5vcmcvMjAwMC9zdmciPjwvc3ZnPg==\" style=\"--smush-placeholder-width: 1024px; --smush-placeholder-aspect-ratio: 1024\/432;\"><\/figure>\n\n\n\n<p><br> Dlaczego jest wykonywany pomiary ruchu?<br> Dane zebrane w ramach Generalnego Pomiaru Ruchu, z podzia\u0142em na kategorie pojazd\u00f3w, pozwol\u0105 obliczy\u0107 \u015bredni dobowy ruch roczny na sieci dr\u00f3g krajowych. Wyniki GPR stanowi\u0105 jedn\u0105 z najbardziej istotnych informacji o zarz\u0105dzanej przez GDDKiA sieci. Na ich podstawie podejmowane s\u0105 decyzje dotycz\u0105ce budowy i przebudowy nowych dr\u00f3g: ich przekroju, geometrii i skrzy\u017cowa\u0144. Ponadto okre\u015blane s\u0105 wska\u017aniki ekonomiczne decyduj\u0105ce o realizacji inwestycji, remontach oraz ich zakresie. Na podstawie wynik\u00f3w podejmowane s\u0105 te\u017c decyzje zwi\u0105zane z klasyfikacj\u0105 dr\u00f3g, ustalaniem ci\u0105g\u00f3w dr\u00f3g i priorytet\u00f3w w ramach krajowej i mi\u0119dzynarodowej sieci drogowej. Wyniki GPR 2020 b\u0119d\u0105 dost\u0119pne na pocz\u0105tku 2021 roku.<br> W jaki spos\u00f3b liczone s\u0105 pojazdy?<br> Pomiary odbywaj\u0105 si\u0119 automatycznie, za pomoc\u0105 zlokalizowanych przy drogach zarz\u0105dzanych przez GDDKiA stacji ci\u0105g\u0142ego pomiaru ruchu oraz metod\u0105 wideorejestracji, za po\u015brednictwem kamer.<br> Generalny Pomiar Ruchu nie obejmie odcink\u00f3w dr\u00f3g krajowych w miastach na prawach powiatu, kt\u00f3re nie s\u0105 administrowane przez GDDKiA.<\/p>\n\n\n\n<p>Terminy pomiar\u00f3w<br> Liczenie pojazd\u00f3w odbywa si\u0119 w pi\u0119tnastu wybranych terminach w ci\u0105gu roku, w wyznaczonych i oznakowanych punktach na drodze. Przeprowadzanych jest dziewi\u0119\u0107 pomiar\u00f3w w ci\u0105gu dnia (od godz. 6 do 22) i sze\u015b\u0107 w nocy (od godz. 22 do 6). Dla ka\u017cdego dnia pomiarowego wyznaczone s\u0105 dwa terminy rezerwowe. Cz\u0119stotliwo\u015b\u0107 pomiar\u00f3w uzale\u017cniona jest od typu punktu pomiarowego.<\/p>\n\n\n\n<p>(Ministerstwo Infrastruktury)<\/p>\n","protected":false},"excerpt":{"rendered":"<p>Rozpocz\u0105\u0142 si\u0119 Generalny Pomiar Ruchu na sieci dr\u00f3g krajowych zarz\u0105dzanych przez Generaln\u0105 Dyrekcj\u0119 Dr\u00f3g Krajowych i Autostrad. Zebrane informacje zostan\u0105 wykorzystane przy podejmowaniu decyzji<\/p>\n","protected":false},"author":7,"featured_media":9617,"comment_status":"open","ping_status":"open","sticky":false,"template":"","format":"standard","meta":{"_monsterinsights_skip_tracking":false,"_monsterinsights_sitenote_active":false,"_monsterinsights_sitenote_note":"","_monsterinsights_sitenote_category":0,"_uf_show_specific_survey":0,"_uf_disable_surveys":false,"footnotes":""},"categories":[18,94,2],"tags":[],"class_list":["post-9615","post","type-post","status-publish","format-standard","has-post-thumbnail","hentry","category-motoryzacja","category-polecane","category-wiadomosci"],"_links":{"self":[{"href":"https:\/\/gazetaregionalna.com\/index.php?rest_route=\/wp\/v2\/posts\/9615","targetHints":{"allow":["GET"]}}],"collection":[{"href":"https:\/\/gazetaregionalna.com\/index.php?rest_route=\/wp\/v2\/posts"}],"about":[{"href":"https:\/\/gazetaregionalna.com\/index.php?rest_route=\/wp\/v2\/types\/post"}],"author":[{"embeddable":true,"href":"https:\/\/gazetaregionalna.com\/index.php?rest_route=\/wp\/v2\/users\/7"}],"replies":[{"embeddable":true,"href":"https:\/\/gazetaregionalna.com\/index.php?rest_route=%2Fwp%2Fv2%2Fcomments&post=9615"}],"version-history":[{"count":1,"href":"https:\/\/gazetaregionalna.com\/index.php?rest_route=\/wp\/v2\/posts\/9615\/revisions"}],"predecessor-version":[{"id":9618,"href":"https:\/\/gazetaregionalna.com\/index.php?rest_route=\/wp\/v2\/posts\/9615\/revisions\/9618"}],"wp:featuredmedia":[{"embeddable":true,"href":"https:\/\/gazetaregionalna.com\/index.php?rest_route=\/wp\/v2\/media\/9617"}],"wp:attachment":[{"href":"https:\/\/gazetaregionalna.com\/index.php?rest_route=%2Fwp%2Fv2%2Fmedia&parent=9615"}],"wp:term":[{"taxonomy":"category","embeddable":true,"href":"https:\/\/gazetaregionalna.com\/index.php?rest_route=%2Fwp%2Fv2%2Fcategories&post=9615"},{"taxonomy":"post_tag","embeddable":true,"href":"https:\/\/gazetaregionalna.com\/index.php?rest_route=%2Fwp%2Fv2%2Ftags&post=9615"}],"curies":[{"name":"wp","href":"https:\/\/api.w.org\/{rel}","templated":true}]}}