{"id":9602,"date":"2020-01-31T09:46:20","date_gmt":"2020-01-31T09:46:20","guid":{"rendered":"https:\/\/gazetaregionalna.com\/?p=9602"},"modified":"2020-01-31T09:46:22","modified_gmt":"2020-01-31T09:46:22","slug":"warsztaty-literackie-w-teatrze","status":"publish","type":"post","link":"https:\/\/gazetaregionalna.com\/?p=9602","title":{"rendered":"Warsztaty literackie w teatrze"},"content":{"rendered":"\n<p>\nTeatr\nim. Adama Mickiewicza w Cz\u0119stochowie zaprasza na cykl tw\u00f3rczych\nspotka\u0144 po\u0142\u0105czonych z warsztatami pisarskimi.<\/p>\n\n\n\n<p>Warsztaty\nrozpoczn\u0105 si\u0119 7\nmarca. Poprowadzi\nje pisarz\nMiko\u0142aj Grynberg.\nUczestnicy\nzaj\u0119\u0107 naucz\u0105 si\u0119, jak\ndokumentowa\u0107 opowie\u015bci, jak s\u0142ucha\u0107 i nie przeszkadza\u0107\nopowiadaj\u0105cemu, jak wybra\u0107 bohatera i temat, a\ntak\u017ce\nco zrobi\u0107 z zebranym materia\u0142em literackim. Na zako\u0144czenie\nwarsztat\u00f3w organizatorzy\nplanuj\u0105\nwydanie roboczego zbioru powsta\u0142ych tekst\u00f3w, dla kt\u00f3rych spoiwem\nb\u0119dzie s\u0142owo <em>to\u017csamo\u015b\u0107<\/em>.<\/p>\n\n\n\n<p>\nKoszt\nwarsztat\u00f3w to 700 z\u0142 za cykl 6 spotka\u0144, kt\u00f3re trwa\u0107 b\u0119d\u0105 od\nmarca do maja. Ilo\u015b\u0107 miejsc jest ograniczona.<\/p>\n\n\n\n<p>Aby\nzosta\u0107 uczestnikiem zaj\u0119\u0107, nale\u017cy:<br>\n&#8211; by\u0107 osob\u0105\npe\u0142noletni\u0105;<br>\n&#8211; posiada\u0107 telefon z mo\u017cliwo\u015bci\u0105 nagrywania\nlub dyktafon, sprawnie pisa\u0107 na komputerze;<br>\n&#8211; wys\u0142a\u0107 swoje\nzg\u0142oszenie zawieraj\u0105ce imi\u0119 i nazwisko oraz numer telefonu na\nadres:&nbsp;<br>\n<a href=\"https:\/\/poczta.wp.pl\/k\/#\" target=\"_blank\" rel=\"noopener\"><strong>a.karkoszka@teatr-mickiewicza.pl<\/strong><\/a><strong>;&nbsp;<\/strong><br>\n&#8211;\nw zg\u0142oszeniu napisa\u0107 kilka zda\u0144 o sobie i uzasadni\u0107 ch\u0119\u0107\nuczestnictwa w warsztatach;<br>\n&#8211; do 15 lutego 2020 r. op\u0142aci\u0107\nwpisowe w wysoko\u015bci 200 z\u0142.<\/p>\n\n\n\n<p>\nOrganizatorzy\nzastrzegaj\u0105 mo\u017cliwo\u015b\u0107 wyboru uczestnik\u00f3w zaj\u0119\u0107.&nbsp;<br>\nPlanowane\nterminy spotka\u0144: 7, 21 marca, 4 i 18 kwietnia, 9 i 23 maja.<\/p>\n\n\n\n<p>\nZaj\u0119cia\nodbywa\u0107\nsi\u0119 b\u0119d\u0105\n w\ngodzinach\n11 \u2013 14.\n\n<\/p>\n","protected":false},"excerpt":{"rendered":"<p>Teatr im. Adama Mickiewicza w Cz\u0119stochowie zaprasza na cykl tw\u00f3rczych spotka\u0144 po\u0142\u0105czonych z warsztatami pisarskimi. Warsztaty rozpoczn\u0105 si\u0119 7 marca. Poprowadzi je pisarz Miko\u0142aj<\/p>\n","protected":false},"author":7,"featured_media":9603,"comment_status":"open","ping_status":"open","sticky":false,"template":"","format":"standard","meta":{"_monsterinsights_skip_tracking":false,"_monsterinsights_sitenote_active":false,"_monsterinsights_sitenote_note":"","_monsterinsights_sitenote_category":0,"_uf_show_specific_survey":0,"_uf_disable_surveys":false,"footnotes":""},"categories":[3,12,94,2,13],"tags":[],"class_list":["post-9602","post","type-post","status-publish","format-standard","has-post-thumbnail","hentry","category-czestochowa-informacje","category-kultura-i-rozrywka","category-polecane","category-wiadomosci","category-wydarzenia"],"_links":{"self":[{"href":"https:\/\/gazetaregionalna.com\/index.php?rest_route=\/wp\/v2\/posts\/9602","targetHints":{"allow":["GET"]}}],"collection":[{"href":"https:\/\/gazetaregionalna.com\/index.php?rest_route=\/wp\/v2\/posts"}],"about":[{"href":"https:\/\/gazetaregionalna.com\/index.php?rest_route=\/wp\/v2\/types\/post"}],"author":[{"embeddable":true,"href":"https:\/\/gazetaregionalna.com\/index.php?rest_route=\/wp\/v2\/users\/7"}],"replies":[{"embeddable":true,"href":"https:\/\/gazetaregionalna.com\/index.php?rest_route=%2Fwp%2Fv2%2Fcomments&post=9602"}],"version-history":[{"count":1,"href":"https:\/\/gazetaregionalna.com\/index.php?rest_route=\/wp\/v2\/posts\/9602\/revisions"}],"predecessor-version":[{"id":9604,"href":"https:\/\/gazetaregionalna.com\/index.php?rest_route=\/wp\/v2\/posts\/9602\/revisions\/9604"}],"wp:featuredmedia":[{"embeddable":true,"href":"https:\/\/gazetaregionalna.com\/index.php?rest_route=\/wp\/v2\/media\/9603"}],"wp:attachment":[{"href":"https:\/\/gazetaregionalna.com\/index.php?rest_route=%2Fwp%2Fv2%2Fmedia&parent=9602"}],"wp:term":[{"taxonomy":"category","embeddable":true,"href":"https:\/\/gazetaregionalna.com\/index.php?rest_route=%2Fwp%2Fv2%2Fcategories&post=9602"},{"taxonomy":"post_tag","embeddable":true,"href":"https:\/\/gazetaregionalna.com\/index.php?rest_route=%2Fwp%2Fv2%2Ftags&post=9602"}],"curies":[{"name":"wp","href":"https:\/\/api.w.org\/{rel}","templated":true}]}}