{"id":9567,"date":"2020-01-29T11:30:06","date_gmt":"2020-01-29T11:30:06","guid":{"rendered":"https:\/\/gazetaregionalna.com\/?p=9567"},"modified":"2020-01-29T11:30:10","modified_gmt":"2020-01-29T11:30:10","slug":"wyszla-z-domu-i-nie-wrocila-3","status":"publish","type":"post","link":"https:\/\/gazetaregionalna.com\/?p=9567","title":{"rendered":"Wysz\u0142a z domu i nie wr\u00f3ci\u0142a"},"content":{"rendered":"\n<p>\n<strong>Cz\u0119stochowska\npolicja poszukuje 17-letniej Wiktorii Talaski, kt\u00f3ra wysz\u0142a z domu\nwczoraj wieczorem i do tej pory nie wr\u00f3ci\u0142a.<\/strong><\/p>\n\n\n\n<p>\nJak\nwynika z dotychczasowych ustale\u0144, Wiktoria Talaska\nostatni raz widziana by\u0142a w dniu 28 stycznia,\noko\u0142o godz. 21 w miejscu zamieszkania &#8211; przy ul. Staszica w\nCz\u0119stochowie.<\/p>\n\n\n\n<p>\nRysopis\nzaginionej: wzrost 165 cm, t\u0119giej budowy cia\u0142a, w\u0142osy czarne do\nramion<\/p>\n\n\n\n<p>\nUbrana\nw czarn\u0105 kurtk\u0119 do kolan z kapturem obszytym futerkiem, czarne\nlegginsy, niebieskie adidasy, mia\u0142a przy sobie szar\u0105 torb\u0119.<\/p>\n\n\n\n<p>\nKa\u017cdy,\nkto ma jakiekolwiek informacje na temat miejsca pobytu zaginionej,\nproszony jest o kontakt z Komend\u0105 Miejsk\u0105 Policji w Cz\u0119stochowie &#8211;\ntelefon (34) 369 12 55, (34) 369 12 80 lub z najbli\u017csz\u0105 jednostk\u0105\npolicji pod numerem telefonu alarmowego 997 lub 112.<\/p>\n\n\n\n<p>(\u0179r\u00f3d\u0142o:\nKMP Cz\u0119stochowa)<\/p>\n","protected":false},"excerpt":{"rendered":"<p>Cz\u0119stochowska policja poszukuje 17-letniej Wiktorii Talaski, kt\u00f3ra wysz\u0142a z domu wczoraj wieczorem i do tej pory nie wr\u00f3ci\u0142a. Jak wynika z dotychczasowych ustale\u0144, Wiktoria<\/p>\n","protected":false},"author":7,"featured_media":9568,"comment_status":"open","ping_status":"open","sticky":false,"template":"","format":"standard","meta":{"_monsterinsights_skip_tracking":false,"_monsterinsights_sitenote_active":false,"_monsterinsights_sitenote_note":"","_monsterinsights_sitenote_category":0,"_uf_show_specific_survey":0,"_uf_disable_surveys":false,"footnotes":""},"categories":[3,94,2],"tags":[],"class_list":["post-9567","post","type-post","status-publish","format-standard","has-post-thumbnail","hentry","category-czestochowa-informacje","category-polecane","category-wiadomosci"],"_links":{"self":[{"href":"https:\/\/gazetaregionalna.com\/index.php?rest_route=\/wp\/v2\/posts\/9567","targetHints":{"allow":["GET"]}}],"collection":[{"href":"https:\/\/gazetaregionalna.com\/index.php?rest_route=\/wp\/v2\/posts"}],"about":[{"href":"https:\/\/gazetaregionalna.com\/index.php?rest_route=\/wp\/v2\/types\/post"}],"author":[{"embeddable":true,"href":"https:\/\/gazetaregionalna.com\/index.php?rest_route=\/wp\/v2\/users\/7"}],"replies":[{"embeddable":true,"href":"https:\/\/gazetaregionalna.com\/index.php?rest_route=%2Fwp%2Fv2%2Fcomments&post=9567"}],"version-history":[{"count":1,"href":"https:\/\/gazetaregionalna.com\/index.php?rest_route=\/wp\/v2\/posts\/9567\/revisions"}],"predecessor-version":[{"id":9569,"href":"https:\/\/gazetaregionalna.com\/index.php?rest_route=\/wp\/v2\/posts\/9567\/revisions\/9569"}],"wp:featuredmedia":[{"embeddable":true,"href":"https:\/\/gazetaregionalna.com\/index.php?rest_route=\/wp\/v2\/media\/9568"}],"wp:attachment":[{"href":"https:\/\/gazetaregionalna.com\/index.php?rest_route=%2Fwp%2Fv2%2Fmedia&parent=9567"}],"wp:term":[{"taxonomy":"category","embeddable":true,"href":"https:\/\/gazetaregionalna.com\/index.php?rest_route=%2Fwp%2Fv2%2Fcategories&post=9567"},{"taxonomy":"post_tag","embeddable":true,"href":"https:\/\/gazetaregionalna.com\/index.php?rest_route=%2Fwp%2Fv2%2Ftags&post=9567"}],"curies":[{"name":"wp","href":"https:\/\/api.w.org\/{rel}","templated":true}]}}