{"id":95661,"date":"2022-10-30T17:35:12","date_gmt":"2022-10-30T17:35:12","guid":{"rendered":"https:\/\/gazetaregionalna.com\/?p=95661"},"modified":"2022-10-30T17:35:13","modified_gmt":"2022-10-30T17:35:13","slug":"ogolnopolski-konkurs-wokalny-im-jopka","status":"publish","type":"post","link":"https:\/\/gazetaregionalna.com\/?p=95661","title":{"rendered":"Og\u00f3lnopolski Konkurs Wokalny im. Stanis\u0142awa Jopka. Przes\u0142uchania w Cz\u0119stochowie odb\u0119d\u0105 si\u0119 24 listopada"},"content":{"rendered":"\n<h2 class=\"wp-block-heading\">W tym roku Og\u00f3lnopolski Konkurs Wokalny im. Stanis\u0142awa Jopka doczeka\u0142 si\u0119 trzeciej edycji. Zg\u0142oszenia przyjmowane s\u0105 do 21 listopada. Przes\u0142uchania odb\u0119d\u0105 si\u0119 trzy dni p\u00f3\u017aniej w Regionalnym O\u015brodku Kultury w Cz\u0119stochowie.<\/h2>\n\n\n\n<p>Og\u00f3lnopolski Konkurs Wokalny im. Stanis\u0142awa Jopka narodzi\u0142 si\u0119 2019 r. z inicjatywy zespo\u0142u \u201eMazowsze&#8221;. Tw\u00f3rcom tego przedsi\u0119wzi\u0119cia przy\u015bwieca\u0142a idea upowszechnienia w\u015br\u00f3d Polak\u00f3w zar\u00f3wno tych znanych, jak i rzadko wykonywanych utwor\u00f3w \u201eMazowsza&#8221;, ale r\u00f3wnie\u017c przybli\u017cenie sylwetki patrona wydarzenia.<\/p>\n\n\n\n<p>W tym roku konkurs doczeka\u0142 si\u0119 trzeciej ods\u0142ony. Zg\u0142oszenia przyjmowane s\u0105 do 21 listopada za po\u015brednictwem strony <a href=\"https:\/\/mazowsze.waw.pl\/\" target=\"_blank\" rel=\"noopener\">mazowsze.waw.pl<\/a>. Harmonogram wydarzenia przewiduje trzy etapy. Przes\u0142uchania w ramach pierwszej cz\u0119\u015bci zostan\u0105 przeprowadzone w blisko pi\u0119\u0107dziesi\u0119ciu o\u015brodkach lokalnych. <\/p>\n\n\n\n<figure class=\"wp-block-image size-large\"><img decoding=\"async\" data-src=\"https:\/\/gazetaregionalna.com\/wp-content\/uploads\/2022\/10\/indeks.jpg\" alt=\"\" class=\"wp-image-95665 lazyload\" src=\"data:image\/svg+xml;base64,PHN2ZyB3aWR0aD0iMSIgaGVpZ2h0PSIxIiB4bWxucz0iaHR0cDovL3d3dy53My5vcmcvMjAwMC9zdmciPjwvc3ZnPg==\"><figcaption>Og\u00f3lnopolski Konkurs Wokalny im. Stanis\u0142awa Jopka<\/figcaption><\/figure>\n\n\n\n<p>W Cz\u0119stochowie przes\u0142uchania odbywa\u0107 si\u0119 b\u0119d\u0105 w Regionalnym O\u015brodku Kultury. Zaplanowano je na 24 listopada na godz. 10. Kandydaci maj\u0105 obowi\u0105zek przygotowa\u0107 dwa utwory z repertuaru zespo\u0142u \u201eMazowsze&#8221; z podanej listy piosenek. <\/p>\n\n\n\n<p>Na zmagania drugiego etapu zwyci\u0119zcy w poszczeg\u00f3lnych grupach wiekowych zostan\u0105 zaproszeni do wyznaczonych o\u015brodk\u00f3w makroregionalnych. Trzeci i zarazem ostatni etap, odb\u0119dzie si\u0119 w Karolinie, siedzibie \u201eMazowsza&#8221; w Otr\u0119busach pod Warszaw\u0105. <\/p>\n\n\n\n<p>Konkurs od pocz\u0105tku mia\u0142 na celu roz\u015bpiewanie ca\u0142ej Polski, dlatego uczestnicy rywalizuj\u0105 w czterech kategoriach wiekowych: 8-13 lat, 14-19 lat, 20-25 lat oraz powy\u017cej 26 lat.<\/p>\n\n\n\n<p>Laureat\u00f3w poznamy w pa\u017adzierniku 2023 r. podczas Koncertu Galowego, kt\u00f3ry odb\u0119dzie si\u0119 w siedzibie zespo\u0142u \u201eMazowsze&#8221; w Karolinie.<\/p>\n\n\n\n<p><strong>red.<\/strong><\/p>\n","protected":false},"excerpt":{"rendered":"<p>W tym roku Og\u00f3lnopolski Konkurs Wokalny im. Stanis\u0142awa Jopka doczeka\u0142 si\u0119 trzeciej edycji. Zg\u0142oszenia przyjmowane s\u0105 do 21 listopada. Przes\u0142uchania odb\u0119d\u0105 si\u0119 trzy dni<\/p>\n","protected":false},"author":11,"featured_media":0,"comment_status":"closed","ping_status":"open","sticky":false,"template":"","format":"standard","meta":{"_monsterinsights_skip_tracking":false,"_monsterinsights_sitenote_active":false,"_monsterinsights_sitenote_note":"","_monsterinsights_sitenote_category":0,"_uf_show_specific_survey":0,"_uf_disable_surveys":false,"footnotes":""},"categories":[12,3,2],"tags":[6759,1705],"class_list":["post-95661","post","type-post","status-publish","format-standard","hentry","category-kultura-i-rozrywka","category-czestochowa-informacje","category-wiadomosci","tag-ogolnopolski-konkurs-wokalny-im-stanislawa-jopka","tag-regionalny-osrodek-kultury"],"_links":{"self":[{"href":"https:\/\/gazetaregionalna.com\/index.php?rest_route=\/wp\/v2\/posts\/95661","targetHints":{"allow":["GET"]}}],"collection":[{"href":"https:\/\/gazetaregionalna.com\/index.php?rest_route=\/wp\/v2\/posts"}],"about":[{"href":"https:\/\/gazetaregionalna.com\/index.php?rest_route=\/wp\/v2\/types\/post"}],"author":[{"embeddable":true,"href":"https:\/\/gazetaregionalna.com\/index.php?rest_route=\/wp\/v2\/users\/11"}],"replies":[{"embeddable":true,"href":"https:\/\/gazetaregionalna.com\/index.php?rest_route=%2Fwp%2Fv2%2Fcomments&post=95661"}],"version-history":[{"count":3,"href":"https:\/\/gazetaregionalna.com\/index.php?rest_route=\/wp\/v2\/posts\/95661\/revisions"}],"predecessor-version":[{"id":95666,"href":"https:\/\/gazetaregionalna.com\/index.php?rest_route=\/wp\/v2\/posts\/95661\/revisions\/95666"}],"wp:attachment":[{"href":"https:\/\/gazetaregionalna.com\/index.php?rest_route=%2Fwp%2Fv2%2Fmedia&parent=95661"}],"wp:term":[{"taxonomy":"category","embeddable":true,"href":"https:\/\/gazetaregionalna.com\/index.php?rest_route=%2Fwp%2Fv2%2Fcategories&post=95661"},{"taxonomy":"post_tag","embeddable":true,"href":"https:\/\/gazetaregionalna.com\/index.php?rest_route=%2Fwp%2Fv2%2Ftags&post=95661"}],"curies":[{"name":"wp","href":"https:\/\/api.w.org\/{rel}","templated":true}]}}