{"id":9562,"date":"2020-01-28T12:40:37","date_gmt":"2020-01-28T12:40:37","guid":{"rendered":"https:\/\/gazetaregionalna.com\/?p=9562"},"modified":"2020-01-28T12:40:39","modified_gmt":"2020-01-28T12:40:39","slug":"rosnie-wezel-przesiadkowy","status":"publish","type":"post","link":"https:\/\/gazetaregionalna.com\/?p=9562","title":{"rendered":"Ro\u015bnie w\u0119ze\u0142 przesiadkowy"},"content":{"rendered":"\n<p> Na budowie w\u0119z\u0142a przesiadkowego w Lubli\u0144cu praca wre. Nic dziwnego, ca\u0142o\u015b\u0107 ma by\u0107 gotowa na koniec maja, a do zrobienia jeszcze sporo zosta\u0142o. Strefa park&amp;ride, czyli parkuj i jed\u017a ma  nie tylko usprawni\u0107 komunikacj\u0119 w samym mie\u015bcie oraz powiecie, ale r\u00f3wnie\u017c przyczyni\u0107 si\u0119 do ograniczenia emisji spalin. Dla Lubli\u0144ca jest to tak\u017ce szansa na uzyskanie ciekawej, atrakcyjnej nie tylko dla mieszka\u0144c\u00f3w miasta nowej przestrzeni miejskiej.<\/p>\n\n\n\n<figure class=\"wp-block-image\"><img decoding=\"async\" width=\"1024\" height=\"576\" data-src=\"https:\/\/gazetaregionalna.com\/wp-content\/uploads\/2020\/01\/20200124_095122-1024x576.jpg\" alt=\"\" class=\"wp-image-9564 lazyload\" data-srcset=\"https:\/\/gazetaregionalna.com\/wp-content\/uploads\/2020\/01\/20200124_095122-1024x576.jpg 1024w, https:\/\/gazetaregionalna.com\/wp-content\/uploads\/2020\/01\/20200124_095122-300x169.jpg 300w, https:\/\/gazetaregionalna.com\/wp-content\/uploads\/2020\/01\/20200124_095122-768x432.jpg 768w, https:\/\/gazetaregionalna.com\/wp-content\/uploads\/2020\/01\/20200124_095122-696x392.jpg 696w, https:\/\/gazetaregionalna.com\/wp-content\/uploads\/2020\/01\/20200124_095122-1068x601.jpg 1068w, https:\/\/gazetaregionalna.com\/wp-content\/uploads\/2020\/01\/20200124_095122-747x420.jpg 747w, https:\/\/gazetaregionalna.com\/wp-content\/uploads\/2020\/01\/20200124_095122.jpg 1200w\" data-sizes=\"(max-width: 1024px) 100vw, 1024px\" src=\"data:image\/svg+xml;base64,PHN2ZyB3aWR0aD0iMSIgaGVpZ2h0PSIxIiB4bWxucz0iaHR0cDovL3d3dy53My5vcmcvMjAwMC9zdmciPjwvc3ZnPg==\" style=\"--smush-placeholder-width: 1024px; --smush-placeholder-aspect-ratio: 1024\/576;\" \/><\/figure>\n\n\n\n<p><br> Zakres inwestycji prowadzonej w centrum Lubli\u0144ca jest du\u017cy. W okolicach ulic: Niepodleg\u0142o\u015bci, O\u015bwi\u0119cimska, Dworcowa i Paderewskiego w ramach centrum przesiadkowego powstaje  czteropoziomowy parking, kt\u00f3rego bry\u0142a ju\u017c zaczyna g\u00f3rowa\u0107 nad okolic\u0105. Obok powstaje te\u017c wiata przystankowa wraz z miejscami postojowymi dla autobus\u00f3w, a tak\u017ce parking dla oko\u0142o 80 rower\u00f3w z samoobs\u0142ugowym punktem naprawy.  W ramach tego zadania wsp\u00f3\u0142finansowanego ze \u015brodk\u00f3w unijnych zaplanowane s\u0105 r\u00f3wnie\u017c: przebudowa uk\u0142adu komunikacyjnego, wykonanie element\u00f3w ma\u0142ej architektury, utworzenie systemu monitoringu wizyjnego i zintegrowanego systemu informacji pasa\u017cerskiej. Wszystko to ma zach\u0119ci\u0107 mieszka\u0144c\u00f3w Lubli\u0144ca i powiatu do rezygnacji z samochodu na rzecz transportu zbiorowego oraz jazdy na rowerze. <\/p>\n\n\n\n<figure class=\"wp-block-image\"><img decoding=\"async\" width=\"1024\" height=\"576\" data-src=\"https:\/\/gazetaregionalna.com\/wp-content\/uploads\/2020\/01\/20200124_095246-1024x576.jpg\" alt=\"\" class=\"wp-image-9565 lazyload\" data-srcset=\"https:\/\/gazetaregionalna.com\/wp-content\/uploads\/2020\/01\/20200124_095246-1024x576.jpg 1024w, https:\/\/gazetaregionalna.com\/wp-content\/uploads\/2020\/01\/20200124_095246-300x169.jpg 300w, https:\/\/gazetaregionalna.com\/wp-content\/uploads\/2020\/01\/20200124_095246-768x432.jpg 768w, https:\/\/gazetaregionalna.com\/wp-content\/uploads\/2020\/01\/20200124_095246-696x392.jpg 696w, https:\/\/gazetaregionalna.com\/wp-content\/uploads\/2020\/01\/20200124_095246-1068x601.jpg 1068w, https:\/\/gazetaregionalna.com\/wp-content\/uploads\/2020\/01\/20200124_095246-747x420.jpg 747w, https:\/\/gazetaregionalna.com\/wp-content\/uploads\/2020\/01\/20200124_095246.jpg 1200w\" data-sizes=\"(max-width: 1024px) 100vw, 1024px\" src=\"data:image\/svg+xml;base64,PHN2ZyB3aWR0aD0iMSIgaGVpZ2h0PSIxIiB4bWxucz0iaHR0cDovL3d3dy53My5vcmcvMjAwMC9zdmciPjwvc3ZnPg==\" style=\"--smush-placeholder-width: 1024px; --smush-placeholder-aspect-ratio: 1024\/576;\" \/><\/figure>\n\n\n\n<p><br> Okolica dworc\u00f3w: autobusowego i kolejowego zyska zupe\u0142nie nowe, ciekawe, funkcjonalne, a tak\u017ce estetyczne oblicze. Samorz\u0105d Lubli\u0144ca liczy, \u017ce miejsce to stanie si\u0119 nie tylko wizyt\u00f3wk\u0105 miasta, ale tak\u017ce przyci\u0105gnie potencjalnych inwestor\u00f3w zainteresowanych stworzeniem tam sklep\u00f3w czy te\u017c punkt\u00f3w us\u0142ugowych. <br> Warto\u015b\u0107 ca\u0142ego projektu to 12 mln z\u0142otych. Na budow\u0119 gmina otrzyma\u0142a ponad 10 mln dofinansowania z Europejskiego Funduszu Rozwoju Regionalnego.<br> <br> <\/p>\n","protected":false},"excerpt":{"rendered":"<p>Na budowie w\u0119z\u0142a przesiadkowego w Lubli\u0144cu praca wre. Nic dziwnego, ca\u0142o\u015b\u0107 ma by\u0107 gotowa na koniec maja, a do zrobienia jeszcze sporo zosta\u0142o. Strefa<\/p>\n","protected":false},"author":7,"featured_media":9563,"comment_status":"open","ping_status":"open","sticky":false,"template":"","format":"standard","meta":{"_monsterinsights_skip_tracking":false,"_monsterinsights_sitenote_active":false,"_monsterinsights_sitenote_note":"","_monsterinsights_sitenote_category":0,"_uf_show_specific_survey":0,"_uf_disable_surveys":false,"footnotes":""},"categories":[33,25,94,2],"tags":[],"class_list":["post-9562","post","type-post","status-publish","format-standard","has-post-thumbnail","hentry","category-inwestycje","category-lubliniec","category-polecane","category-wiadomosci"],"_links":{"self":[{"href":"https:\/\/gazetaregionalna.com\/index.php?rest_route=\/wp\/v2\/posts\/9562","targetHints":{"allow":["GET"]}}],"collection":[{"href":"https:\/\/gazetaregionalna.com\/index.php?rest_route=\/wp\/v2\/posts"}],"about":[{"href":"https:\/\/gazetaregionalna.com\/index.php?rest_route=\/wp\/v2\/types\/post"}],"author":[{"embeddable":true,"href":"https:\/\/gazetaregionalna.com\/index.php?rest_route=\/wp\/v2\/users\/7"}],"replies":[{"embeddable":true,"href":"https:\/\/gazetaregionalna.com\/index.php?rest_route=%2Fwp%2Fv2%2Fcomments&post=9562"}],"version-history":[{"count":1,"href":"https:\/\/gazetaregionalna.com\/index.php?rest_route=\/wp\/v2\/posts\/9562\/revisions"}],"predecessor-version":[{"id":9566,"href":"https:\/\/gazetaregionalna.com\/index.php?rest_route=\/wp\/v2\/posts\/9562\/revisions\/9566"}],"wp:featuredmedia":[{"embeddable":true,"href":"https:\/\/gazetaregionalna.com\/index.php?rest_route=\/wp\/v2\/media\/9563"}],"wp:attachment":[{"href":"https:\/\/gazetaregionalna.com\/index.php?rest_route=%2Fwp%2Fv2%2Fmedia&parent=9562"}],"wp:term":[{"taxonomy":"category","embeddable":true,"href":"https:\/\/gazetaregionalna.com\/index.php?rest_route=%2Fwp%2Fv2%2Fcategories&post=9562"},{"taxonomy":"post_tag","embeddable":true,"href":"https:\/\/gazetaregionalna.com\/index.php?rest_route=%2Fwp%2Fv2%2Ftags&post=9562"}],"curies":[{"name":"wp","href":"https:\/\/api.w.org\/{rel}","templated":true}]}}