{"id":9557,"date":"2020-01-28T10:52:32","date_gmt":"2020-01-28T10:52:32","guid":{"rendered":"https:\/\/gazetaregionalna.com\/?p=9557"},"modified":"2020-01-28T10:52:35","modified_gmt":"2020-01-28T10:52:35","slug":"gmina-zarki-apeluje-o-pomoc","status":"publish","type":"post","link":"https:\/\/gazetaregionalna.com\/?p=9557","title":{"rendered":"Gmina \u017barki apeluje o pomoc"},"content":{"rendered":"\n<p>\nGmina\n\u017barki szuka \u015bwiadk\u00f3w w zwi\u0105zku z nielegalnym rzutem substancji\nnieznanego pochodzenia o kolorze szarym do studzienki kanalizacji\ndeszczowej stwierdzonym w dniu 23 stycznia 2020r. przy skrzy\u017cowaniu\nulic Zaklasztorze i Chryzantem w \u017barkach. Do zrzutu substancji mog\u0142o\ndochodzi\u0107 w ci\u0105gu ostatnich dw\u00f3ch tygodni w godzinach nocnych,\nkilkakrotnie. By\u0107 mo\u017ce s\u0105 osoby, kt\u00f3re widzia\u0142y&nbsp;w\u00f3z\nasenizacyjny, cystern\u0119 lub inny pojazd przed 23 stycznia w okolicach\nOsiedla 600-lecia, Le\u015bniowa i Sanktuarium lub zauwa\u017cy\u0142y co\u015b\nniepokoj\u0105cego.<\/p>\n\n\n\n<p>&#8211;\nLiczymy na ka\u017cd\u0105 informacj\u0119, r\u00f3wnie\u017c anonimow\u0105, kt\u00f3ra pozwoli\nnaprowadzi\u0107 na sprawc\u00f3w lub sprawc\u0119. &#8211; informuje\nKatarzyna Kuli\u0144ska-Pluta z UG \u017barki. &#8211; Prosimy\nkierowa\u0107 informacj\u0119 pod numer telefonu: 692 \u2013 498 \u2013 747 lub na\nadres: <a href=\"mailto:poczta@umigzarki.pl\">poczta@umigzarki.pl<\/a>.<\/p>\n\n\n\n<p>\nW\nzwi\u0105zku z zaistnia\u0142\u0105 sytuacj\u0105 s\u0142u\u017cby miejskiej wykona\u0142y\ndzia\u0142ania, kt\u00f3re zabezpieczy\u0142y przed mo\u017cliwo\u015bci\u0105 przedostania\nsi\u0119 substancji do rzeki Le\u015bni\u00f3wki. Pobrano pr\u00f3bki i s\u0105 badane w\ncelu sprawdzenia, jaka substancja trafi\u0142a do studzienki. Kanalizacja\ndeszczowa na Osiedlu 600-lecia jest systematycznie czyszczona.<\/p>\n\n\n\n<p>\n(Fot.\nTadeusz Zamorowski)<\/p>\n","protected":false},"excerpt":{"rendered":"<p>Gmina \u017barki szuka \u015bwiadk\u00f3w w zwi\u0105zku z nielegalnym rzutem substancji nieznanego pochodzenia o kolorze szarym do studzienki kanalizacji deszczowej stwierdzonym w dniu 23 stycznia<\/p>\n","protected":false},"author":7,"featured_media":0,"comment_status":"open","ping_status":"open","sticky":false,"template":"","format":"standard","meta":{"_monsterinsights_skip_tracking":false,"_monsterinsights_sitenote_active":false,"_monsterinsights_sitenote_note":"","_monsterinsights_sitenote_category":0,"_uf_show_specific_survey":0,"_uf_disable_surveys":false,"footnotes":""},"categories":[26,94,2],"tags":[],"class_list":["post-9557","post","type-post","status-publish","format-standard","hentry","category-myszkow","category-polecane","category-wiadomosci"],"_links":{"self":[{"href":"https:\/\/gazetaregionalna.com\/index.php?rest_route=\/wp\/v2\/posts\/9557","targetHints":{"allow":["GET"]}}],"collection":[{"href":"https:\/\/gazetaregionalna.com\/index.php?rest_route=\/wp\/v2\/posts"}],"about":[{"href":"https:\/\/gazetaregionalna.com\/index.php?rest_route=\/wp\/v2\/types\/post"}],"author":[{"embeddable":true,"href":"https:\/\/gazetaregionalna.com\/index.php?rest_route=\/wp\/v2\/users\/7"}],"replies":[{"embeddable":true,"href":"https:\/\/gazetaregionalna.com\/index.php?rest_route=%2Fwp%2Fv2%2Fcomments&post=9557"}],"version-history":[{"count":1,"href":"https:\/\/gazetaregionalna.com\/index.php?rest_route=\/wp\/v2\/posts\/9557\/revisions"}],"predecessor-version":[{"id":9559,"href":"https:\/\/gazetaregionalna.com\/index.php?rest_route=\/wp\/v2\/posts\/9557\/revisions\/9559"}],"wp:attachment":[{"href":"https:\/\/gazetaregionalna.com\/index.php?rest_route=%2Fwp%2Fv2%2Fmedia&parent=9557"}],"wp:term":[{"taxonomy":"category","embeddable":true,"href":"https:\/\/gazetaregionalna.com\/index.php?rest_route=%2Fwp%2Fv2%2Fcategories&post=9557"},{"taxonomy":"post_tag","embeddable":true,"href":"https:\/\/gazetaregionalna.com\/index.php?rest_route=%2Fwp%2Fv2%2Ftags&post=9557"}],"curies":[{"name":"wp","href":"https:\/\/api.w.org\/{rel}","templated":true}]}}