{"id":9540,"date":"2020-01-25T18:28:03","date_gmt":"2020-01-25T18:28:03","guid":{"rendered":"https:\/\/gazetaregionalna.com\/?p=9540"},"modified":"2020-01-25T18:28:06","modified_gmt":"2020-01-25T18:28:06","slug":"przyjdz-obejrzyj-i-kup-rybke-lub-kanarka","status":"publish","type":"post","link":"https:\/\/gazetaregionalna.com\/?p=9540","title":{"rendered":"Przyjd\u017a, obejrzyj i kup rybk\u0119 lub kanarka"},"content":{"rendered":"\n<p>Jutro nie lada gratka dla mi\u0142o\u015bnik\u00f3w ptak\u00f3w egzotycznych, a tak\u017ce akwaryst\u00f3w. W VI Liceum Og\u00f3lnokszta\u0142c\u0105cym im. J. D\u0105browskiego przy ul. \u0141ukasi\u0144skiego 40 odb\u0119dzie si\u0119 &#8222;Gie\u0142da ryb, ro\u015blin i ptak\u00f3w egzotycznych&#8221;. Organizatorem gie\u0142dy jest Liga Ochrony Przyrody, Klub Akwaryst\u00f3w. <br>\nStart godzina 10.<\/p>\n","protected":false},"excerpt":{"rendered":"<p>Jutro nie lada gratka dla mi\u0142o\u015bnik\u00f3w ptak\u00f3w egzotycznych, a tak\u017ce akwaryst\u00f3w. W VI Liceum Og\u00f3lnokszta\u0142c\u0105cym im. J. D\u0105browskiego przy ul. \u0141ukasi\u0144skiego 40 odb\u0119dzie si\u0119<\/p>\n","protected":false},"author":7,"featured_media":0,"comment_status":"open","ping_status":"open","sticky":false,"template":"","format":"standard","meta":{"_monsterinsights_skip_tracking":false,"_monsterinsights_sitenote_active":false,"_monsterinsights_sitenote_note":"","_monsterinsights_sitenote_category":0,"_uf_show_specific_survey":0,"_uf_disable_surveys":false,"footnotes":""},"categories":[3,94,2],"tags":[],"class_list":["post-9540","post","type-post","status-publish","format-standard","hentry","category-czestochowa-informacje","category-polecane","category-wiadomosci"],"_links":{"self":[{"href":"https:\/\/gazetaregionalna.com\/index.php?rest_route=\/wp\/v2\/posts\/9540","targetHints":{"allow":["GET"]}}],"collection":[{"href":"https:\/\/gazetaregionalna.com\/index.php?rest_route=\/wp\/v2\/posts"}],"about":[{"href":"https:\/\/gazetaregionalna.com\/index.php?rest_route=\/wp\/v2\/types\/post"}],"author":[{"embeddable":true,"href":"https:\/\/gazetaregionalna.com\/index.php?rest_route=\/wp\/v2\/users\/7"}],"replies":[{"embeddable":true,"href":"https:\/\/gazetaregionalna.com\/index.php?rest_route=%2Fwp%2Fv2%2Fcomments&post=9540"}],"version-history":[{"count":1,"href":"https:\/\/gazetaregionalna.com\/index.php?rest_route=\/wp\/v2\/posts\/9540\/revisions"}],"predecessor-version":[{"id":9542,"href":"https:\/\/gazetaregionalna.com\/index.php?rest_route=\/wp\/v2\/posts\/9540\/revisions\/9542"}],"wp:attachment":[{"href":"https:\/\/gazetaregionalna.com\/index.php?rest_route=%2Fwp%2Fv2%2Fmedia&parent=9540"}],"wp:term":[{"taxonomy":"category","embeddable":true,"href":"https:\/\/gazetaregionalna.com\/index.php?rest_route=%2Fwp%2Fv2%2Fcategories&post=9540"},{"taxonomy":"post_tag","embeddable":true,"href":"https:\/\/gazetaregionalna.com\/index.php?rest_route=%2Fwp%2Fv2%2Ftags&post=9540"}],"curies":[{"name":"wp","href":"https:\/\/api.w.org\/{rel}","templated":true}]}}