{"id":95350,"date":"2022-10-21T16:19:36","date_gmt":"2022-10-21T16:19:36","guid":{"rendered":"https:\/\/gazetaregionalna.com\/?p=95350"},"modified":"2022-10-21T16:19:47","modified_gmt":"2022-10-21T16:19:47","slug":"siatkarki-silesia-czestochowa-zagraja-w-walbrzychu","status":"publish","type":"post","link":"https:\/\/gazetaregionalna.com\/?p=95350","title":{"rendered":"Siatkarki Silesia Cz\u0119stochowa zagraj\u0105 w Wa\u0142brzychu"},"content":{"rendered":"\n<p>Siatkarki Silesia Cz\u0119stochowa o punkty w 2 lidze b\u0119d\u0105 rywalizowa\u0107 w sobot\u0119 w Wa\u0142brzychu z Che\u0142mcem.<\/p>\n\n\n\n<p>Rozgrywki w 2 lidze kobiet rozkr\u0119caj\u0105 si\u0119. Siatkarki maj\u0105 ju\u017c za sob\u0105 3 kolejki spotka\u0144. Cz\u0119stochowskie zawodniczki po maj\u0105 6 punkt\u00f3w i s\u0105 na 4. pozycji. Che\u0142miec ma 7 punkt\u00f3w i zajmuje 3. miejsce. Je\u015bli cz\u0119stochowianki pokusz\u0105 si\u0119 w Wa\u0142brzychu o zwyci\u0119stwo to na pewno awansuj\u0105 w tabeli.<\/p>\n\n\n\n<p>AK, fot: Marcin Haberko <\/p>\n\n\n\n<figure class=\"wp-block-image size-large\"><img decoding=\"async\" width=\"1024\" height=\"683\" data-src=\"https:\/\/gazetaregionalna.com\/wp-content\/uploads\/2022\/10\/Silesia-Czestocvhowa-fot-Marcin-Haberko-6-1024x683.jpg\" alt=\"\" class=\"wp-image-94230 lazyload\" data-srcset=\"https:\/\/gazetaregionalna.com\/wp-content\/uploads\/2022\/10\/Silesia-Czestocvhowa-fot-Marcin-Haberko-6-1024x683.jpg 1024w, https:\/\/gazetaregionalna.com\/wp-content\/uploads\/2022\/10\/Silesia-Czestocvhowa-fot-Marcin-Haberko-6-300x200.jpg 300w, https:\/\/gazetaregionalna.com\/wp-content\/uploads\/2022\/10\/Silesia-Czestocvhowa-fot-Marcin-Haberko-6-768x512.jpg 768w, https:\/\/gazetaregionalna.com\/wp-content\/uploads\/2022\/10\/Silesia-Czestocvhowa-fot-Marcin-Haberko-6-1536x1024.jpg 1536w, https:\/\/gazetaregionalna.com\/wp-content\/uploads\/2022\/10\/Silesia-Czestocvhowa-fot-Marcin-Haberko-6-696x464.jpg 696w, https:\/\/gazetaregionalna.com\/wp-content\/uploads\/2022\/10\/Silesia-Czestocvhowa-fot-Marcin-Haberko-6-1068x712.jpg 1068w, https:\/\/gazetaregionalna.com\/wp-content\/uploads\/2022\/10\/Silesia-Czestocvhowa-fot-Marcin-Haberko-6-1920x1280.jpg 1920w, https:\/\/gazetaregionalna.com\/wp-content\/uploads\/2022\/10\/Silesia-Czestocvhowa-fot-Marcin-Haberko-6-630x420.jpg 630w, https:\/\/gazetaregionalna.com\/wp-content\/uploads\/2022\/10\/Silesia-Czestocvhowa-fot-Marcin-Haberko-6-scaled.jpg 1600w\" data-sizes=\"(max-width: 1024px) 100vw, 1024px\" src=\"data:image\/svg+xml;base64,PHN2ZyB3aWR0aD0iMSIgaGVpZ2h0PSIxIiB4bWxucz0iaHR0cDovL3d3dy53My5vcmcvMjAwMC9zdmciPjwvc3ZnPg==\" style=\"--smush-placeholder-width: 1024px; --smush-placeholder-aspect-ratio: 1024\/683;\" \/><\/figure>\n\n\n\n<figure class=\"wp-block-image size-large\"><img decoding=\"async\" width=\"300\" height=\"250\" data-src=\"https:\/\/gazetaregionalna.com\/wp-content\/uploads\/2022\/04\/DMK-2.jpg\" alt=\"\" class=\"wp-image-77210 lazyload\" src=\"data:image\/svg+xml;base64,PHN2ZyB3aWR0aD0iMSIgaGVpZ2h0PSIxIiB4bWxucz0iaHR0cDovL3d3dy53My5vcmcvMjAwMC9zdmciPjwvc3ZnPg==\" style=\"--smush-placeholder-width: 300px; --smush-placeholder-aspect-ratio: 300\/250;\"><\/figure>\n","protected":false},"excerpt":{"rendered":"<p>Siatkarki Silesia Cz\u0119stochowa o punkty w 2 lidze b\u0119d\u0105 rywalizowa\u0107 w sobot\u0119 w Wa\u0142brzychu z Che\u0142mcem. Rozgrywki w 2 lidze kobiet rozkr\u0119caj\u0105 si\u0119. Siatkarki<\/p>\n","protected":false},"author":15,"featured_media":94230,"comment_status":"closed","ping_status":"open","sticky":false,"template":"","format":"standard","meta":{"_monsterinsights_skip_tracking":false,"_monsterinsights_sitenote_active":false,"_monsterinsights_sitenote_note":"","_monsterinsights_sitenote_category":0,"_uf_show_specific_survey":0,"_uf_disable_surveys":false,"footnotes":""},"categories":[5,8],"tags":[],"class_list":["post-95350","post","type-post","status-publish","format-standard","has-post-thumbnail","hentry","category-sport","category-siatkowka"],"_links":{"self":[{"href":"https:\/\/gazetaregionalna.com\/index.php?rest_route=\/wp\/v2\/posts\/95350","targetHints":{"allow":["GET"]}}],"collection":[{"href":"https:\/\/gazetaregionalna.com\/index.php?rest_route=\/wp\/v2\/posts"}],"about":[{"href":"https:\/\/gazetaregionalna.com\/index.php?rest_route=\/wp\/v2\/types\/post"}],"author":[{"embeddable":true,"href":"https:\/\/gazetaregionalna.com\/index.php?rest_route=\/wp\/v2\/users\/15"}],"replies":[{"embeddable":true,"href":"https:\/\/gazetaregionalna.com\/index.php?rest_route=%2Fwp%2Fv2%2Fcomments&post=95350"}],"version-history":[{"count":1,"href":"https:\/\/gazetaregionalna.com\/index.php?rest_route=\/wp\/v2\/posts\/95350\/revisions"}],"predecessor-version":[{"id":95351,"href":"https:\/\/gazetaregionalna.com\/index.php?rest_route=\/wp\/v2\/posts\/95350\/revisions\/95351"}],"wp:featuredmedia":[{"embeddable":true,"href":"https:\/\/gazetaregionalna.com\/index.php?rest_route=\/wp\/v2\/media\/94230"}],"wp:attachment":[{"href":"https:\/\/gazetaregionalna.com\/index.php?rest_route=%2Fwp%2Fv2%2Fmedia&parent=95350"}],"wp:term":[{"taxonomy":"category","embeddable":true,"href":"https:\/\/gazetaregionalna.com\/index.php?rest_route=%2Fwp%2Fv2%2Fcategories&post=95350"},{"taxonomy":"post_tag","embeddable":true,"href":"https:\/\/gazetaregionalna.com\/index.php?rest_route=%2Fwp%2Fv2%2Ftags&post=95350"}],"curies":[{"name":"wp","href":"https:\/\/api.w.org\/{rel}","templated":true}]}}