{"id":9533,"date":"2020-01-24T12:05:08","date_gmt":"2020-01-24T12:05:08","guid":{"rendered":"https:\/\/gazetaregionalna.com\/?p=9533"},"modified":"2020-01-24T12:05:11","modified_gmt":"2020-01-24T12:05:11","slug":"sto-lat-minelo-jak-jeden-dzien","status":"publish","type":"post","link":"https:\/\/gazetaregionalna.com\/?p=9533","title":{"rendered":"Sto lat min\u0119\u0142o jak jeden dzie\u0144"},"content":{"rendered":"\n<p> Kwiaty i \u017cyczenia od prezydenta Radomska Jaros\u0142awa Ferenca, kierownik Urz\u0119du Stanu Cywilnego Ma\u0142gorzaty Morawskiej oraz zast\u0119pcy dyrektora Miejskiego O\u015brodka Pomocy Spo\u0142ecznej Beaty Kotlickiej otrzyma\u0142a dzisiaj radomszczanka, pani Zofia  Wojtala. Pow\u00f3d do \u015bwi\u0119towania by\u0142 nie byle jaki. Pani Zofia sko\u0144czy\u0142a w\u0142a\u015bnie sto lat.<\/p>\n\n\n\n<figure class=\"wp-block-image\"><img decoding=\"async\" width=\"788\" height=\"390\" data-src=\"https:\/\/gazetaregionalna.com\/wp-content\/uploads\/2020\/01\/stulatka1.jpg\" alt=\"\" class=\"wp-image-9534 lazyload\" data-srcset=\"https:\/\/gazetaregionalna.com\/wp-content\/uploads\/2020\/01\/stulatka1.jpg 788w, https:\/\/gazetaregionalna.com\/wp-content\/uploads\/2020\/01\/stulatka1-300x148.jpg 300w, https:\/\/gazetaregionalna.com\/wp-content\/uploads\/2020\/01\/stulatka1-768x380.jpg 768w, https:\/\/gazetaregionalna.com\/wp-content\/uploads\/2020\/01\/stulatka1-324x160.jpg 324w, https:\/\/gazetaregionalna.com\/wp-content\/uploads\/2020\/01\/stulatka1-696x344.jpg 696w\" data-sizes=\"(max-width: 788px) 100vw, 788px\" src=\"data:image\/svg+xml;base64,PHN2ZyB3aWR0aD0iMSIgaGVpZ2h0PSIxIiB4bWxucz0iaHR0cDovL3d3dy53My5vcmcvMjAwMC9zdmciPjwvc3ZnPg==\" style=\"--smush-placeholder-width: 788px; --smush-placeholder-aspect-ratio: 788\/390;\" \/><\/figure>\n\n\n\n<p> Go\u015bcie \u017cyczyli dostojnej jubilatce zdrowia, szcz\u0119\u015bcia i jeszcze wielu, wielu lat \u017cycia. Tym razem zamiast tradycyjnego \u201eSto lat\u201d rozbrzmiewa\u0142o dla pani Zofii \u201eDwie\u015bcie lat\u201d.<\/p>\n\n\n\n<p>(\u0179r\u00f3d\u0142o: UM\nRadomsko)<\/p>\n","protected":false},"excerpt":{"rendered":"<p>Kwiaty i \u017cyczenia od prezydenta Radomska Jaros\u0142awa Ferenca, kierownik Urz\u0119du Stanu Cywilnego Ma\u0142gorzaty Morawskiej oraz zast\u0119pcy dyrektora Miejskiego O\u015brodka Pomocy Spo\u0142ecznej Beaty Kotlickiej otrzyma\u0142a<\/p>\n","protected":false},"author":7,"featured_media":9535,"comment_status":"open","ping_status":"open","sticky":false,"template":"","format":"standard","meta":{"_monsterinsights_skip_tracking":false,"_monsterinsights_sitenote_active":false,"_monsterinsights_sitenote_note":"","_monsterinsights_sitenote_category":0,"_uf_show_specific_survey":0,"_uf_disable_surveys":false,"footnotes":""},"categories":[94,28,2],"tags":[],"class_list":["post-9533","post","type-post","status-publish","format-standard","has-post-thumbnail","hentry","category-polecane","category-radomsko","category-wiadomosci"],"_links":{"self":[{"href":"https:\/\/gazetaregionalna.com\/index.php?rest_route=\/wp\/v2\/posts\/9533","targetHints":{"allow":["GET"]}}],"collection":[{"href":"https:\/\/gazetaregionalna.com\/index.php?rest_route=\/wp\/v2\/posts"}],"about":[{"href":"https:\/\/gazetaregionalna.com\/index.php?rest_route=\/wp\/v2\/types\/post"}],"author":[{"embeddable":true,"href":"https:\/\/gazetaregionalna.com\/index.php?rest_route=\/wp\/v2\/users\/7"}],"replies":[{"embeddable":true,"href":"https:\/\/gazetaregionalna.com\/index.php?rest_route=%2Fwp%2Fv2%2Fcomments&post=9533"}],"version-history":[{"count":1,"href":"https:\/\/gazetaregionalna.com\/index.php?rest_route=\/wp\/v2\/posts\/9533\/revisions"}],"predecessor-version":[{"id":9536,"href":"https:\/\/gazetaregionalna.com\/index.php?rest_route=\/wp\/v2\/posts\/9533\/revisions\/9536"}],"wp:featuredmedia":[{"embeddable":true,"href":"https:\/\/gazetaregionalna.com\/index.php?rest_route=\/wp\/v2\/media\/9535"}],"wp:attachment":[{"href":"https:\/\/gazetaregionalna.com\/index.php?rest_route=%2Fwp%2Fv2%2Fmedia&parent=9533"}],"wp:term":[{"taxonomy":"category","embeddable":true,"href":"https:\/\/gazetaregionalna.com\/index.php?rest_route=%2Fwp%2Fv2%2Fcategories&post=9533"},{"taxonomy":"post_tag","embeddable":true,"href":"https:\/\/gazetaregionalna.com\/index.php?rest_route=%2Fwp%2Fv2%2Ftags&post=9533"}],"curies":[{"name":"wp","href":"https:\/\/api.w.org\/{rel}","templated":true}]}}