{"id":9529,"date":"2020-01-24T11:39:48","date_gmt":"2020-01-24T11:39:48","guid":{"rendered":"https:\/\/gazetaregionalna.com\/?p=9529"},"modified":"2020-01-24T11:39:51","modified_gmt":"2020-01-24T11:39:51","slug":"bezpieczny-powrot-z-wakacji-zimowych","status":"publish","type":"post","link":"https:\/\/gazetaregionalna.com\/?p=9529","title":{"rendered":"Bezpieczny powr\u00f3t z wakacji zimowych"},"content":{"rendered":"\n<h2 class=\"wp-block-heading\">W najbli\u017cszy weekend policja w wojew\u00f3dztwie \u015bl\u0105skim prowadzi\u0107 b\u0119dzie  akcj\u0119 pod has\u0142em: \u201eBezpieczne ferie\u201d. W poniedzia\u0142ek w wojew\u00f3dztwie \u015bl\u0105skich uczniowie powr\u00f3c\u0105 do nauki po dwutygodniowej przerwie. Wielu z nich b\u0119dzie w\u0142a\u015bnie w sobot\u0119 lub niedziel\u0119 wraca\u0107 z zimowych ferii\u00a0lub rodzinnych wypad\u00f3w w g\u00f3ry. Policja spodziewa si\u0119 wi\u0119c wzmo\u017conego ruchu na drogach.<\/h2>\n\n\n\n<figure class=\"wp-block-image\"><img decoding=\"async\" width=\"970\" height=\"645\" data-src=\"https:\/\/gazetaregionalna.com\/wp-content\/uploads\/2020\/01\/kontrole2.jpg\" alt=\"\" class=\"wp-image-9530 lazyload\" data-srcset=\"https:\/\/gazetaregionalna.com\/wp-content\/uploads\/2020\/01\/kontrole2.jpg 970w, https:\/\/gazetaregionalna.com\/wp-content\/uploads\/2020\/01\/kontrole2-300x199.jpg 300w, https:\/\/gazetaregionalna.com\/wp-content\/uploads\/2020\/01\/kontrole2-768x511.jpg 768w, https:\/\/gazetaregionalna.com\/wp-content\/uploads\/2020\/01\/kontrole2-696x463.jpg 696w, https:\/\/gazetaregionalna.com\/wp-content\/uploads\/2020\/01\/kontrole2-632x420.jpg 632w\" data-sizes=\"(max-width: 970px) 100vw, 970px\" src=\"data:image\/svg+xml;base64,PHN2ZyB3aWR0aD0iMSIgaGVpZ2h0PSIxIiB4bWxucz0iaHR0cDovL3d3dy53My5vcmcvMjAwMC9zdmciPjwvc3ZnPg==\" style=\"--smush-placeholder-width: 970px; --smush-placeholder-aspect-ratio: 970\/645;\" \/><\/figure>\n\n\n\n<p><br> Jak informuje Komenda Miejska Policji w Cz\u0119stochowie, ze wzgl\u0119du na\u00a0wi\u0119kszy\u00a0 ruch ko\u0142owy, na drogach Cz\u0119stochowy pojawi si\u0119 wi\u0119cej patroli drog\u00f3wki, kt\u00f3re b\u0119d\u0105 dba\u0107 o bezpiecze\u0144stwo podr\u00f3\u017cnych. Podobnie jak na pocz\u0105tku zimowych wakacji, policjanci z ruchu drogowego zwraca\u0107 b\u0119d\u0105 szczeg\u00f3ln\u0105 uwag\u0119 na spos\u00f3b przewo\u017cenia dzieci zar\u00f3wno w autobusach, jak i w samochodach osobowych, a tak\u017ce na stan techniczny pojazd\u00f3w, spos\u00f3b przewo\u017cenia baga\u017cy, czas pracy kierowc\u00f3w (w przypadku przewoz\u00f3w autobusowych). Sprawdzaj\u0105 te\u017c stan trze\u017awo\u015bci kieruj\u0105cych.<br> Kierowcy mog\u0105 si\u0119 spodziewa\u0107 wi\u0119kszej liczby oznakowanych i nieoznakowanych radiowoz\u00f3w z\u00a0videorejestratorami. Jak zapowiada cz\u0119stochowska komenda, dla pirat\u00f3w drogowych, kt\u00f3rzy swoim zachowaniem ryzykuj\u0105 nie tylko w\u0142asne, ale i cudze \u017cycie nie b\u0119dzie taryfy ulgowej.<br> (\u0179r\u00f3d\u0142o: KMP Cz\u0119stochowa)  <\/p>\n","protected":false},"excerpt":{"rendered":"<p>W najbli\u017cszy weekend policja w wojew\u00f3dztwie \u015bl\u0105skim prowadzi\u0107 b\u0119dzie akcj\u0119 pod has\u0142em: \u201eBezpieczne ferie\u201d. W poniedzia\u0142ek w wojew\u00f3dztwie \u015bl\u0105skich uczniowie powr\u00f3c\u0105 do nauki po<\/p>\n","protected":false},"author":7,"featured_media":9531,"comment_status":"open","ping_status":"open","sticky":false,"template":"","format":"standard","meta":{"_monsterinsights_skip_tracking":false,"_monsterinsights_sitenote_active":false,"_monsterinsights_sitenote_note":"","_monsterinsights_sitenote_category":0,"_uf_show_specific_survey":0,"_uf_disable_surveys":false,"footnotes":""},"categories":[44,3,94,2],"tags":[],"class_list":["post-9529","post","type-post","status-publish","format-standard","has-post-thumbnail","hentry","category-bezpieczenstwo","category-czestochowa-informacje","category-polecane","category-wiadomosci"],"_links":{"self":[{"href":"https:\/\/gazetaregionalna.com\/index.php?rest_route=\/wp\/v2\/posts\/9529","targetHints":{"allow":["GET"]}}],"collection":[{"href":"https:\/\/gazetaregionalna.com\/index.php?rest_route=\/wp\/v2\/posts"}],"about":[{"href":"https:\/\/gazetaregionalna.com\/index.php?rest_route=\/wp\/v2\/types\/post"}],"author":[{"embeddable":true,"href":"https:\/\/gazetaregionalna.com\/index.php?rest_route=\/wp\/v2\/users\/7"}],"replies":[{"embeddable":true,"href":"https:\/\/gazetaregionalna.com\/index.php?rest_route=%2Fwp%2Fv2%2Fcomments&post=9529"}],"version-history":[{"count":1,"href":"https:\/\/gazetaregionalna.com\/index.php?rest_route=\/wp\/v2\/posts\/9529\/revisions"}],"predecessor-version":[{"id":9532,"href":"https:\/\/gazetaregionalna.com\/index.php?rest_route=\/wp\/v2\/posts\/9529\/revisions\/9532"}],"wp:featuredmedia":[{"embeddable":true,"href":"https:\/\/gazetaregionalna.com\/index.php?rest_route=\/wp\/v2\/media\/9531"}],"wp:attachment":[{"href":"https:\/\/gazetaregionalna.com\/index.php?rest_route=%2Fwp%2Fv2%2Fmedia&parent=9529"}],"wp:term":[{"taxonomy":"category","embeddable":true,"href":"https:\/\/gazetaregionalna.com\/index.php?rest_route=%2Fwp%2Fv2%2Fcategories&post=9529"},{"taxonomy":"post_tag","embeddable":true,"href":"https:\/\/gazetaregionalna.com\/index.php?rest_route=%2Fwp%2Fv2%2Ftags&post=9529"}],"curies":[{"name":"wp","href":"https:\/\/api.w.org\/{rel}","templated":true}]}}